{"id":2958,"date":"2023-12-14T10:00:50","date_gmt":"2023-12-14T10:00:50","guid":{"rendered":"https:\/\/www.retedeldono.it\/magazine\/?p=2958"},"modified":"2024-01-03T08:33:47","modified_gmt":"2024-01-03T08:33:47","slug":"fondazione-di-modena-bando-crowdfunding","status":"publish","type":"post","link":"https:\/\/www.retedeldono.it\/magazine\/fondazione-di-modena-bando-crowdfunding\/","title":{"rendered":"Fondazione di Modena scommette sul Crowdfunding"},"content":{"rendered":"<p>Un modo diverso di immaginare il proprio ruolo di\u00a0Fondazione\u00a0sta alla base della nuova iniziativa di\u00a0<a href=\"https:\/\/www.fondazionedimodena.it\/\"><strong>Fondazione\u00a0di\u00a0Modena<\/strong><\/a>. Un Bando che ha come obiettivo l\u2019attivazione delle comunit\u00e0, ma anche degli Enti del Terzo Settore del proprio territorio a cui \u00e8 richiesto di mettersi in discussione per acquisire nuove competenze e favorire la transizione digitale.<\/p>\n<p>&nbsp;<\/p>\n<h1><strong>Fondazione di Modena Bando Crowdfunding 2023<\/strong><\/h1>\n<p>Fondazione\u00a0di\u00a0Modena\u00a0persegue scopi di utilit\u00e0, solidariet\u00e0 e di promozione dello sviluppo economico, sociale, culturale, scientifico, umano, etico e civile del suo territorio di elezione.\u00a0\u201c<em>Da qualche anno<\/em>\u00a0&#8211; spiega\u00a0<strong>Thomas Bastianel, Direttore Operativo<\/strong>\u00a0&#8211;\u00a0<em>stiamo ripensando alle modalit\u00e0 di erogazione e ai nostri strumenti di intervento. Non sono pi\u00f9 solo i contributi a fondo perduto e le erogazioni dirette la modalit\u00e0 pi\u00f9 adeguata per avere un impatto, ma abbiamo deciso di occuparci di una serie di attivit\u00e0 complementari\u201d<\/em>. Da qui l\u2019idea del <a href=\"https:\/\/www.retedeldono.it\/it\/fondazione-modena-bando-crowdfunding\"><strong>Bando Crowdfunding 2023<\/strong><\/a>, promosso in collaborazione con\u00a0<a href=\"https:\/\/www.csvterrestensi.it\/\"><strong>CSV Terre Estensi<\/strong><\/a> per aumentare la capacit\u00e0 degli enti di avvicinare un pubblico pi\u00f9 ampio di donatori e volontari.<\/p>\n<p>&nbsp;<\/p>\n<h2><strong>Bando Crowdfunding: tre obiettivi precisi<\/strong><\/h2>\n<p>Rivolto agli ETS che svolgono le proprie attivit\u00e0 nella provincia di\u00a0Modena, il bando si pone gli obiettivi di\u00a0<strong>aumentare la partecipazione attiva delle comunit\u00e0\u00a0<\/strong>su tematiche sociali e culturali,\u00a0<strong>ampliare le competenze delle organizzazioni<\/strong>\u00a0nella realizzazione di progetti che abbiano un impatto sul territorio e utilizzare\u00a0<strong>nuove tecnologie digitali<\/strong>\u00a0di comunicazione e raccolta fondi per diffondere e sostenere i propri progetti.\u00a0\u201c<em>Il nostro ruolo qui \u00e8 dare strumenti di\u00a0<strong>capacity building<\/strong><\/em> <em>alle realt\u00e0 che sosteniamo, per accompagnarle verso una maggiore sostenibilit\u00e0. Fonti di finanziamento sono servizi, bandi, contributi pubblici ma anche il fundraising. In questo abbiamo individuato <strong>Rete del Dono<\/strong><\/em> <em>come partner affidabile\u201d<\/em>.<\/p>\n<p>&nbsp;<\/p>\n<h3><strong>Ottima partecipazione<\/strong><\/h3>\n<p>Il bisogno di formazione sul digitale e sulla raccolta fondi \u00e8 stato confermato dal\u00a0<strong>sondaggio preliminare<\/strong>\u00a0di CSV Terre Estensi, e cos\u00ec il bando ha puntato tanto su questa specificit\u00e0.\u00a0\u201c<em>La risposta \u00e8 stata sorprendente, con una\u00a0<strong>50ina di soggetti interessati<\/strong><\/em>\u00a0<em>che hanno partecipato alla presentazione. Poi, tra gli 11 progetti candidati, ne abbiamo scelti 6 e non i 5 previsti inizialmente. Questo a testimonianza della qualit\u00e0 delle proposte che ci sono pervenute. Siamo entrati in contatto con una\u00a0<strong>grande variet\u00e0 di soggetti<\/strong>, da associazioni sportive a cooperative sociali, da Odv ad Aps. Tra essi, anche realt\u00e0 che non avevamo mai incrociato nelle nostre attivit\u00e0\u201d<\/em>.<\/p>\n<p>&nbsp;<\/p>\n<h2><strong>Il nuovo ruolo di\u00a0Fondazione\u00a0di\u00a0Modena<\/strong><\/h2>\n<p>Dopo la selezione, \u00e8 cominciato il percorso di capacity building e ora le campagne di raccolta fondi hanno preso il via. Al termine delle campagne,\u00a0Fondazione\u00a0di\u00a0Modena\u00a0<strong>raddoppier\u00e0 le donazioni raccolte fino a un importo massimo di 5.000 euro<\/strong>\u00a0per ciascun progetto.\u00a0\u201c<em>In questa fase forniamo\u00a0<strong>consulenza sulla mappatura degli stakeholder, l\u2019individuazione dei partner pi\u00f9 funzionali, il budget, la valutazione d\u2019impatto<\/strong>. Affiancare il contributo economico a un lavoro di monitoraggio non ci semplifica la vita, ma lo riteniamo strategico per favorire una\u00a0<strong>crescita generalizzata<\/strong><\/em>\u00a0<em>delle nostre organizzazioni e non semplicemente dar loro la possibilit\u00e0 di realizzare un singolo progetto dalla durata limitata\u201d<\/em>.<\/p>\n<p>&nbsp;<\/p>\n<h3><strong>Idee per il futuro<\/strong><\/h3>\n<p>E la strada \u00e8 quella corretta.\u00a0\u201c<em>Diverse realt\u00e0 che non sono state selezionate ci hanno chiesto la possibilit\u00e0 almeno di seguire i corsi, segno che stiamo agendo su un\u00a0<strong>bisogno molto sentito<\/strong>. Sono molto richiesti anche momenti di confronto, oltre che di formazione sulla comunicazione digitale. L\u2019idea per il futuro \u00e8 di\u00a0<strong>allargare il bacino dei partecipanti<\/strong>, magari anche proponendo obiettivi di raccolta meno ambiziosi ma pi\u00f9 abbordabili da realt\u00e0 medio piccole\u201d<\/em>.<\/p>\n","protected":false},"excerpt":{"rendered":"<p>Un modo diverso di immaginare il proprio ruolo di\u00a0Fondazione\u00a0sta alla base della nuova iniziativa di\u00a0Fondazione\u00a0di\u00a0Modena. Un Bando che ha come obiettivo l\u2019attivazione delle comunit\u00e0, ma anche degli Enti del Terzo&#8230;<\/p>\n","protected":false},"author":11,"featured_media":2960,"comment_status":"open","ping_status":"open","sticky":true,"template":"","format":"standard","meta":{"_acf_changed":false,"footnotes":""},"categories":[13],"tags":[],"class_list":{"0":"post-2958","1":"post","2":"type-post","3":"status-publish","4":"format-standard","5":"has-post-thumbnail","7":"category-crowdfunding"},"acf":{"homepage_rdd":true},"yoast_head":"<!-- This site is optimized with the Yoast SEO plugin v27.5 - https:\/\/yoast.com\/product\/yoast-seo-wordpress\/ -->\n<title>Fondazione di Modena Crowdfunding | Rete del Dono Magazine<\/title>\n<meta name=\"description\" content=\"Grazie al Bando Crowdfunding Fondazione di Modena incentiva gli Enti del Terzo Settore del territorio a promuovere una campagna digitale.\" \/>\n<meta name=\"robots\" content=\"index, follow, max-snippet:-1, max-image-preview:large, max-video-preview:-1\" \/>\n<link rel=\"canonical\" href=\"https:\/\/www.retedeldono.it\/magazine\/fondazione-di-modena-bando-crowdfunding\/\" \/>\n<meta property=\"og:locale\" content=\"it_IT\" \/>\n<meta property=\"og:type\" content=\"article\" \/>\n<meta property=\"og:title\" content=\"Fondazione di Modena Crowdfunding\" \/>\n<meta property=\"og:description\" content=\"Grazie al Bando Crowdfunding Fondazione di Modena incentiva gli Enti del Terzo Settore del territorio a promuovere una campagna digitale.\" \/>\n<meta property=\"og:url\" content=\"https:\/\/www.retedeldono.it\/magazine\/fondazione-di-modena-bando-crowdfunding\/\" \/>\n<meta property=\"og:site_name\" content=\"Rete del Dono Magazine\" \/>\n<meta property=\"article:publisher\" content=\"https:\/\/www.facebook.com\/retedeldono\/\" \/>\n<meta property=\"article:published_time\" content=\"2023-12-14T10:00:50+00:00\" \/>\n<meta property=\"article:modified_time\" content=\"2024-01-03T08:33:47+00:00\" \/>\n<meta property=\"og:image\" content=\"https:\/\/magazine.retedeldono.it\/wp-content\/uploads\/2024\/01\/rete-del-dono-magazine-fondazione-modena-1.png\" \/>\n\t<meta property=\"og:image:width\" content=\"1000\" \/>\n\t<meta property=\"og:image:height\" content=\"700\" \/>\n\t<meta property=\"og:image:type\" content=\"image\/png\" \/>\n<meta name=\"author\" content=\"Elisa Rosso\" \/>\n<meta name=\"twitter:card\" content=\"summary_large_image\" \/>\n<meta name=\"twitter:title\" content=\"Fondazione di Modena Crowdfunding\" \/>\n<meta name=\"twitter:description\" content=\"Grazie al Bando Crowdfunding Fondazione di Modena incentiva gli Enti del Terzo Settore del territorio a promuovere una campagna digitale.\" \/>\n<meta name=\"twitter:image\" content=\"https:\/\/magazine.retedeldono.it\/wp-content\/uploads\/2024\/01\/rete-del-dono-magazine-fondazione-modena-1.png\" \/>\n<meta name=\"twitter:label1\" content=\"Scritto da\" \/>\n\t<meta name=\"twitter:data1\" content=\"Elisa Rosso\" \/>\n\t<meta name=\"twitter:label2\" content=\"Tempo di lettura stimato\" \/>\n\t<meta name=\"twitter:data2\" content=\"4 minuti\" \/>\n<script type=\"application\/ld+json\" class=\"yoast-schema-graph\">{\"@context\":\"https:\\\/\\\/schema.org\",\"@graph\":[{\"@type\":\"Article\",\"@id\":\"https:\\\/\\\/www.retedeldono.it\\\/magazine\\\/fondazione-di-modena-bando-crowdfunding\\\/#article\",\"isPartOf\":{\"@id\":\"https:\\\/\\\/www.retedeldono.it\\\/magazine\\\/fondazione-di-modena-bando-crowdfunding\\\/\"},\"author\":{\"name\":\"Elisa Rosso\",\"@id\":\"https:\\\/\\\/www.retedeldono.it\\\/magazine\\\/#\\\/schema\\\/person\\\/dd55a2becb70a4059624bae094c03583\"},\"headline\":\"Fondazione di Modena scommette sul Crowdfunding\",\"datePublished\":\"2023-12-14T10:00:50+00:00\",\"dateModified\":\"2024-01-03T08:33:47+00:00\",\"mainEntityOfPage\":{\"@id\":\"https:\\\/\\\/www.retedeldono.it\\\/magazine\\\/fondazione-di-modena-bando-crowdfunding\\\/\"},\"wordCount\":577,\"commentCount\":0,\"image\":{\"@id\":\"https:\\\/\\\/www.retedeldono.it\\\/magazine\\\/fondazione-di-modena-bando-crowdfunding\\\/#primaryimage\"},\"thumbnailUrl\":\"https:\\\/\\\/magazine.retedeldono.it\\\/wp-content\\\/uploads\\\/2024\\\/01\\\/rete-del-dono-magazine-fondazione-modena-2.png\",\"articleSection\":[\"Crowdfunding\"],\"inLanguage\":\"it-IT\",\"potentialAction\":[{\"@type\":\"CommentAction\",\"name\":\"Comment\",\"target\":[\"https:\\\/\\\/www.retedeldono.it\\\/magazine\\\/fondazione-di-modena-bando-crowdfunding\\\/#respond\"]}]},{\"@type\":\"WebPage\",\"@id\":\"https:\\\/\\\/www.retedeldono.it\\\/magazine\\\/fondazione-di-modena-bando-crowdfunding\\\/\",\"url\":\"https:\\\/\\\/www.retedeldono.it\\\/magazine\\\/fondazione-di-modena-bando-crowdfunding\\\/\",\"name\":\"Fondazione di Modena Crowdfunding | Rete del Dono Magazine\",\"isPartOf\":{\"@id\":\"https:\\\/\\\/www.retedeldono.it\\\/magazine\\\/#website\"},\"primaryImageOfPage\":{\"@id\":\"https:\\\/\\\/www.retedeldono.it\\\/magazine\\\/fondazione-di-modena-bando-crowdfunding\\\/#primaryimage\"},\"image\":{\"@id\":\"https:\\\/\\\/www.retedeldono.it\\\/magazine\\\/fondazione-di-modena-bando-crowdfunding\\\/#primaryimage\"},\"thumbnailUrl\":\"https:\\\/\\\/magazine.retedeldono.it\\\/wp-content\\\/uploads\\\/2024\\\/01\\\/rete-del-dono-magazine-fondazione-modena-2.png\",\"datePublished\":\"2023-12-14T10:00:50+00:00\",\"dateModified\":\"2024-01-03T08:33:47+00:00\",\"author\":{\"@id\":\"https:\\\/\\\/www.retedeldono.it\\\/magazine\\\/#\\\/schema\\\/person\\\/dd55a2becb70a4059624bae094c03583\"},\"description\":\"Grazie al Bando Crowdfunding Fondazione di Modena incentiva gli Enti del Terzo Settore del territorio a promuovere una campagna digitale.\",\"breadcrumb\":{\"@id\":\"https:\\\/\\\/www.retedeldono.it\\\/magazine\\\/fondazione-di-modena-bando-crowdfunding\\\/#breadcrumb\"},\"inLanguage\":\"it-IT\",\"potentialAction\":[{\"@type\":\"ReadAction\",\"target\":[\"https:\\\/\\\/www.retedeldono.it\\\/magazine\\\/fondazione-di-modena-bando-crowdfunding\\\/\"]}]},{\"@type\":\"ImageObject\",\"inLanguage\":\"it-IT\",\"@id\":\"https:\\\/\\\/www.retedeldono.it\\\/magazine\\\/fondazione-di-modena-bando-crowdfunding\\\/#primaryimage\",\"url\":\"https:\\\/\\\/magazine.retedeldono.it\\\/wp-content\\\/uploads\\\/2024\\\/01\\\/rete-del-dono-magazine-fondazione-modena-2.png\",\"contentUrl\":\"https:\\\/\\\/magazine.retedeldono.it\\\/wp-content\\\/uploads\\\/2024\\\/01\\\/rete-del-dono-magazine-fondazione-modena-2.png\",\"width\":680,\"height\":680,\"caption\":\"Rete del Dono Fondazione Modena Bando Crowdfunding\"},{\"@type\":\"BreadcrumbList\",\"@id\":\"https:\\\/\\\/www.retedeldono.it\\\/magazine\\\/fondazione-di-modena-bando-crowdfunding\\\/#breadcrumb\",\"itemListElement\":[{\"@type\":\"ListItem\",\"position\":1,\"name\":\"Home\",\"item\":\"https:\\\/\\\/www.retedeldono.it\\\/magazine\\\/\"},{\"@type\":\"ListItem\",\"position\":2,\"name\":\"Fondazione di Modena scommette sul Crowdfunding\"}]},{\"@type\":\"WebSite\",\"@id\":\"https:\\\/\\\/www.retedeldono.it\\\/magazine\\\/#website\",\"url\":\"https:\\\/\\\/www.retedeldono.it\\\/magazine\\\/\",\"name\":\"Rete del Dono Magazine\",\"description\":\"Rete del Dono Magazine\",\"potentialAction\":[{\"@type\":\"SearchAction\",\"target\":{\"@type\":\"EntryPoint\",\"urlTemplate\":\"https:\\\/\\\/www.retedeldono.it\\\/magazine\\\/?s={search_term_string}\"},\"query-input\":{\"@type\":\"PropertyValueSpecification\",\"valueRequired\":true,\"valueName\":\"search_term_string\"}}],\"inLanguage\":\"it-IT\"},{\"@type\":\"Person\",\"@id\":\"https:\\\/\\\/www.retedeldono.it\\\/magazine\\\/#\\\/schema\\\/person\\\/dd55a2becb70a4059624bae094c03583\",\"name\":\"Elisa Rosso\",\"image\":{\"@type\":\"ImageObject\",\"inLanguage\":\"it-IT\",\"@id\":\"https:\\\/\\\/secure.gravatar.com\\\/avatar\\\/3aec3818a0581b1c60c2bac3ae3e55d7a00f7084134cbdd18bc732f3d8a8b93f?s=96&d=mm&r=g\",\"url\":\"https:\\\/\\\/secure.gravatar.com\\\/avatar\\\/3aec3818a0581b1c60c2bac3ae3e55d7a00f7084134cbdd18bc732f3d8a8b93f?s=96&d=mm&r=g\",\"contentUrl\":\"https:\\\/\\\/secure.gravatar.com\\\/avatar\\\/3aec3818a0581b1c60c2bac3ae3e55d7a00f7084134cbdd18bc732f3d8a8b93f?s=96&d=mm&r=g\",\"caption\":\"Elisa Rosso\"},\"description\":\"Laureata in Scienze Internazionali e Diplomatiche presso Universit\u00e0 di Torino, lavora da sempre nel non profit e nel sociale con un significativa esperienza nel settore raccolta fondi di grandi e piccole ONP (Amnesty International e NutriAid). Nell\u2019autunno 2016 approda in Rete del Dono, dove si occupa di dare assistenza e consulenza alle ONP e alle Fondazioni per la promozione dei loro progetti e l'ottimizzazione delle campagne di raccolta fondi.\",\"url\":\"https:\\\/\\\/www.retedeldono.it\\\/magazine\\\/author\\\/elisa-rosso\\\/\"}]}<\/script>\n<!-- \/ Yoast SEO plugin. -->","yoast_head_json":{"title":"Fondazione di Modena Crowdfunding | Rete del Dono Magazine","description":"Grazie al Bando Crowdfunding Fondazione di Modena incentiva gli Enti del Terzo Settore del territorio a promuovere una campagna digitale.","robots":{"index":"index","follow":"follow","max-snippet":"max-snippet:-1","max-image-preview":"max-image-preview:large","max-video-preview":"max-video-preview:-1"},"canonical":"https:\/\/www.retedeldono.it\/magazine\/fondazione-di-modena-bando-crowdfunding\/","og_locale":"it_IT","og_type":"article","og_title":"Fondazione di Modena Crowdfunding","og_description":"Grazie al Bando Crowdfunding Fondazione di Modena incentiva gli Enti del Terzo Settore del territorio a promuovere una campagna digitale.","og_url":"https:\/\/www.retedeldono.it\/magazine\/fondazione-di-modena-bando-crowdfunding\/","og_site_name":"Rete del Dono Magazine","article_publisher":"https:\/\/www.facebook.com\/retedeldono\/","article_published_time":"2023-12-14T10:00:50+00:00","article_modified_time":"2024-01-03T08:33:47+00:00","og_image":[{"width":1000,"height":700,"url":"https:\/\/magazine.retedeldono.it\/wp-content\/uploads\/2024\/01\/rete-del-dono-magazine-fondazione-modena-1.png","type":"image\/png"}],"author":"Elisa Rosso","twitter_card":"summary_large_image","twitter_title":"Fondazione di Modena Crowdfunding","twitter_description":"Grazie al Bando Crowdfunding Fondazione di Modena incentiva gli Enti del Terzo Settore del territorio a promuovere una campagna digitale.","twitter_image":"https:\/\/magazine.retedeldono.it\/wp-content\/uploads\/2024\/01\/rete-del-dono-magazine-fondazione-modena-1.png","twitter_misc":{"Scritto da":"Elisa Rosso","Tempo di lettura stimato":"4 minuti"},"schema":{"@context":"https:\/\/schema.org","@graph":[{"@type":"Article","@id":"https:\/\/www.retedeldono.it\/magazine\/fondazione-di-modena-bando-crowdfunding\/#article","isPartOf":{"@id":"https:\/\/www.retedeldono.it\/magazine\/fondazione-di-modena-bando-crowdfunding\/"},"author":{"name":"Elisa Rosso","@id":"https:\/\/www.retedeldono.it\/magazine\/#\/schema\/person\/dd55a2becb70a4059624bae094c03583"},"headline":"Fondazione di Modena scommette sul Crowdfunding","datePublished":"2023-12-14T10:00:50+00:00","dateModified":"2024-01-03T08:33:47+00:00","mainEntityOfPage":{"@id":"https:\/\/www.retedeldono.it\/magazine\/fondazione-di-modena-bando-crowdfunding\/"},"wordCount":577,"commentCount":0,"image":{"@id":"https:\/\/www.retedeldono.it\/magazine\/fondazione-di-modena-bando-crowdfunding\/#primaryimage"},"thumbnailUrl":"https:\/\/magazine.retedeldono.it\/wp-content\/uploads\/2024\/01\/rete-del-dono-magazine-fondazione-modena-2.png","articleSection":["Crowdfunding"],"inLanguage":"it-IT","potentialAction":[{"@type":"CommentAction","name":"Comment","target":["https:\/\/www.retedeldono.it\/magazine\/fondazione-di-modena-bando-crowdfunding\/#respond"]}]},{"@type":"WebPage","@id":"https:\/\/www.retedeldono.it\/magazine\/fondazione-di-modena-bando-crowdfunding\/","url":"https:\/\/www.retedeldono.it\/magazine\/fondazione-di-modena-bando-crowdfunding\/","name":"Fondazione di Modena Crowdfunding | Rete del Dono Magazine","isPartOf":{"@id":"https:\/\/www.retedeldono.it\/magazine\/#website"},"primaryImageOfPage":{"@id":"https:\/\/www.retedeldono.it\/magazine\/fondazione-di-modena-bando-crowdfunding\/#primaryimage"},"image":{"@id":"https:\/\/www.retedeldono.it\/magazine\/fondazione-di-modena-bando-crowdfunding\/#primaryimage"},"thumbnailUrl":"https:\/\/magazine.retedeldono.it\/wp-content\/uploads\/2024\/01\/rete-del-dono-magazine-fondazione-modena-2.png","datePublished":"2023-12-14T10:00:50+00:00","dateModified":"2024-01-03T08:33:47+00:00","author":{"@id":"https:\/\/www.retedeldono.it\/magazine\/#\/schema\/person\/dd55a2becb70a4059624bae094c03583"},"description":"Grazie al Bando Crowdfunding Fondazione di Modena incentiva gli Enti del Terzo Settore del territorio a promuovere una campagna digitale.","breadcrumb":{"@id":"https:\/\/www.retedeldono.it\/magazine\/fondazione-di-modena-bando-crowdfunding\/#breadcrumb"},"inLanguage":"it-IT","potentialAction":[{"@type":"ReadAction","target":["https:\/\/www.retedeldono.it\/magazine\/fondazione-di-modena-bando-crowdfunding\/"]}]},{"@type":"ImageObject","inLanguage":"it-IT","@id":"https:\/\/www.retedeldono.it\/magazine\/fondazione-di-modena-bando-crowdfunding\/#primaryimage","url":"https:\/\/magazine.retedeldono.it\/wp-content\/uploads\/2024\/01\/rete-del-dono-magazine-fondazione-modena-2.png","contentUrl":"https:\/\/magazine.retedeldono.it\/wp-content\/uploads\/2024\/01\/rete-del-dono-magazine-fondazione-modena-2.png","width":680,"height":680,"caption":"Rete del Dono Fondazione Modena Bando Crowdfunding"},{"@type":"BreadcrumbList","@id":"https:\/\/www.retedeldono.it\/magazine\/fondazione-di-modena-bando-crowdfunding\/#breadcrumb","itemListElement":[{"@type":"ListItem","position":1,"name":"Home","item":"https:\/\/www.retedeldono.it\/magazine\/"},{"@type":"ListItem","position":2,"name":"Fondazione di Modena scommette sul Crowdfunding"}]},{"@type":"WebSite","@id":"https:\/\/www.retedeldono.it\/magazine\/#website","url":"https:\/\/www.retedeldono.it\/magazine\/","name":"Rete del Dono Magazine","description":"Rete del Dono Magazine","potentialAction":[{"@type":"SearchAction","target":{"@type":"EntryPoint","urlTemplate":"https:\/\/www.retedeldono.it\/magazine\/?s={search_term_string}"},"query-input":{"@type":"PropertyValueSpecification","valueRequired":true,"valueName":"search_term_string"}}],"inLanguage":"it-IT"},{"@type":"Person","@id":"https:\/\/www.retedeldono.it\/magazine\/#\/schema\/person\/dd55a2becb70a4059624bae094c03583","name":"Elisa Rosso","image":{"@type":"ImageObject","inLanguage":"it-IT","@id":"https:\/\/secure.gravatar.com\/avatar\/3aec3818a0581b1c60c2bac3ae3e55d7a00f7084134cbdd18bc732f3d8a8b93f?s=96&d=mm&r=g","url":"https:\/\/secure.gravatar.com\/avatar\/3aec3818a0581b1c60c2bac3ae3e55d7a00f7084134cbdd18bc732f3d8a8b93f?s=96&d=mm&r=g","contentUrl":"https:\/\/secure.gravatar.com\/avatar\/3aec3818a0581b1c60c2bac3ae3e55d7a00f7084134cbdd18bc732f3d8a8b93f?s=96&d=mm&r=g","caption":"Elisa Rosso"},"description":"Laureata in Scienze Internazionali e Diplomatiche presso Universit\u00e0 di Torino, lavora da sempre nel non profit e nel sociale con un significativa esperienza nel settore raccolta fondi di grandi e piccole ONP (Amnesty International e NutriAid). Nell\u2019autunno 2016 approda in Rete del Dono, dove si occupa di dare assistenza e consulenza alle ONP e alle Fondazioni per la promozione dei loro progetti e l'ottimizzazione delle campagne di raccolta fondi.","url":"https:\/\/www.retedeldono.it\/magazine\/author\/elisa-rosso\/"}]}},"_links":{"self":[{"href":"https:\/\/www.retedeldono.it\/magazine\/wp-json\/wp\/v2\/posts\/2958","targetHints":{"allow":["GET"]}}],"collection":[{"href":"https:\/\/www.retedeldono.it\/magazine\/wp-json\/wp\/v2\/posts"}],"about":[{"href":"https:\/\/www.retedeldono.it\/magazine\/wp-json\/wp\/v2\/types\/post"}],"author":[{"embeddable":true,"href":"https:\/\/www.retedeldono.it\/magazine\/wp-json\/wp\/v2\/users\/11"}],"replies":[{"embeddable":true,"href":"https:\/\/www.retedeldono.it\/magazine\/wp-json\/wp\/v2\/comments?post=2958"}],"version-history":[{"count":2,"href":"https:\/\/www.retedeldono.it\/magazine\/wp-json\/wp\/v2\/posts\/2958\/revisions"}],"predecessor-version":[{"id":2974,"href":"https:\/\/www.retedeldono.it\/magazine\/wp-json\/wp\/v2\/posts\/2958\/revisions\/2974"}],"wp:featuredmedia":[{"embeddable":true,"href":"https:\/\/www.retedeldono.it\/magazine\/wp-json\/wp\/v2\/media\/2960"}],"wp:attachment":[{"href":"https:\/\/www.retedeldono.it\/magazine\/wp-json\/wp\/v2\/media?parent=2958"}],"wp:term":[{"taxonomy":"category","embeddable":true,"href":"https:\/\/www.retedeldono.it\/magazine\/wp-json\/wp\/v2\/categories?post=2958"},{"taxonomy":"post_tag","embeddable":true,"href":"https:\/\/www.retedeldono.it\/magazine\/wp-json\/wp\/v2\/tags?post=2958"}],"curies":[{"name":"wp","href":"https:\/\/api.w.org\/{rel}","templated":true}]}}