{"id":2970,"date":"2024-01-02T12:10:21","date_gmt":"2024-01-02T12:10:21","guid":{"rendered":"https:\/\/www.retedeldono.it\/magazine\/?p=2970"},"modified":"2024-01-15T13:46:28","modified_gmt":"2024-01-15T13:46:28","slug":"personal-fundraising-2023-rete-del-dono","status":"publish","type":"post","link":"https:\/\/www.retedeldono.it\/magazine\/personal-fundraising-2023-rete-del-dono\/","title":{"rendered":"Personal fundraising 2023: dalla raccolta fondi al community engagement"},"content":{"rendered":"<p>Il 2023 ci ha regalato la piena ripresa del <a href=\"https:\/\/www.retedeldono.it\/magazine\/personal-fundraising\"><strong>personal fundraising<\/strong><\/a>. Le iniziative di community fundraising promosse sia da volontari e sostenitori \u00a0ha superato i 1.8 milioni di euro, grazie al contributo di oltre 22mila donatori. Un dato interessante che ci dimostra il valore che volontari e sostenitori possono portare nella comunit\u00e0.<\/p>\n<h2><strong>Personal fundraising e sport<\/strong><\/h2>\n<p>Il <a href=\"https:\/\/www.retedeldono.it\/magazine\/lo-sport-solidale-per-abitare-il-cambiamento\"><strong>personal fundraising legato a eventi sportivi<\/strong><\/a>\u00a0(sia tramite\u00a0<a href=\"https:\/\/www.retedeldono.it\/magazine\/charity-program\"><strong>Charity Program<\/strong><\/a> che non) \u00e8 cresciuto del 7%, in particolare grazie all\u2019aumento del numero di runner solidali che hanno partecipato alla Milano Marathon. Nel 2023 circa 850 personal fundraiser hanno unito alla loro sfida sportiva una sfida solidale in occasione della Milano Marathon. Spiccano le iniziative di <strong><a href=\"https:\/\/www.retedeldono.it\/iniziative\/sport-senza-frontiere-onlus\/roberto.barzaghi\/4-x-ssf\">Roberto Magister Barzaghi<\/a><\/strong>, che ha raccolto oltre 15.000 \u20ac a favore di Sport Senza Frontiere e e quella di Massimo Ambrosini \u201cBorn to run\u201d per <strong><a href=\"https:\/\/www.retedeldono.it\/progetti\/fid-fondazione-italiana-diabete-onlus\/le-staffette-per-la-cura-run4fid\">Fondazione Italiana Diabete.<\/a><\/strong><\/p>\n<p>A Roma 111 personal fundraiser hanno unito alla loro sfida sportiva una sfida solidale. Tra questi sono tanti i maratoneti e staffettisti rotariani che si sono attivati come ogni anno per sostenere il <a href=\"https:\/\/www.retedeldono.it\/progetti\/rotary-international-distretto-2080\/run-for-end-polio-now-2023\"><strong>programma<\/strong> <strong>End Polio Now<\/strong><\/a><strong>.<\/strong><\/p>\n<p>Alla Padova Marathon <strong><a href=\"https:\/\/www.retedeldono.it\/iniziative\/casa-priscilla\/loris.forin\/per-i-bimbi-di-miriam\">Loris<\/a><\/strong> Forin ha raccolto oltre 5.000 \u20ac per sostenere Casa Priscilla e gli <strong><a href=\"https:\/\/www.retedeldono.it\/iniziative\/linfa\/andrea.bernardini\/la-corsa-%C3%A8-linfa-per-la-vita\">Zeroscuse Runners<\/a> <\/strong>si sono ritrovati per correre insieme e raccogliere fondi a favore di Linfa Neurofibromatosi ODV.<\/p>\n<p>La Venicemarathon chiude l\u2019anno con oltre 116.000 \u20ac raccolti e 77 personal fundraiser attivati. Tra questi le <strong><a href=\"https:\/\/www.retedeldono.it\/iniziative\/fondazione-banca-degli-occhi\/antonella.valerio\/the-vintage-runners-0\">Vintage Runners<\/a> <\/strong>hanno corso con i loro abiti vintage per il terzo anno consecutivo per sostenere la Fondazione Banca degli Occhi.<\/p>\n<p>Cresce\u00a0del <strong>18%<\/strong>\u00a0anche il personal fundraising sportivo proposto nei contesti\u00a0<strong>aziendali<\/strong>. I grandi eventi sportivi sono stati vissuti infatti come occasioni\u00a0per coinvolgere i <strong>dipendenti<\/strong> nel <strong>team building<\/strong> aziendale a sostegno di buone cause. Il numero di aziende che si sono attivate nel contesto dei Charity Program \u00e8 cresciuto a Milano, Roma, Padova e Venezia. Tra le 170 aziende che hanno corso la Milano Marathon spicca la seconda partecipazione di <strong><a href=\"https:\/\/www.retedeldono.it\/corporate\/lombardini22\">Lombardini22<\/a><\/strong>, che nel 2023 \u00e8 riuscita ad attivarsi con 22 staffette a favore di LILT e RunChallenge.<\/p>\n<h3><strong>Risultati Charity Program<\/strong><\/h3>\n<ul>\n<li>+1.5 milioni di euro raccolti di cui 1 milione da Personal Fundraiser<\/li>\n<li>+22.000 donatori<\/li>\n<li>+1.000 sportivi solidali Personal Fundraiser<\/li>\n<li>+200 aziende<\/li>\n<\/ul>\n<h3><strong>Personal fundraising: dal community engagement alla sfida solidale<\/strong><\/h3>\n<p>Il personal fundraising continua a distinguersi anche come ottimo strumento per coinvolgere i volontari sul campo in occasione di eventi di raccolta fondi.\u00a0<a href=\"https:\/\/www.retedeldono.it\/onp\/fondazione-progetto-arca-onlus\"><strong>Fondazione Progetto Arca<\/strong><\/a> ha scelto di\u00a0coinvolgere direttamente i <strong>volontari<\/strong>. Dal 2020 ad oggi sono stati raccolti 100mila euro, con un incremento annuo del <strong>10%<\/strong> circa. Quest\u2019ultimo anno, la raccolta \u00e8 cresciuta del <strong>14%<\/strong> grazie anche all\u2019apporto di <strong>Fundraiser ricorsivi<\/strong> come Giampaolo, Cecilia, Carola e Paolo. Cresce del <strong>5%<\/strong> anche il Personal fundraising promosso da Enti che, come\u00a0<a href=\"https:\/\/www.retedeldono.it\/onp\/amka\"><strong>AMKA\u00a0<\/strong><\/a>o\u00a0<a href=\"https:\/\/www.retedeldono.it\/onp\/azione-cattolica-ambrosiana\"><strong>Azione Cattolica Ambrosiana<\/strong><\/a>, hanno puntato sui\u00a0<strong>volontari in missione sul campo\u00a0<\/strong>per coinvolgere i donatori.<\/p>\n<p>In\u00a0estate, la riscoperta dei\u00a0viaggi slow e avventurosi\u00a0ha comportato un incremento del<strong> 15%<\/strong> di Personal fundraiser che hanno lanciato una <strong>sfida sportiva e solidale<\/strong>. La meta pi\u00f9 gettonata \u00e8 stata <strong>Capo Nord<\/strong>, che gli splendidi settantenni\u00a0<strong><a href=\"https:\/\/www.retedeldono.it\/iniziative\/le-vele\/fulvio.rosasco\/in-moto-fino-a-capo-nord-per-le-vele\">Fulvio e Loris<\/a><\/strong>\u00a0hanno raggiunto a bordo delle loro\u00a0motociclette\u00a0raccogliendo oltre 20mila euro per\u00a0<strong>Le Vele<\/strong>.\u00a0<a href=\"https:\/\/www.retedeldono.it\/iniziative\/fondazione-airc\/gasparino.larosa\/viaggio-per-la-vita\"><strong>Gasparino<\/strong><\/a>\u00a0ci \u00e8 invece arrivato in\u00a0bicicletta, pedalando per oltre 6mila km e raccogliendo oltre 24mila euro in memoria della moglie a favore di\u00a0<strong>Fondazione AIRC<\/strong>. Tra i personal fundraiser ciclisti anche\u00a0<a href=\"https:\/\/www.retedeldono.it\/iniziative\/paolo.tontoranelli\/in-capo-al-mondo-per-abio\"><strong>Paolo<\/strong><\/a>\u00a0per\u00a0<strong>ABIO Grosseto ODV<\/strong>,\u00a0<a href=\"https:\/\/www.retedeldono.it\/iniziative\/maurizio.vanucci\/due-cuori-un-tandem\"><strong>Maurizio e Giovanna<\/strong><\/a>\u00a0per\u00a0<strong>AIDO Emilia Romagna<\/strong>\u00a0e\u00a0Federico per\u00a0l&#8217;<a href=\"https:\/\/www.retedeldono.it\/onp\/abn-onlus\"><strong>Associazione del Bambino Nefropatico<\/strong><\/a>. Quest&#8217;ultima campagna in particolare \u00e8 nata per sensibilizzare sul tema della\u00a0sicurezza stradale per i ciclisti.<\/p>\n<p>Degni di particolare nota il sempre maggior numero di fundraiser che ripropongono ormai ogni anno una\u00a0campagna di raccolta fondi legata a una sfida sportiva. Come\u00a0Alessandro, che con la sua\u00a0<a href=\"https:\/\/www.retedeldono.it\/iniziative\/fondazione-airc\/alessandro.mucci\/pedalando-per-la-ricerca-2023\"><strong>Pedalando per la ricerca<\/strong><\/a>\u00a0(<em>giunta alla IV edizione<\/em>) ha <strong>creato un vero e proprio format di raccolta fondi<\/strong> coinvolgendo, nel 2023, anche il campione italiano di lotta greco romana<strong>\u00a0<a href=\"https:\/\/www.retedeldono.it\/iniziative\/fondazione-airc\/ciro.russo\/rivoli-santiago-de-compostela\">Ciro Russo<\/a><\/strong>, altro ciclista solidale ormai abituale. Anche\u00a0<a href=\"https:\/\/www.retedeldono.it\/progetti\/fondazione-salus-pueri\/pedalando-per-la-pediatria-di-padova\"><strong>Daniele<\/strong><\/a>\u00a0da diversi anni pedala sfidando anche la propria <strong>disabilit\u00e0<\/strong> per la <strong>pediatria<\/strong> dell\u2019<strong>Ospedale di Padova<\/strong>. I piloti di\u00a0<a href=\"https:\/\/www.retedeldono.it\/search?fulltext=in+pista+con+l%27africa&amp;page=1&amp;sort=-created\"><strong>In Pista con l\u2019Africa<\/strong><\/a>, invece, dal 2020 partecipano a gare sportive e raduni annuali di moto e contestualmente raccolgono fondi per\u00a0<strong>Medici con l\u2019Africa Cuamm<\/strong>.<\/p>\n<p>Da citare anche il progressivo ingresso del personal fundraising nel mondo della\u00a0<strong>scuola<\/strong>. Sono stati molti i <strong>ragazzi<\/strong> e le <strong>ragazze<\/strong> del\u00a0<strong>Liceo<\/strong> Monti di Chieri (TO) e dell\u2019<strong>Istituto Tecnico Commerciale Sommeiller<\/strong> di Torino che si sono attivati con una raccolta fondi a favore dell\u2019<a href=\"https:\/\/www.retedeldono.it\/onp\/associazione-camis-de-fonseca\"><strong>Associazione Camis De Fonseca<\/strong><\/a> per promuovere un <strong>viaggio formativo in Israele<\/strong>.<\/p>\n<h3><strong>Risultati Personal Fundraising<\/strong><\/h3>\n<ul>\n<li>500 Personal fundraiser<\/li>\n<li>+300.000\u20ac fondi raccolti<\/li>\n<li>+5.000 donatori<\/li>\n<\/ul>\n<h2><strong>Crowdfunding<\/strong><\/h2>\n<p>Crescita stabile anche per il Crowdfunding, che si conferma la forma migliore di <strong>community building<\/strong> e per coinvolgere attivamente volontari e sostenitori nella realizzazione di uno specifico progetto di utilit\u00e0 sociale. Pensiamo alla campagna di\u00a0<strong>LNDC Pescara<\/strong>\u00a0che ha salvato, con quasi 18mila euro raccolti tra le persone del luogo, il\u00a0<a href=\"https:\/\/www.retedeldono.it\/progetti\/lndc-pescara\/salviamo-i-cani-di-pescara\"><strong>Canile di Pescara<\/strong><\/a>. Oltre\u00a070mila euro\u00a0ha raccolto invece\u00a0<a href=\"https:\/\/www.retedeldono.it\/progetti\/il-sorriso-di-riccardo\/il-parco-per-riccardo\"><strong>Il Parco per Riccardo<\/strong><\/a>, che ha portato alla realizzazione di un nuovo parco giochi a servizio della comunit\u00e0 in ricordo di un bambino scomparso a causa di un tumore rabdoide.<\/p>\n<h3><strong>Fondazioni e Crowdfunding<\/strong><\/h3>\n<p>Sempre pi\u00f9 Fondazioni sperimentano nuovi strumenti per avvicinare gli Enti del Terzo Settore alla raccolta fondi coinvolgendo il <strong>territorio<\/strong> e la <strong>comunit\u00e0<\/strong>. Il <strong>crowdfunding<\/strong> dimostra di essere lo strumento strategico ideale perch\u00e8 le stimola ad andare <strong>oltre la raccolta fondi istituzionale<\/strong>.<\/p>\n<p>La sua natura progettuale \u00e8 funzionale alla <strong>realizzazione di progetti disegnati per la comunit\u00e0<\/strong>, proprio perch\u00e9 ha il potere di coinvolgerle e aggregarle attivando processi di coinvolgimento partecipativo dal basso in un\u2019ottica di cittadinanza attiva e responsabilit\u00e0 sociale.<\/p>\n<p>Abbiamo anche constatato che programmare e sviluppare con la propria comunit\u00e0 e per la propria comunit\u00e0 un\u2019iniziativa dalla fase di ideazione e progettazione a quella di raccolta fondi paga in termini di:<\/p>\n<p>1. Sensibilizzazione della comunit\u00e0 sulle attivit\u00e0 che l\u2019organizzazione porta avanti sul territorio<\/p>\n<p>2. Partecipazione attiva (eventi, divulgazione di informazioni e raccolta fondi)<\/p>\n<p>3. Raccolta fondi &#8211; le persone si sentono parte del progetto e quindi la propensione a donare cresce<\/p>\n<p>Diverse Fondazioni, tra cui <strong><a href=\"https:\/\/www.retedeldono.it\/fondazione-carifano-crowdfunding\">Fondazione Carifano<\/a>,\u00a0<a href=\"https:\/\/www.retedeldono.it\/fondazione-di-venezia\">Fondazione di Venezia<\/a>,\u00a0<a href=\"https:\/\/www.retedeldono.it\/fondazione-modena-bando-crowdfunding\">Fondazione di Modena<\/a>, Fondazione Compagnia di San Paolo, Banco BPM\u00a0<\/strong>hanno quindi scelto di andare oltre la logica erogativa, proponendo in <strong>partnership<\/strong> con Rete del Dono, call for ideas ovvero bandi che stimolino gli Enti non solo a presentare un progetto ma a mettersi in gioco seguendo un <strong>percorso di capacity building<\/strong> e sviluppando una campagna di crowdfunding. Al raggiungimento dell\u2019obiettivo di raccolta fondi, la fondazione eroga un contributo ovvero un matching gift.<\/p>\n<p>Una <strong>formula innovativa<\/strong> e premiante che aiuta gli Enti a potenziare non solo le propria competenze di fundraising ma anche a iniziare a lavorare in una modalit\u00e0 pi\u00f9 dialogante e collaborativa con la propria comunit\u00e0 di riferimento.<\/p>\n<h3><strong>Risultati crowdfunding<\/strong><\/h3>\n<ul>\n<li>312 progetti<\/li>\n<li>+ 1.6mln fondi raccolti<\/li>\n<li>+30.000 donatori<\/li>\n<\/ul>\n","protected":false},"excerpt":{"rendered":"<p>Il 2023 ci ha regalato la piena ripresa del personal fundraising. Le iniziative di community fundraising promosse sia da volontari e sostenitori \u00a0ha superato i 1.8 milioni di euro, grazie&#8230;<\/p>\n","protected":false},"author":6,"featured_media":2967,"comment_status":"open","ping_status":"open","sticky":true,"template":"","format":"standard","meta":{"_acf_changed":false,"footnotes":""},"categories":[17],"tags":[],"class_list":{"0":"post-2970","1":"post","2":"type-post","3":"status-publish","4":"format-standard","5":"has-post-thumbnail","7":"category-fundraising"},"acf":{"homepage_rdd":true},"yoast_head":"<!-- This site is optimized with the Yoast SEO plugin v27.5 - https:\/\/yoast.com\/product\/yoast-seo-wordpress\/ -->\n<title>Personal fundraising 2023: raccolta fondi e community engagement<\/title>\n<meta name=\"description\" content=\"Personal fundraising, il 2023 \u00e8 l&#039;anno della crescita su Rete del Dono. Come gli eventi sportivi e non possono trasformarsi in raccolte fondi.\" \/>\n<meta name=\"robots\" content=\"index, follow, max-snippet:-1, max-image-preview:large, max-video-preview:-1\" \/>\n<link rel=\"canonical\" href=\"https:\/\/www.retedeldono.it\/magazine\/personal-fundraising-2023-rete-del-dono\/\" \/>\n<meta property=\"og:locale\" content=\"it_IT\" \/>\n<meta property=\"og:type\" content=\"article\" \/>\n<meta property=\"og:title\" content=\"Personal fundraising 2023: raccolta fondi e community engagement\" \/>\n<meta property=\"og:description\" content=\"Personal fundraising, il 2023 \u00e8 l&#039;anno della crescita su Rete del Dono. Come gli eventi sportivi e non possono trasformarsi in raccolte fondi.\" \/>\n<meta property=\"og:url\" content=\"https:\/\/www.retedeldono.it\/magazine\/personal-fundraising-2023-rete-del-dono\/\" \/>\n<meta property=\"og:site_name\" content=\"Rete del Dono Magazine\" \/>\n<meta property=\"article:publisher\" content=\"https:\/\/www.facebook.com\/retedeldono\/\" \/>\n<meta property=\"article:published_time\" content=\"2024-01-02T12:10:21+00:00\" \/>\n<meta property=\"article:modified_time\" content=\"2024-01-15T13:46:28+00:00\" \/>\n<meta property=\"og:image\" content=\"https:\/\/magazine.retedeldono.it\/wp-content\/uploads\/2024\/01\/rete-del-dono.png\" \/>\n\t<meta property=\"og:image:width\" content=\"1200\" \/>\n\t<meta property=\"og:image:height\" content=\"600\" \/>\n\t<meta property=\"og:image:type\" content=\"image\/png\" \/>\n<meta name=\"author\" content=\"Valeria Vitali\" \/>\n<meta name=\"twitter:card\" content=\"summary_large_image\" \/>\n<meta name=\"twitter:description\" content=\"Personal fundraising, il 2023 \u00e8 l&#039;anno della crescita su Rete del Dono. Come gli eventi sportivi e non possono trasformarsi in raccolte fondi.\" \/>\n<meta name=\"twitter:image\" content=\"https:\/\/magazine.retedeldono.it\/wp-content\/uploads\/2024\/01\/rete-del-dono.png\" \/>\n<meta name=\"twitter:label1\" content=\"Scritto da\" \/>\n\t<meta name=\"twitter:data1\" content=\"Valeria Vitali\" \/>\n\t<meta name=\"twitter:label2\" content=\"Tempo di lettura stimato\" \/>\n\t<meta name=\"twitter:data2\" content=\"7 minuti\" \/>\n<script type=\"application\/ld+json\" class=\"yoast-schema-graph\">{\"@context\":\"https:\\\/\\\/schema.org\",\"@graph\":[{\"@type\":\"Article\",\"@id\":\"https:\\\/\\\/www.retedeldono.it\\\/magazine\\\/personal-fundraising-2023-rete-del-dono\\\/#article\",\"isPartOf\":{\"@id\":\"https:\\\/\\\/www.retedeldono.it\\\/magazine\\\/personal-fundraising-2023-rete-del-dono\\\/\"},\"author\":{\"name\":\"Valeria Vitali\",\"@id\":\"https:\\\/\\\/www.retedeldono.it\\\/magazine\\\/#\\\/schema\\\/person\\\/c6beeb7b05f412d2823480967d76ad54\"},\"headline\":\"Personal fundraising 2023: dalla raccolta fondi al community engagement\",\"datePublished\":\"2024-01-02T12:10:21+00:00\",\"dateModified\":\"2024-01-15T13:46:28+00:00\",\"mainEntityOfPage\":{\"@id\":\"https:\\\/\\\/www.retedeldono.it\\\/magazine\\\/personal-fundraising-2023-rete-del-dono\\\/\"},\"wordCount\":1117,\"commentCount\":0,\"image\":{\"@id\":\"https:\\\/\\\/www.retedeldono.it\\\/magazine\\\/personal-fundraising-2023-rete-del-dono\\\/#primaryimage\"},\"thumbnailUrl\":\"https:\\\/\\\/magazine.retedeldono.it\\\/wp-content\\\/uploads\\\/2024\\\/01\\\/rete-del-dono-magazine-personal-fundraising.png\",\"articleSection\":[\"Fundraising\"],\"inLanguage\":\"it-IT\",\"potentialAction\":[{\"@type\":\"CommentAction\",\"name\":\"Comment\",\"target\":[\"https:\\\/\\\/www.retedeldono.it\\\/magazine\\\/personal-fundraising-2023-rete-del-dono\\\/#respond\"]}]},{\"@type\":\"WebPage\",\"@id\":\"https:\\\/\\\/www.retedeldono.it\\\/magazine\\\/personal-fundraising-2023-rete-del-dono\\\/\",\"url\":\"https:\\\/\\\/www.retedeldono.it\\\/magazine\\\/personal-fundraising-2023-rete-del-dono\\\/\",\"name\":\"Personal fundraising 2023: raccolta fondi e community engagement\",\"isPartOf\":{\"@id\":\"https:\\\/\\\/www.retedeldono.it\\\/magazine\\\/#website\"},\"primaryImageOfPage\":{\"@id\":\"https:\\\/\\\/www.retedeldono.it\\\/magazine\\\/personal-fundraising-2023-rete-del-dono\\\/#primaryimage\"},\"image\":{\"@id\":\"https:\\\/\\\/www.retedeldono.it\\\/magazine\\\/personal-fundraising-2023-rete-del-dono\\\/#primaryimage\"},\"thumbnailUrl\":\"https:\\\/\\\/magazine.retedeldono.it\\\/wp-content\\\/uploads\\\/2024\\\/01\\\/rete-del-dono-magazine-personal-fundraising.png\",\"datePublished\":\"2024-01-02T12:10:21+00:00\",\"dateModified\":\"2024-01-15T13:46:28+00:00\",\"author\":{\"@id\":\"https:\\\/\\\/www.retedeldono.it\\\/magazine\\\/#\\\/schema\\\/person\\\/c6beeb7b05f412d2823480967d76ad54\"},\"description\":\"Personal fundraising, il 2023 \u00e8 l'anno della crescita su Rete del Dono. Come gli eventi sportivi e non possono trasformarsi in raccolte fondi.\",\"breadcrumb\":{\"@id\":\"https:\\\/\\\/www.retedeldono.it\\\/magazine\\\/personal-fundraising-2023-rete-del-dono\\\/#breadcrumb\"},\"inLanguage\":\"it-IT\",\"potentialAction\":[{\"@type\":\"ReadAction\",\"target\":[\"https:\\\/\\\/www.retedeldono.it\\\/magazine\\\/personal-fundraising-2023-rete-del-dono\\\/\"]}]},{\"@type\":\"ImageObject\",\"inLanguage\":\"it-IT\",\"@id\":\"https:\\\/\\\/www.retedeldono.it\\\/magazine\\\/personal-fundraising-2023-rete-del-dono\\\/#primaryimage\",\"url\":\"https:\\\/\\\/magazine.retedeldono.it\\\/wp-content\\\/uploads\\\/2024\\\/01\\\/rete-del-dono-magazine-personal-fundraising.png\",\"contentUrl\":\"https:\\\/\\\/magazine.retedeldono.it\\\/wp-content\\\/uploads\\\/2024\\\/01\\\/rete-del-dono-magazine-personal-fundraising.png\",\"width\":700,\"height\":700,\"caption\":\"Rete del Dono 2023 Personal Fundraising\"},{\"@type\":\"BreadcrumbList\",\"@id\":\"https:\\\/\\\/www.retedeldono.it\\\/magazine\\\/personal-fundraising-2023-rete-del-dono\\\/#breadcrumb\",\"itemListElement\":[{\"@type\":\"ListItem\",\"position\":1,\"name\":\"Home\",\"item\":\"https:\\\/\\\/www.retedeldono.it\\\/magazine\\\/\"},{\"@type\":\"ListItem\",\"position\":2,\"name\":\"Personal fundraising 2023: dalla raccolta fondi al community engagement\"}]},{\"@type\":\"WebSite\",\"@id\":\"https:\\\/\\\/www.retedeldono.it\\\/magazine\\\/#website\",\"url\":\"https:\\\/\\\/www.retedeldono.it\\\/magazine\\\/\",\"name\":\"Rete del Dono Magazine\",\"description\":\"Rete del Dono Magazine\",\"potentialAction\":[{\"@type\":\"SearchAction\",\"target\":{\"@type\":\"EntryPoint\",\"urlTemplate\":\"https:\\\/\\\/www.retedeldono.it\\\/magazine\\\/?s={search_term_string}\"},\"query-input\":{\"@type\":\"PropertyValueSpecification\",\"valueRequired\":true,\"valueName\":\"search_term_string\"}}],\"inLanguage\":\"it-IT\"},{\"@type\":\"Person\",\"@id\":\"https:\\\/\\\/www.retedeldono.it\\\/magazine\\\/#\\\/schema\\\/person\\\/c6beeb7b05f412d2823480967d76ad54\",\"name\":\"Valeria Vitali\",\"image\":{\"@type\":\"ImageObject\",\"inLanguage\":\"it-IT\",\"@id\":\"https:\\\/\\\/secure.gravatar.com\\\/avatar\\\/ed06510965ea97eb2f14540fc0327ce5bf65b10d085192ae3b38003a07ff151a?s=96&d=mm&r=g\",\"url\":\"https:\\\/\\\/secure.gravatar.com\\\/avatar\\\/ed06510965ea97eb2f14540fc0327ce5bf65b10d085192ae3b38003a07ff151a?s=96&d=mm&r=g\",\"contentUrl\":\"https:\\\/\\\/secure.gravatar.com\\\/avatar\\\/ed06510965ea97eb2f14540fc0327ce5bf65b10d085192ae3b38003a07ff151a?s=96&d=mm&r=g\",\"caption\":\"Valeria Vitali\"},\"description\":\"Dopo una laurea in Scienze Politiche presso Universit\u00e0 degli studi di Pavia e un Master in Cooperazione e Sviluppo a Barcellona, ha iniziato il suo percorso professionale in Italia, occupandosi di comunicazione, per poi allargare i suoi orizzonti all\u2019estero. \u00c8 proprio qui che nasce l\u2019idea di Rete del Dono, l\u2019idea di diffondere in Italia una rivoluzione culturale che avvicini le persone al dono, inteso come gesto di impegno civile. L\u2019innovazione digitale ha fatto la sua parte, facilitando e dando maggior concretezza a questo progetto costruito insieme ad Anna Siccardi.\",\"url\":\"https:\\\/\\\/www.retedeldono.it\\\/magazine\\\/author\\\/valeria-vitali\\\/\"}]}<\/script>\n<!-- \/ Yoast SEO plugin. -->","yoast_head_json":{"title":"Personal fundraising 2023: raccolta fondi e community engagement","description":"Personal fundraising, il 2023 \u00e8 l'anno della crescita su Rete del Dono. Come gli eventi sportivi e non possono trasformarsi in raccolte fondi.","robots":{"index":"index","follow":"follow","max-snippet":"max-snippet:-1","max-image-preview":"max-image-preview:large","max-video-preview":"max-video-preview:-1"},"canonical":"https:\/\/www.retedeldono.it\/magazine\/personal-fundraising-2023-rete-del-dono\/","og_locale":"it_IT","og_type":"article","og_title":"Personal fundraising 2023: raccolta fondi e community engagement","og_description":"Personal fundraising, il 2023 \u00e8 l'anno della crescita su Rete del Dono. Come gli eventi sportivi e non possono trasformarsi in raccolte fondi.","og_url":"https:\/\/www.retedeldono.it\/magazine\/personal-fundraising-2023-rete-del-dono\/","og_site_name":"Rete del Dono Magazine","article_publisher":"https:\/\/www.facebook.com\/retedeldono\/","article_published_time":"2024-01-02T12:10:21+00:00","article_modified_time":"2024-01-15T13:46:28+00:00","og_image":[{"width":1200,"height":600,"url":"https:\/\/magazine.retedeldono.it\/wp-content\/uploads\/2024\/01\/rete-del-dono.png","type":"image\/png"}],"author":"Valeria Vitali","twitter_card":"summary_large_image","twitter_description":"Personal fundraising, il 2023 \u00e8 l'anno della crescita su Rete del Dono. Come gli eventi sportivi e non possono trasformarsi in raccolte fondi.","twitter_image":"https:\/\/magazine.retedeldono.it\/wp-content\/uploads\/2024\/01\/rete-del-dono.png","twitter_misc":{"Scritto da":"Valeria Vitali","Tempo di lettura stimato":"7 minuti"},"schema":{"@context":"https:\/\/schema.org","@graph":[{"@type":"Article","@id":"https:\/\/www.retedeldono.it\/magazine\/personal-fundraising-2023-rete-del-dono\/#article","isPartOf":{"@id":"https:\/\/www.retedeldono.it\/magazine\/personal-fundraising-2023-rete-del-dono\/"},"author":{"name":"Valeria Vitali","@id":"https:\/\/www.retedeldono.it\/magazine\/#\/schema\/person\/c6beeb7b05f412d2823480967d76ad54"},"headline":"Personal fundraising 2023: dalla raccolta fondi al community engagement","datePublished":"2024-01-02T12:10:21+00:00","dateModified":"2024-01-15T13:46:28+00:00","mainEntityOfPage":{"@id":"https:\/\/www.retedeldono.it\/magazine\/personal-fundraising-2023-rete-del-dono\/"},"wordCount":1117,"commentCount":0,"image":{"@id":"https:\/\/www.retedeldono.it\/magazine\/personal-fundraising-2023-rete-del-dono\/#primaryimage"},"thumbnailUrl":"https:\/\/magazine.retedeldono.it\/wp-content\/uploads\/2024\/01\/rete-del-dono-magazine-personal-fundraising.png","articleSection":["Fundraising"],"inLanguage":"it-IT","potentialAction":[{"@type":"CommentAction","name":"Comment","target":["https:\/\/www.retedeldono.it\/magazine\/personal-fundraising-2023-rete-del-dono\/#respond"]}]},{"@type":"WebPage","@id":"https:\/\/www.retedeldono.it\/magazine\/personal-fundraising-2023-rete-del-dono\/","url":"https:\/\/www.retedeldono.it\/magazine\/personal-fundraising-2023-rete-del-dono\/","name":"Personal fundraising 2023: raccolta fondi e community engagement","isPartOf":{"@id":"https:\/\/www.retedeldono.it\/magazine\/#website"},"primaryImageOfPage":{"@id":"https:\/\/www.retedeldono.it\/magazine\/personal-fundraising-2023-rete-del-dono\/#primaryimage"},"image":{"@id":"https:\/\/www.retedeldono.it\/magazine\/personal-fundraising-2023-rete-del-dono\/#primaryimage"},"thumbnailUrl":"https:\/\/magazine.retedeldono.it\/wp-content\/uploads\/2024\/01\/rete-del-dono-magazine-personal-fundraising.png","datePublished":"2024-01-02T12:10:21+00:00","dateModified":"2024-01-15T13:46:28+00:00","author":{"@id":"https:\/\/www.retedeldono.it\/magazine\/#\/schema\/person\/c6beeb7b05f412d2823480967d76ad54"},"description":"Personal fundraising, il 2023 \u00e8 l'anno della crescita su Rete del Dono. Come gli eventi sportivi e non possono trasformarsi in raccolte fondi.","breadcrumb":{"@id":"https:\/\/www.retedeldono.it\/magazine\/personal-fundraising-2023-rete-del-dono\/#breadcrumb"},"inLanguage":"it-IT","potentialAction":[{"@type":"ReadAction","target":["https:\/\/www.retedeldono.it\/magazine\/personal-fundraising-2023-rete-del-dono\/"]}]},{"@type":"ImageObject","inLanguage":"it-IT","@id":"https:\/\/www.retedeldono.it\/magazine\/personal-fundraising-2023-rete-del-dono\/#primaryimage","url":"https:\/\/magazine.retedeldono.it\/wp-content\/uploads\/2024\/01\/rete-del-dono-magazine-personal-fundraising.png","contentUrl":"https:\/\/magazine.retedeldono.it\/wp-content\/uploads\/2024\/01\/rete-del-dono-magazine-personal-fundraising.png","width":700,"height":700,"caption":"Rete del Dono 2023 Personal Fundraising"},{"@type":"BreadcrumbList","@id":"https:\/\/www.retedeldono.it\/magazine\/personal-fundraising-2023-rete-del-dono\/#breadcrumb","itemListElement":[{"@type":"ListItem","position":1,"name":"Home","item":"https:\/\/www.retedeldono.it\/magazine\/"},{"@type":"ListItem","position":2,"name":"Personal fundraising 2023: dalla raccolta fondi al community engagement"}]},{"@type":"WebSite","@id":"https:\/\/www.retedeldono.it\/magazine\/#website","url":"https:\/\/www.retedeldono.it\/magazine\/","name":"Rete del Dono Magazine","description":"Rete del Dono Magazine","potentialAction":[{"@type":"SearchAction","target":{"@type":"EntryPoint","urlTemplate":"https:\/\/www.retedeldono.it\/magazine\/?s={search_term_string}"},"query-input":{"@type":"PropertyValueSpecification","valueRequired":true,"valueName":"search_term_string"}}],"inLanguage":"it-IT"},{"@type":"Person","@id":"https:\/\/www.retedeldono.it\/magazine\/#\/schema\/person\/c6beeb7b05f412d2823480967d76ad54","name":"Valeria Vitali","image":{"@type":"ImageObject","inLanguage":"it-IT","@id":"https:\/\/secure.gravatar.com\/avatar\/ed06510965ea97eb2f14540fc0327ce5bf65b10d085192ae3b38003a07ff151a?s=96&d=mm&r=g","url":"https:\/\/secure.gravatar.com\/avatar\/ed06510965ea97eb2f14540fc0327ce5bf65b10d085192ae3b38003a07ff151a?s=96&d=mm&r=g","contentUrl":"https:\/\/secure.gravatar.com\/avatar\/ed06510965ea97eb2f14540fc0327ce5bf65b10d085192ae3b38003a07ff151a?s=96&d=mm&r=g","caption":"Valeria Vitali"},"description":"Dopo una laurea in Scienze Politiche presso Universit\u00e0 degli studi di Pavia e un Master in Cooperazione e Sviluppo a Barcellona, ha iniziato il suo percorso professionale in Italia, occupandosi di comunicazione, per poi allargare i suoi orizzonti all\u2019estero. \u00c8 proprio qui che nasce l\u2019idea di Rete del Dono, l\u2019idea di diffondere in Italia una rivoluzione culturale che avvicini le persone al dono, inteso come gesto di impegno civile. L\u2019innovazione digitale ha fatto la sua parte, facilitando e dando maggior concretezza a questo progetto costruito insieme ad Anna Siccardi.","url":"https:\/\/www.retedeldono.it\/magazine\/author\/valeria-vitali\/"}]}},"_links":{"self":[{"href":"https:\/\/www.retedeldono.it\/magazine\/wp-json\/wp\/v2\/posts\/2970","targetHints":{"allow":["GET"]}}],"collection":[{"href":"https:\/\/www.retedeldono.it\/magazine\/wp-json\/wp\/v2\/posts"}],"about":[{"href":"https:\/\/www.retedeldono.it\/magazine\/wp-json\/wp\/v2\/types\/post"}],"author":[{"embeddable":true,"href":"https:\/\/www.retedeldono.it\/magazine\/wp-json\/wp\/v2\/users\/6"}],"replies":[{"embeddable":true,"href":"https:\/\/www.retedeldono.it\/magazine\/wp-json\/wp\/v2\/comments?post=2970"}],"version-history":[{"count":12,"href":"https:\/\/www.retedeldono.it\/magazine\/wp-json\/wp\/v2\/posts\/2970\/revisions"}],"predecessor-version":[{"id":2994,"href":"https:\/\/www.retedeldono.it\/magazine\/wp-json\/wp\/v2\/posts\/2970\/revisions\/2994"}],"wp:featuredmedia":[{"embeddable":true,"href":"https:\/\/www.retedeldono.it\/magazine\/wp-json\/wp\/v2\/media\/2967"}],"wp:attachment":[{"href":"https:\/\/www.retedeldono.it\/magazine\/wp-json\/wp\/v2\/media?parent=2970"}],"wp:term":[{"taxonomy":"category","embeddable":true,"href":"https:\/\/www.retedeldono.it\/magazine\/wp-json\/wp\/v2\/categories?post=2970"},{"taxonomy":"post_tag","embeddable":true,"href":"https:\/\/www.retedeldono.it\/magazine\/wp-json\/wp\/v2\/tags?post=2970"}],"curies":[{"name":"wp","href":"https:\/\/api.w.org\/{rel}","templated":true}]}}