{"id":3121,"date":"2024-02-12T08:53:50","date_gmt":"2024-02-12T08:53:50","guid":{"rendered":"https:\/\/www.retedeldono.it\/magazine\/?p=3121"},"modified":"2025-12-02T15:44:51","modified_gmt":"2025-12-02T15:44:51","slug":"sostenibilita-sociale","status":"publish","type":"post","link":"https:\/\/www.retedeldono.it\/magazine\/sostenibilita-sociale\/","title":{"rendered":"Sostenibilit\u00e0 sociale: cos&#8217;\u00e8 e come praticarla in modo efficace"},"content":{"rendered":"<p><em>La sostenibilit\u00e0 sociale \u00e8 una componente fondamentale di uno sviluppo sostenibile che tenga insieme ambiente, economia e societ\u00e0: ecco in che cosa consiste e come promuoverla<\/em> \u00a0 La <strong>sostenibilit\u00e0 sociale<\/strong> \u00e8 una componente fondamentale dello <strong>sviluppo sostenibile<\/strong>. Forse meno nota e definita della <strong>sostenibilit\u00e0 ambientale<\/strong>, \u00e8 ad essa <strong>intrinsecamente legata<\/strong>: non \u00e8 possibile immaginare un concetto di sostenibilit\u00e0 che non tenga conto dei <strong>diritti umani<\/strong>, <strong>della parit\u00e0 di genere<\/strong>, della <strong>coesione sociale<\/strong>, della necessit\u00e0 di un <strong>lavoro dignitoso<\/strong> per tutti.\u00a0 Non a caso, alcuni tra i pi\u00f9 importanti dei <strong>17 obiettivi<\/strong> dell\u2019 <strong>Agenda 2030<\/strong> per lo sviluppo sostenibile appartengono proprio a questa categoria. Vediamo di capire pi\u00f9 a fondo cos \u00e8 la sostenibilit\u00e0 sociale e come metterla in pratica.<\/p>\r\n<div class=\"wp-block-spacer\" style=\"height: 50px;\" aria-hidden=\"true\">\u00a0<\/div>\r\n<!-- \/wp:post-content -->\r\n\r\n<!-- wp:buttons -->\r\n<div class=\"wp-block-buttons\"><!-- wp:button {\"style\":{\"border\":{\"radius\":\"15px\"},\"color\":{\"background\":\"#e96f27\"}}} -->\r\n<div class=\"wp-block-button\"><strong><a class=\"wp-block-button__link has-background wp-element-button\" style=\"border-radius: 15px; background-color: #e96f27;\" href=\"https:\/\/www.retedeldono.it\/?utm_source=blog&amp;utm_medium=direct&amp;utm_campaign=CTA_sostenibilit%C3%A0_sociale_top\">Scopri i progetti di Rete del Dono<\/a><\/strong><\/div>\r\n<\/div>\r\n<div aria-hidden=\"true\">\u00a0<\/div>\r\n<h2>Quali sono i tre tipi di sostenibilit\u00e0?<\/h2>\r\n<p>Esistono tre tipi di sostenibilit\u00e0: <strong>ambientale, sociale <\/strong>ed<strong> economica<\/strong>. In questo articolo ci concentreremo sulla seconda, ricordando sempre che i tre aspetti sono <strong>inscindibili<\/strong>. Gli stessi obiettivi di sviluppo sostenibile riguardano aspetti economici, sociali ed ambientali. Come vedremo, la distinzione \u00e8 spesso sottile, poich\u00e9 una <strong>crescita economica responsabile<\/strong> e sostenibile pu\u00f2 essere tale solo garantendo tanto la <strong>salvaguardia dell\u2019ambiente<\/strong>, quanto le condizioni di <strong>benessere umano<\/strong>. \u00a0 Infatti, quando parliamo di sostenibilit\u00e0 in termini generali\u00a0 dobbiamo ricordare che ci riferiamo sempre alla <strong>presenza umana<\/strong> nel <strong>contesto ambientale<\/strong>: non \u00e8 il Pianeta in s\u00e9 che rischia di scomparire, perch\u00e9 la natura far\u00e0 in ogni caso il suo corso; \u00e8 la <strong>vita umana<\/strong> sul Pianeta ad essere a rischio, a causa dell\u2019azione dell\u2019uomo stesso. La <strong>sostenibilit\u00e0 ambientale<\/strong> \u00e8 attuabile solo in compresenza di una radiata <strong>sostenibilit\u00e0 sociale<\/strong> (ed economica). \u00a0 Purtroppo questo obiettivo \u00e8 ancora <strong>molto lontano da raggiungere<\/strong>: secondo quanto riporta <a href=\"https:\/\/www.oxfamitalia.org\/disuguaglianza-il-potere-al-servizio-di-pochi\/\">Oxfam<\/a>, i cinque uomini pi\u00f9 ricchi al mondo, dall\u2019inizio della pandemia hanno almeno raddoppiato il proprio patrimonio, mentre la ricchezza aggregata dei 5 miliardi di persone pi\u00f9 povere al mondo non ha mostrato alcun segnale di crescita. <strong>\u00a0<\/strong><\/p>\r\n<p>&nbsp;<\/p>\r\n<h2>Sostenibilit\u00e0 sociale: significato<\/h2>\r\n<p>La sostenibilit\u00e0 sociale si riferisce a un approccio che mira a promuovere il <strong>benessere delle comunit\u00e0 nel lungo termine<\/strong>, preservando e migliorando la <strong>qualit\u00e0 della vita<\/strong> <strong>della generazione presente<\/strong> senza compromettere la capacit\u00e0 delle <strong>generazioni future<\/strong> di soddisfare le proprie esigenze. Questa definizione deriva dal <strong>Rapporto Brundtland<\/strong>, un documento pubblicato dalla Commissione mondiale sull\u2019ambiente e lo sviluppo nell\u2019ormai lontano 1987. L\u2019obiettivo dello sviluppo sostenibile \u00e8 dunque creare un <strong>equilibrio<\/strong> armonioso tra gli aspetti economici, sociali e ambientali dello sviluppo, promuovendo una societ\u00e0 <strong>equa<\/strong>, <strong>inclusiva<\/strong> e <strong>sostenibile<\/strong> nel lungo termine. \u00a0 Osservando gli <strong>obiettivi di sviluppo sostenibile<\/strong> delle Nazioni Unite, notiamo che la sostenibilit\u00e0 sociale si traduce in alcune azioni specifiche:<\/p>\r\n<ul>\r\n<li>sconfiggere la <strong>povert\u00e0<\/strong> in tutto il mondo;<\/li>\r\n<li>garantire la <strong>sicurezza alimentare<\/strong> ed <strong>eliminare la fame<\/strong> nell\u2019intero Pianeta;<\/li>\r\n<li>debellare le <strong>malattie pi\u00f9 diffuse<\/strong> garantendo un accesso globale a cure sanitarie adeguate;<\/li>\r\n<li>garantire a tutti, e ovunque, l\u2019accesso a percorsi d\u2019<strong>istruzione<\/strong> e formazione adeguati.<\/li>\r\n<\/ul>\r\n<p>Sono stati fatti dei passi avanti innegabili e importanti in queste direzioni, ma la strada \u00e8 ancora molto lunga. Ad oggi <strong>800 milioni di persone<\/strong> sopravvivono in <strong>condizioni di povert\u00e0 estrema<\/strong>; fame e denutrizione sono tutt\u2019altro che un ricordo lontano. A fronte di un <strong>progressivo esaurimento delle risorse della Terra <\/strong>l\u2019unica strada percorribile \u00e8 quella di trovare <strong>nuovi modelli di produzione<\/strong>, ai quali deve seguire un\u2019<strong>equa distribuzione<\/strong>. Ed ecco che ancora una volta ambiente, economia e societ\u00e0 procedono di pari passo. \u00a0<\/p>\r\n<p>&nbsp;<\/p>\r\n<h2>Come promuovere la sostenibilit\u00e0 sociale?<\/h2>\r\n<p>Vediamo alcuni elementi cruciali coinvolti nel concetto di sostenibilit\u00e0 sociale e le azioni da mettere in pratica per incentivarla:<\/p>\r\n<ul>\r\n<li>promuovere un ambiente in cui tutti gli individui abbiano <strong>accesso a pari opportunit\u00e0<\/strong> e <strong>risorse<\/strong>: istruzione, cure, casa, lavoro dignitoso;<\/li>\r\n<li>fare in modo che nessuno venga <strong>discriminato<\/strong> per alcuna ragione (sesso, orientamento sessuale, politico, religioso, provenienza geografica ecc);<\/li>\r\n<li>assicurare che tutti i membri della societ\u00e0 abbiano <strong>accesso alla giustizia<\/strong> e che i <strong>diritti umani<\/strong> siano rispettati;<\/li>\r\n<li>coinvolgere attivamente la comunit\u00e0 nelle decisioni che influenzano le vite dei suoi membri, incoraggiando la <strong>democrazia partecipativa<\/strong>;<\/li>\r\n<li>preservare e promuovere la <strong>diversit\u00e0 culturale<\/strong> e la ricchezza delle <strong>identit\u00e0<\/strong>;<\/li>\r\n<li>garantire un ambiente che supporti la <strong>salute fisica e mentale<\/strong> delle persone:<\/li>\r\n<li>fare in modo che le <strong>imprese<\/strong> adottino <strong>politiche etiche<\/strong>, rispettino i diritti dei lavoratori e si attivino per la riduzione dell\u2019impatto ambientale delle loro attivit\u00e0;<\/li>\r\n<li>investire in iniziative e progetti che promuovono la <strong>sostenibilit\u00e0 sociale<\/strong>.<\/li>\r\n<\/ul>\r\n<p>Chiaramente, queste pratiche rispecchiano obiettivi che possono perseguire principalmente gli <strong>enti pubblici<\/strong>, le <strong>amministrazioni<\/strong> a livello <strong>locale<\/strong> e <strong>nazionale<\/strong> (oltre che <strong>internazionale<\/strong>). Un ruolo importantissimo \u00e8 giocato dalle <strong>aziende<\/strong> del settore privato, che oltre al proprio impatto ambientale stanno iniziando ad occuparsi seriamente anche di <strong>politiche attive<\/strong> in ambito sociale: da una parte, realizzando progetti in grado di migliorare la vita della comunit\u00e0 del <strong>territorio<\/strong> in cui si trovano; dall\u2019altra, garantendo al proprio <strong>interno<\/strong> i principi della sostenibilit\u00e0 sociale.<\/p>\r\n<p>&nbsp;<\/p>\r\n<p><strong><a class=\"wp-block-button__link has-background wp-element-button\" style=\"border-radius: 15px; background-color: #e96f27;\" href=\"https:\/\/www.retedeldono.it\/?utm_source=blog&amp;utm_medium=direct&amp;utm_campaign=CTA_sostenibilit%C3%A0_sociale_down\">Scopri i progetti di Rete del Dono<\/a><\/strong><\/p>\r\n<p>&nbsp;<\/p>\r\n<p>Nel proprio percorso personale \u00e8 comunque possibile declinare gli obiettivi di sostenibilit\u00e0 sociale offrendo il proprio contributo ogni qualvolta se ne presenti l\u2019occasione: in <strong>famiglia<\/strong>, nel <strong>lavoro<\/strong>, nella <strong>societ\u00e0<\/strong>. \u00c8 importante promuovere anche all\u2019interno del proprio nucleo familiare e delle proprie relazioni <strong>comportamenti socialmente sostenibili<\/strong>, che puntino concretamente ad eliminare ogni tipo di disuguaglianza. Al contempo \u00e8 altrettanto importante <strong>segnalare<\/strong> aspetti e comportamenti opposti a questi principi.<\/p><!-- \/wp:button -->","protected":false},"excerpt":{"rendered":"<p>La sostenibilit\u00e0 sociale \u00e8 una componente fondamentale di uno sviluppo sostenibile che tenga insieme ambiente, economia e societ\u00e0: ecco in che cosa consiste e come promuoverla \u00a0 La sostenibilit\u00e0 sociale&#8230;<\/p>\n","protected":false},"author":11,"featured_media":3123,"comment_status":"open","ping_status":"open","sticky":false,"template":"","format":"standard","meta":{"_acf_changed":false,"footnotes":""},"categories":[16],"tags":[],"class_list":{"0":"post-3121","1":"post","2":"type-post","3":"status-publish","4":"format-standard","5":"has-post-thumbnail","7":"category-sostenibilita"},"acf":{"homepage_rdd":false},"yoast_head":"<!-- This site is optimized with the Yoast SEO plugin v27.5 - https:\/\/yoast.com\/product\/yoast-seo-wordpress\/ -->\n<title>Sostenibilit\u00e0 sociale: cos&#039;\u00e8 e come praticarla in modo efficace - Rete del Dono Magazine<\/title>\n<meta name=\"description\" content=\"La sostenibilit\u00e0 sociale \u00e8 una componente fondamentale di uno sviluppo sostenibile che tenga insieme ambiente, economia e societ\u00e0\" \/>\n<meta name=\"robots\" content=\"index, follow, max-snippet:-1, max-image-preview:large, max-video-preview:-1\" \/>\n<link rel=\"canonical\" href=\"https:\/\/www.retedeldono.it\/magazine\/sostenibilita-sociale\/\" \/>\n<meta property=\"og:locale\" content=\"it_IT\" \/>\n<meta property=\"og:type\" content=\"article\" \/>\n<meta property=\"og:title\" content=\"Sostenibilit\u00e0 sociale: cos&#039;\u00e8 e come praticarla in modo efficace\" \/>\n<meta property=\"og:description\" content=\"La sostenibilit\u00e0 sociale \u00e8 una componente fondamentale di uno sviluppo sostenibile che tenga insieme ambiente, economia e societ\u00e0: ecco in che cosa consiste e come promuoverla\" \/>\n<meta property=\"og:url\" content=\"https:\/\/www.retedeldono.it\/magazine\/sostenibilita-sociale\/\" \/>\n<meta property=\"og:site_name\" content=\"Rete del Dono Magazine\" \/>\n<meta property=\"article:publisher\" content=\"https:\/\/www.facebook.com\/retedeldono\/\" \/>\n<meta property=\"article:published_time\" content=\"2024-02-12T08:53:50+00:00\" \/>\n<meta property=\"article:modified_time\" content=\"2025-12-02T15:44:51+00:00\" \/>\n<meta property=\"og:image\" content=\"https:\/\/magazine.retedeldono.it\/wp-content\/uploads\/2024\/02\/pexels-monstera-production-6238119-1-scaled-e1707480018194.jpg\" \/>\n\t<meta property=\"og:image:width\" content=\"1050\" \/>\n\t<meta property=\"og:image:height\" content=\"700\" \/>\n\t<meta property=\"og:image:type\" content=\"image\/jpeg\" \/>\n<meta name=\"author\" content=\"Elisa Rosso\" \/>\n<meta name=\"twitter:card\" content=\"summary_large_image\" \/>\n<meta name=\"twitter:title\" content=\"Sostenibilit\u00e0 sociale: cos&#039;\u00e8 e come praticarla in modo efficace\" \/>\n<meta name=\"twitter:description\" content=\"La sostenibilit\u00e0 sociale \u00e8 una componente fondamentale di uno sviluppo sostenibile che tenga insieme ambiente, economia e societ\u00e0: ecco in che cosa consiste e come promuoverla\" \/>\n<meta name=\"twitter:image\" content=\"https:\/\/magazine.retedeldono.it\/wp-content\/uploads\/2024\/02\/pexels-monstera-production-6238119-1-scaled-e1707480018194.jpg\" \/>\n<meta name=\"twitter:label1\" content=\"Scritto da\" \/>\n\t<meta name=\"twitter:data1\" content=\"Elisa Rosso\" \/>\n\t<meta name=\"twitter:label2\" content=\"Tempo di lettura stimato\" \/>\n\t<meta name=\"twitter:data2\" content=\"5 minuti\" \/>\n<script type=\"application\/ld+json\" class=\"yoast-schema-graph\">{\"@context\":\"https:\\\/\\\/schema.org\",\"@graph\":[{\"@type\":\"Article\",\"@id\":\"https:\\\/\\\/www.retedeldono.it\\\/magazine\\\/sostenibilita-sociale\\\/#article\",\"isPartOf\":{\"@id\":\"https:\\\/\\\/www.retedeldono.it\\\/magazine\\\/sostenibilita-sociale\\\/\"},\"author\":{\"name\":\"Elisa Rosso\",\"@id\":\"https:\\\/\\\/www.retedeldono.it\\\/magazine\\\/#\\\/schema\\\/person\\\/dd55a2becb70a4059624bae094c03583\"},\"headline\":\"Sostenibilit\u00e0 sociale: cos&#8217;\u00e8 e come praticarla in modo efficace\",\"datePublished\":\"2024-02-12T08:53:50+00:00\",\"dateModified\":\"2025-12-02T15:44:51+00:00\",\"mainEntityOfPage\":{\"@id\":\"https:\\\/\\\/www.retedeldono.it\\\/magazine\\\/sostenibilita-sociale\\\/\"},\"wordCount\":867,\"commentCount\":0,\"image\":{\"@id\":\"https:\\\/\\\/www.retedeldono.it\\\/magazine\\\/sostenibilita-sociale\\\/#primaryimage\"},\"thumbnailUrl\":\"https:\\\/\\\/magazine.retedeldono.it\\\/wp-content\\\/uploads\\\/2024\\\/02\\\/pexels-monstera-production-6238119-scaled-e1707479921401.jpg\",\"articleSection\":[\"Sostenibilit\u00e0\"],\"inLanguage\":\"it-IT\",\"potentialAction\":[{\"@type\":\"CommentAction\",\"name\":\"Comment\",\"target\":[\"https:\\\/\\\/www.retedeldono.it\\\/magazine\\\/sostenibilita-sociale\\\/#respond\"]}]},{\"@type\":\"WebPage\",\"@id\":\"https:\\\/\\\/www.retedeldono.it\\\/magazine\\\/sostenibilita-sociale\\\/\",\"url\":\"https:\\\/\\\/www.retedeldono.it\\\/magazine\\\/sostenibilita-sociale\\\/\",\"name\":\"Sostenibilit\u00e0 sociale: cos'\u00e8 e come praticarla in modo efficace - Rete del Dono Magazine\",\"isPartOf\":{\"@id\":\"https:\\\/\\\/www.retedeldono.it\\\/magazine\\\/#website\"},\"primaryImageOfPage\":{\"@id\":\"https:\\\/\\\/www.retedeldono.it\\\/magazine\\\/sostenibilita-sociale\\\/#primaryimage\"},\"image\":{\"@id\":\"https:\\\/\\\/www.retedeldono.it\\\/magazine\\\/sostenibilita-sociale\\\/#primaryimage\"},\"thumbnailUrl\":\"https:\\\/\\\/magazine.retedeldono.it\\\/wp-content\\\/uploads\\\/2024\\\/02\\\/pexels-monstera-production-6238119-scaled-e1707479921401.jpg\",\"datePublished\":\"2024-02-12T08:53:50+00:00\",\"dateModified\":\"2025-12-02T15:44:51+00:00\",\"author\":{\"@id\":\"https:\\\/\\\/www.retedeldono.it\\\/magazine\\\/#\\\/schema\\\/person\\\/dd55a2becb70a4059624bae094c03583\"},\"description\":\"La sostenibilit\u00e0 sociale \u00e8 una componente fondamentale di uno sviluppo sostenibile che tenga insieme ambiente, economia e societ\u00e0\",\"breadcrumb\":{\"@id\":\"https:\\\/\\\/www.retedeldono.it\\\/magazine\\\/sostenibilita-sociale\\\/#breadcrumb\"},\"inLanguage\":\"it-IT\",\"potentialAction\":[{\"@type\":\"ReadAction\",\"target\":[\"https:\\\/\\\/www.retedeldono.it\\\/magazine\\\/sostenibilita-sociale\\\/\"]}]},{\"@type\":\"ImageObject\",\"inLanguage\":\"it-IT\",\"@id\":\"https:\\\/\\\/www.retedeldono.it\\\/magazine\\\/sostenibilita-sociale\\\/#primaryimage\",\"url\":\"https:\\\/\\\/magazine.retedeldono.it\\\/wp-content\\\/uploads\\\/2024\\\/02\\\/pexels-monstera-production-6238119-scaled-e1707479921401.jpg\",\"contentUrl\":\"https:\\\/\\\/magazine.retedeldono.it\\\/wp-content\\\/uploads\\\/2024\\\/02\\\/pexels-monstera-production-6238119-scaled-e1707479921401.jpg\",\"width\":680,\"height\":680,\"caption\":\"sostenibilit\u00e0 sociale\"},{\"@type\":\"BreadcrumbList\",\"@id\":\"https:\\\/\\\/www.retedeldono.it\\\/magazine\\\/sostenibilita-sociale\\\/#breadcrumb\",\"itemListElement\":[{\"@type\":\"ListItem\",\"position\":1,\"name\":\"Home\",\"item\":\"https:\\\/\\\/www.retedeldono.it\\\/magazine\\\/\"},{\"@type\":\"ListItem\",\"position\":2,\"name\":\"Sostenibilit\u00e0 sociale: cos&#8217;\u00e8 e come praticarla in modo efficace\"}]},{\"@type\":\"WebSite\",\"@id\":\"https:\\\/\\\/www.retedeldono.it\\\/magazine\\\/#website\",\"url\":\"https:\\\/\\\/www.retedeldono.it\\\/magazine\\\/\",\"name\":\"Rete del Dono Magazine\",\"description\":\"Rete del Dono Magazine\",\"potentialAction\":[{\"@type\":\"SearchAction\",\"target\":{\"@type\":\"EntryPoint\",\"urlTemplate\":\"https:\\\/\\\/www.retedeldono.it\\\/magazine\\\/?s={search_term_string}\"},\"query-input\":{\"@type\":\"PropertyValueSpecification\",\"valueRequired\":true,\"valueName\":\"search_term_string\"}}],\"inLanguage\":\"it-IT\"},{\"@type\":\"Person\",\"@id\":\"https:\\\/\\\/www.retedeldono.it\\\/magazine\\\/#\\\/schema\\\/person\\\/dd55a2becb70a4059624bae094c03583\",\"name\":\"Elisa Rosso\",\"image\":{\"@type\":\"ImageObject\",\"inLanguage\":\"it-IT\",\"@id\":\"https:\\\/\\\/secure.gravatar.com\\\/avatar\\\/3aec3818a0581b1c60c2bac3ae3e55d7a00f7084134cbdd18bc732f3d8a8b93f?s=96&d=mm&r=g\",\"url\":\"https:\\\/\\\/secure.gravatar.com\\\/avatar\\\/3aec3818a0581b1c60c2bac3ae3e55d7a00f7084134cbdd18bc732f3d8a8b93f?s=96&d=mm&r=g\",\"contentUrl\":\"https:\\\/\\\/secure.gravatar.com\\\/avatar\\\/3aec3818a0581b1c60c2bac3ae3e55d7a00f7084134cbdd18bc732f3d8a8b93f?s=96&d=mm&r=g\",\"caption\":\"Elisa Rosso\"},\"description\":\"Laureata in Scienze Internazionali e Diplomatiche presso Universit\u00e0 di Torino, lavora da sempre nel non profit e nel sociale con un significativa esperienza nel settore raccolta fondi di grandi e piccole ONP (Amnesty International e NutriAid). Nell\u2019autunno 2016 approda in Rete del Dono, dove si occupa di dare assistenza e consulenza alle ONP e alle Fondazioni per la promozione dei loro progetti e l'ottimizzazione delle campagne di raccolta fondi.\",\"url\":\"https:\\\/\\\/www.retedeldono.it\\\/magazine\\\/author\\\/elisa-rosso\\\/\"}]}<\/script>\n<!-- \/ Yoast SEO plugin. -->","yoast_head_json":{"title":"Sostenibilit\u00e0 sociale: cos'\u00e8 e come praticarla in modo efficace - Rete del Dono Magazine","description":"La sostenibilit\u00e0 sociale \u00e8 una componente fondamentale di uno sviluppo sostenibile che tenga insieme ambiente, economia e societ\u00e0","robots":{"index":"index","follow":"follow","max-snippet":"max-snippet:-1","max-image-preview":"max-image-preview:large","max-video-preview":"max-video-preview:-1"},"canonical":"https:\/\/www.retedeldono.it\/magazine\/sostenibilita-sociale\/","og_locale":"it_IT","og_type":"article","og_title":"Sostenibilit\u00e0 sociale: cos'\u00e8 e come praticarla in modo efficace","og_description":"La sostenibilit\u00e0 sociale \u00e8 una componente fondamentale di uno sviluppo sostenibile che tenga insieme ambiente, economia e societ\u00e0: ecco in che cosa consiste e come promuoverla","og_url":"https:\/\/www.retedeldono.it\/magazine\/sostenibilita-sociale\/","og_site_name":"Rete del Dono Magazine","article_publisher":"https:\/\/www.facebook.com\/retedeldono\/","article_published_time":"2024-02-12T08:53:50+00:00","article_modified_time":"2025-12-02T15:44:51+00:00","og_image":[{"width":1050,"height":700,"url":"https:\/\/magazine.retedeldono.it\/wp-content\/uploads\/2024\/02\/pexels-monstera-production-6238119-1-scaled-e1707480018194.jpg","type":"image\/jpeg"}],"author":"Elisa Rosso","twitter_card":"summary_large_image","twitter_title":"Sostenibilit\u00e0 sociale: cos'\u00e8 e come praticarla in modo efficace","twitter_description":"La sostenibilit\u00e0 sociale \u00e8 una componente fondamentale di uno sviluppo sostenibile che tenga insieme ambiente, economia e societ\u00e0: ecco in che cosa consiste e come promuoverla","twitter_image":"https:\/\/magazine.retedeldono.it\/wp-content\/uploads\/2024\/02\/pexels-monstera-production-6238119-1-scaled-e1707480018194.jpg","twitter_misc":{"Scritto da":"Elisa Rosso","Tempo di lettura stimato":"5 minuti"},"schema":{"@context":"https:\/\/schema.org","@graph":[{"@type":"Article","@id":"https:\/\/www.retedeldono.it\/magazine\/sostenibilita-sociale\/#article","isPartOf":{"@id":"https:\/\/www.retedeldono.it\/magazine\/sostenibilita-sociale\/"},"author":{"name":"Elisa Rosso","@id":"https:\/\/www.retedeldono.it\/magazine\/#\/schema\/person\/dd55a2becb70a4059624bae094c03583"},"headline":"Sostenibilit\u00e0 sociale: cos&#8217;\u00e8 e come praticarla in modo efficace","datePublished":"2024-02-12T08:53:50+00:00","dateModified":"2025-12-02T15:44:51+00:00","mainEntityOfPage":{"@id":"https:\/\/www.retedeldono.it\/magazine\/sostenibilita-sociale\/"},"wordCount":867,"commentCount":0,"image":{"@id":"https:\/\/www.retedeldono.it\/magazine\/sostenibilita-sociale\/#primaryimage"},"thumbnailUrl":"https:\/\/magazine.retedeldono.it\/wp-content\/uploads\/2024\/02\/pexels-monstera-production-6238119-scaled-e1707479921401.jpg","articleSection":["Sostenibilit\u00e0"],"inLanguage":"it-IT","potentialAction":[{"@type":"CommentAction","name":"Comment","target":["https:\/\/www.retedeldono.it\/magazine\/sostenibilita-sociale\/#respond"]}]},{"@type":"WebPage","@id":"https:\/\/www.retedeldono.it\/magazine\/sostenibilita-sociale\/","url":"https:\/\/www.retedeldono.it\/magazine\/sostenibilita-sociale\/","name":"Sostenibilit\u00e0 sociale: cos'\u00e8 e come praticarla in modo efficace - Rete del Dono Magazine","isPartOf":{"@id":"https:\/\/www.retedeldono.it\/magazine\/#website"},"primaryImageOfPage":{"@id":"https:\/\/www.retedeldono.it\/magazine\/sostenibilita-sociale\/#primaryimage"},"image":{"@id":"https:\/\/www.retedeldono.it\/magazine\/sostenibilita-sociale\/#primaryimage"},"thumbnailUrl":"https:\/\/magazine.retedeldono.it\/wp-content\/uploads\/2024\/02\/pexels-monstera-production-6238119-scaled-e1707479921401.jpg","datePublished":"2024-02-12T08:53:50+00:00","dateModified":"2025-12-02T15:44:51+00:00","author":{"@id":"https:\/\/www.retedeldono.it\/magazine\/#\/schema\/person\/dd55a2becb70a4059624bae094c03583"},"description":"La sostenibilit\u00e0 sociale \u00e8 una componente fondamentale di uno sviluppo sostenibile che tenga insieme ambiente, economia e societ\u00e0","breadcrumb":{"@id":"https:\/\/www.retedeldono.it\/magazine\/sostenibilita-sociale\/#breadcrumb"},"inLanguage":"it-IT","potentialAction":[{"@type":"ReadAction","target":["https:\/\/www.retedeldono.it\/magazine\/sostenibilita-sociale\/"]}]},{"@type":"ImageObject","inLanguage":"it-IT","@id":"https:\/\/www.retedeldono.it\/magazine\/sostenibilita-sociale\/#primaryimage","url":"https:\/\/magazine.retedeldono.it\/wp-content\/uploads\/2024\/02\/pexels-monstera-production-6238119-scaled-e1707479921401.jpg","contentUrl":"https:\/\/magazine.retedeldono.it\/wp-content\/uploads\/2024\/02\/pexels-monstera-production-6238119-scaled-e1707479921401.jpg","width":680,"height":680,"caption":"sostenibilit\u00e0 sociale"},{"@type":"BreadcrumbList","@id":"https:\/\/www.retedeldono.it\/magazine\/sostenibilita-sociale\/#breadcrumb","itemListElement":[{"@type":"ListItem","position":1,"name":"Home","item":"https:\/\/www.retedeldono.it\/magazine\/"},{"@type":"ListItem","position":2,"name":"Sostenibilit\u00e0 sociale: cos&#8217;\u00e8 e come praticarla in modo efficace"}]},{"@type":"WebSite","@id":"https:\/\/www.retedeldono.it\/magazine\/#website","url":"https:\/\/www.retedeldono.it\/magazine\/","name":"Rete del Dono Magazine","description":"Rete del Dono Magazine","potentialAction":[{"@type":"SearchAction","target":{"@type":"EntryPoint","urlTemplate":"https:\/\/www.retedeldono.it\/magazine\/?s={search_term_string}"},"query-input":{"@type":"PropertyValueSpecification","valueRequired":true,"valueName":"search_term_string"}}],"inLanguage":"it-IT"},{"@type":"Person","@id":"https:\/\/www.retedeldono.it\/magazine\/#\/schema\/person\/dd55a2becb70a4059624bae094c03583","name":"Elisa Rosso","image":{"@type":"ImageObject","inLanguage":"it-IT","@id":"https:\/\/secure.gravatar.com\/avatar\/3aec3818a0581b1c60c2bac3ae3e55d7a00f7084134cbdd18bc732f3d8a8b93f?s=96&d=mm&r=g","url":"https:\/\/secure.gravatar.com\/avatar\/3aec3818a0581b1c60c2bac3ae3e55d7a00f7084134cbdd18bc732f3d8a8b93f?s=96&d=mm&r=g","contentUrl":"https:\/\/secure.gravatar.com\/avatar\/3aec3818a0581b1c60c2bac3ae3e55d7a00f7084134cbdd18bc732f3d8a8b93f?s=96&d=mm&r=g","caption":"Elisa Rosso"},"description":"Laureata in Scienze Internazionali e Diplomatiche presso Universit\u00e0 di Torino, lavora da sempre nel non profit e nel sociale con un significativa esperienza nel settore raccolta fondi di grandi e piccole ONP (Amnesty International e NutriAid). Nell\u2019autunno 2016 approda in Rete del Dono, dove si occupa di dare assistenza e consulenza alle ONP e alle Fondazioni per la promozione dei loro progetti e l'ottimizzazione delle campagne di raccolta fondi.","url":"https:\/\/www.retedeldono.it\/magazine\/author\/elisa-rosso\/"}]}},"_links":{"self":[{"href":"https:\/\/www.retedeldono.it\/magazine\/wp-json\/wp\/v2\/posts\/3121","targetHints":{"allow":["GET"]}}],"collection":[{"href":"https:\/\/www.retedeldono.it\/magazine\/wp-json\/wp\/v2\/posts"}],"about":[{"href":"https:\/\/www.retedeldono.it\/magazine\/wp-json\/wp\/v2\/types\/post"}],"author":[{"embeddable":true,"href":"https:\/\/www.retedeldono.it\/magazine\/wp-json\/wp\/v2\/users\/11"}],"replies":[{"embeddable":true,"href":"https:\/\/www.retedeldono.it\/magazine\/wp-json\/wp\/v2\/comments?post=3121"}],"version-history":[{"count":5,"href":"https:\/\/www.retedeldono.it\/magazine\/wp-json\/wp\/v2\/posts\/3121\/revisions"}],"predecessor-version":[{"id":4302,"href":"https:\/\/www.retedeldono.it\/magazine\/wp-json\/wp\/v2\/posts\/3121\/revisions\/4302"}],"wp:featuredmedia":[{"embeddable":true,"href":"https:\/\/www.retedeldono.it\/magazine\/wp-json\/wp\/v2\/media\/3123"}],"wp:attachment":[{"href":"https:\/\/www.retedeldono.it\/magazine\/wp-json\/wp\/v2\/media?parent=3121"}],"wp:term":[{"taxonomy":"category","embeddable":true,"href":"https:\/\/www.retedeldono.it\/magazine\/wp-json\/wp\/v2\/categories?post=3121"},{"taxonomy":"post_tag","embeddable":true,"href":"https:\/\/www.retedeldono.it\/magazine\/wp-json\/wp\/v2\/tags?post=3121"}],"curies":[{"name":"wp","href":"https:\/\/api.w.org\/{rel}","templated":true}]}}