{"id":3175,"date":"2024-03-08T17:17:34","date_gmt":"2024-03-08T17:17:34","guid":{"rendered":"https:\/\/www.retedeldono.it\/magazine\/?p=3175"},"modified":"2024-03-12T10:47:37","modified_gmt":"2024-03-12T10:47:37","slug":"non-profit-women-camp-2024","status":"publish","type":"post","link":"https:\/\/www.retedeldono.it\/magazine\/non-profit-women-camp-2024\/","title":{"rendered":"Non Profit Women Camp 2024, le donne prendono posizione"},"content":{"rendered":"<p>Possono le<a href=\"https:\/\/www.retedeldono.it\/magazine\/donne-fundraiser-evoluzione\"> professioniste del Non Profit<\/a> creare dei modelli alternativi di vita e lavoro? La risposta \u00e8 s\u00ec, a giudicare dal successo anche della quarta edizione del <a href=\"https:\/\/nonprofitwomen.camp\/\">Non Profit Women Camp<\/a>. Svoltosi a Torino il 2 marzo scorso, l\u2019evento ha raccolto oltre 300 partecipanti attorno al tema attualissimo \u201c<em>Re-attive<\/em>\u201d. Ne ho parlato con <strong>Federica Maltese<\/strong>, responsabile fundraising per Fondazione Muse Italia e founder della manifestazione.<\/p>\n<h3>Perch\u00e9 il Non Profit Women Camp<\/h3>\n<p>\u201c\u00c8 un\u2019idea nata 5 anni fa un po\u2019 per scommessa\u201d racconta Federica. \u201cDi momenti di networking tra donne del settore gi\u00e0 ce n\u2019erano, ma sentivo la mancanza di uno che aprisse tavoli di riflessioni problematiche, spunti e idee\u201d. Le donne rappresentano infatti la forza lavoro principale del non profit e sarebbe stato interessante capire quanto avrebbero aggregato temi comuni come gli stipendi e la conciliazione tra vita professionale e personale. \u201cAd un certo punto ci convincemmo che saremmo state noi 4 organizzatrici, e invece la prima edizione online fece registrare 120 iscrizioni\u201d.<\/p>\n<h3>Re-attive 2024<\/h3>\n<p>Reattive alla realt\u00e0 che ci circonda, al contesto lavorativo, umano e sociale in cui ci muoviamo, reattive a ci\u00f2 che percepiamo come ingiusto, sbagliato, incoerente. Reattive anche al cambiamento, all&#8217;innovazione. Il tema 2024 ha avuto molte sfaccettature, affrontate brillantemente dalle 10 speaker coinvolte. \u201cViviamo un periodo che richiede prese di posizione, in cui ci rendiamo conto quanto sia vero che se noi non decidiamo lo far\u00e0 qualcun altro al nostro posto. Dalle nostre questioni contrattuali alle guerre in corso, non possiamo aspettare che le cose succedano ma attivarci e chiederci cosa possiamo fare noi\u201d.<\/p>\n<h3>Donne nel sociale: i dati<\/h3>\n<p>Reagire a cosa? Prima bisogna conoscere ci\u00f2 su cui si vuole intervenire. Ecco l\u2019importanza allora dell\u2019affondo di Federica sugli ultimi trend del Terzo Settore a livello lavorativo: in Italia il 75% dei fundraiser \u00e8 donna, ma solo il 25% riveste un ruolo di leadership. Illuminante anche l\u2019intervento di Valentina Bazzarin, che ha sottolineato come i dati, a seconda di come vengono aggregati e presentati, possono non essere n\u00e9 oggettivi n\u00e9 neutrali ma anzi diventare strumenti di esclusione e discriminazione. \u201cQuesto vale anche quando siamo noi ad analizzarli e raccontarli, nei nostri Bilanci sociali e valutazioni di impatto. Avere questa consapevolezza ci aiuta a non essere passive nemmeno sotto questo aspetto\u201d.<\/p>\n<h3>I diritti di chi lavora nel Terzo Settore<\/h3>\n<p>Guardare ai dati aiuta anche a farsi domande \u201cscomode\u201d sul mondo del lavoro, per abbattere dei tab\u00f9: ad esempio sulla differenza salariale tra uomini e donne, presente nel non profit esattamente come negli altri settori. \u201cMichela Calculli ha sottolineato che una battaglia come quella sulla parit\u00e0 salariale va portata avanti prima che ci riguardino in prima persona: una giovane deve considerare che in futuro potrebbe aver bisogno di portare avanti una famiglia da sola, o che vorr\u00e0 trasferirsi in un\u2019altra citt\u00e0 ma oggi il Terzo Settore si concentra solo su Milano e Roma. Io per esempio mi sento una privilegiata per ruolo, stipendio e flessibilit\u00e0, ma proprio dalla mia posizione sento la responsabilit\u00e0 di portare avanti questa lotta anche per le mie colleghe e per quelle che verranno\u201d.<\/p>\n<h3>Negoziare, non contrattare<\/h3>\n<p>In questo senso, lo speech di Alessandra Colonna sulla negoziazione ha toccato un punto chiave. \u201cNegoziare non vuol dire fare compromessi, ma dire s\u00ec alle nostre condizioni: n\u00e9 cedere, n\u00e9 imporsi. Significa concentrarsi non su quanto l\u2019altro possa perdere, ma su quanto tutti possiamo guadagnare se lavoriamo insieme\u201d. Se la negoziazione non \u00e8 solo chiedere, ci ricorda che dobbiamo focalizzarci su ci\u00f2 che come persone e professioniste possiamo dare, piuttosto che solo ricevere. \u201cQuesto \u00e8 lo sprone maggiore per metterci in gioco, anche nelle relazioni con i colleghi: qualcuno sa chiedere, qualcun altro no ma poi si possono creare problemi nel team. Dobbiamo lavorare sempre in ottica win-win, perch\u00e9 le risorse umane non sono intercambiabili. Quando cambia un membro della squadra, cambiano gli equilibri\u201d.<\/p>\n<h3>L&#8217;unione fa la forza<\/h3>\n<p>Questa edizione si \u00e8 distinta per la presenza di una selezione di speaker di alta qualit\u00e0 e il sostegno di oltre venti partner molto diversi tra loro. Un comitato scientifico e uno operativo hanno giocato un ruolo cruciale nel garantire l&#8217;eccellenza necessaria ad un evento del genere.<\/p>\n<p>Un ulteriore fattore di successo \u00e8 stata la digitalizzazione di processi critici, come le iscrizioni. &#8220;Da tre anni a questa parte, il<a href=\"https:\/\/www.retedeldono.it\/ticketing\"> servizio di ticketing fornito da Rete del Dono<\/a> si \u00e8 rivelato indispensabile, permettendoci non solo di semplificare certe operazioni ma anche di raccogliere dati fondamentali che altrimenti andrebbero persi, quali l&#8217;origine degli iscritti e i canali tramite i quali sono stati acquisiti.&#8221;<\/p>\n","protected":false},"excerpt":{"rendered":"<p>Possono le professioniste del Non Profit creare dei modelli alternativi di vita e lavoro? La risposta \u00e8 s\u00ec, a giudicare dal successo anche della quarta edizione del Non Profit Women&#8230;<\/p>\n","protected":false},"author":6,"featured_media":3184,"comment_status":"open","ping_status":"open","sticky":true,"template":"","format":"standard","meta":{"_acf_changed":false,"footnotes":""},"categories":[17],"tags":[],"class_list":{"0":"post-3175","1":"post","2":"type-post","3":"status-publish","4":"format-standard","5":"has-post-thumbnail","7":"category-fundraising"},"acf":{"homepage_rdd":true},"yoast_head":"<!-- This site is optimized with the Yoast SEO plugin v27.5 - https:\/\/yoast.com\/product\/yoast-seo-wordpress\/ -->\n<title>Non Profit Women Camp 2024, le donne prendono posizione<\/title>\n<meta name=\"description\" content=\"Intervista a Federica Maltese, founder del Non Profit Women Camp, sul successo dell&#039;edizione 2024, con oltre 300 partecipanti\" \/>\n<meta name=\"robots\" content=\"index, follow, max-snippet:-1, max-image-preview:large, max-video-preview:-1\" \/>\n<link rel=\"canonical\" href=\"https:\/\/www.retedeldono.it\/magazine\/non-profit-women-camp-2024\/\" \/>\n<meta property=\"og:locale\" content=\"it_IT\" \/>\n<meta property=\"og:type\" content=\"article\" \/>\n<meta property=\"og:title\" content=\"Non Profit Women Camp 2024, le donne prendono posizione\" \/>\n<meta property=\"og:description\" content=\"Scopri tutte le novit\u00e0 dell&#039;edizione 2024 del Non Profit Women Camp, l&#039;evento dedicato a tutte le donne del Terzo Settore.\" \/>\n<meta property=\"og:url\" content=\"https:\/\/www.retedeldono.it\/magazine\/non-profit-women-camp-2024\/\" \/>\n<meta property=\"og:site_name\" content=\"Rete del Dono Magazine\" \/>\n<meta property=\"article:publisher\" content=\"https:\/\/www.facebook.com\/retedeldono\/\" \/>\n<meta property=\"article:published_time\" content=\"2024-03-08T17:17:34+00:00\" \/>\n<meta property=\"article:modified_time\" content=\"2024-03-12T10:47:37+00:00\" \/>\n<meta property=\"og:image\" content=\"https:\/\/magazine.retedeldono.it\/wp-content\/uploads\/2024\/03\/Rete-del-Dono-Magazine.png\" \/>\n\t<meta property=\"og:image:width\" content=\"1000\" \/>\n\t<meta property=\"og:image:height\" content=\"700\" \/>\n\t<meta property=\"og:image:type\" content=\"image\/png\" \/>\n<meta name=\"author\" content=\"Valeria Vitali\" \/>\n<meta name=\"twitter:card\" content=\"summary_large_image\" \/>\n<meta name=\"twitter:title\" content=\"Non Profit Women Camp 2024, le donne prendono posizione\" \/>\n<meta name=\"twitter:description\" content=\"Scopri tutte le novit\u00e0 dell&#039;edizione 2024 del Non Profit Women Camp, l&#039;evento dedicato a tutte le donne del Terzo Settore.\" \/>\n<meta name=\"twitter:image\" content=\"https:\/\/magazine.retedeldono.it\/wp-content\/uploads\/2024\/03\/Rete-del-Dono-Magazine.png\" \/>\n<meta name=\"twitter:label1\" content=\"Scritto da\" \/>\n\t<meta name=\"twitter:data1\" content=\"Valeria Vitali\" \/>\n\t<meta name=\"twitter:label2\" content=\"Tempo di lettura stimato\" \/>\n\t<meta name=\"twitter:data2\" content=\"4 minuti\" \/>\n<script type=\"application\/ld+json\" class=\"yoast-schema-graph\">{\"@context\":\"https:\\\/\\\/schema.org\",\"@graph\":[{\"@type\":\"Article\",\"@id\":\"https:\\\/\\\/www.retedeldono.it\\\/magazine\\\/non-profit-women-camp-2024\\\/#article\",\"isPartOf\":{\"@id\":\"https:\\\/\\\/www.retedeldono.it\\\/magazine\\\/non-profit-women-camp-2024\\\/\"},\"author\":{\"name\":\"Valeria Vitali\",\"@id\":\"https:\\\/\\\/www.retedeldono.it\\\/magazine\\\/#\\\/schema\\\/person\\\/c6beeb7b05f412d2823480967d76ad54\"},\"headline\":\"Non Profit Women Camp 2024, le donne prendono posizione\",\"datePublished\":\"2024-03-08T17:17:34+00:00\",\"dateModified\":\"2024-03-12T10:47:37+00:00\",\"mainEntityOfPage\":{\"@id\":\"https:\\\/\\\/www.retedeldono.it\\\/magazine\\\/non-profit-women-camp-2024\\\/\"},\"wordCount\":754,\"commentCount\":0,\"image\":{\"@id\":\"https:\\\/\\\/www.retedeldono.it\\\/magazine\\\/non-profit-women-camp-2024\\\/#primaryimage\"},\"thumbnailUrl\":\"https:\\\/\\\/magazine.retedeldono.it\\\/wp-content\\\/uploads\\\/2024\\\/03\\\/Rete-del-Dono-Magazine.png\",\"articleSection\":[\"Fundraising\"],\"inLanguage\":\"it-IT\",\"potentialAction\":[{\"@type\":\"CommentAction\",\"name\":\"Comment\",\"target\":[\"https:\\\/\\\/www.retedeldono.it\\\/magazine\\\/non-profit-women-camp-2024\\\/#respond\"]}]},{\"@type\":\"WebPage\",\"@id\":\"https:\\\/\\\/www.retedeldono.it\\\/magazine\\\/non-profit-women-camp-2024\\\/\",\"url\":\"https:\\\/\\\/www.retedeldono.it\\\/magazine\\\/non-profit-women-camp-2024\\\/\",\"name\":\"Non Profit Women Camp 2024, le donne prendono posizione\",\"isPartOf\":{\"@id\":\"https:\\\/\\\/www.retedeldono.it\\\/magazine\\\/#website\"},\"primaryImageOfPage\":{\"@id\":\"https:\\\/\\\/www.retedeldono.it\\\/magazine\\\/non-profit-women-camp-2024\\\/#primaryimage\"},\"image\":{\"@id\":\"https:\\\/\\\/www.retedeldono.it\\\/magazine\\\/non-profit-women-camp-2024\\\/#primaryimage\"},\"thumbnailUrl\":\"https:\\\/\\\/magazine.retedeldono.it\\\/wp-content\\\/uploads\\\/2024\\\/03\\\/Rete-del-Dono-Magazine.png\",\"datePublished\":\"2024-03-08T17:17:34+00:00\",\"dateModified\":\"2024-03-12T10:47:37+00:00\",\"author\":{\"@id\":\"https:\\\/\\\/www.retedeldono.it\\\/magazine\\\/#\\\/schema\\\/person\\\/c6beeb7b05f412d2823480967d76ad54\"},\"description\":\"Intervista a Federica Maltese, founder del Non Profit Women Camp, sul successo dell'edizione 2024, con oltre 300 partecipanti\",\"breadcrumb\":{\"@id\":\"https:\\\/\\\/www.retedeldono.it\\\/magazine\\\/non-profit-women-camp-2024\\\/#breadcrumb\"},\"inLanguage\":\"it-IT\",\"potentialAction\":[{\"@type\":\"ReadAction\",\"target\":[\"https:\\\/\\\/www.retedeldono.it\\\/magazine\\\/non-profit-women-camp-2024\\\/\"]}]},{\"@type\":\"ImageObject\",\"inLanguage\":\"it-IT\",\"@id\":\"https:\\\/\\\/www.retedeldono.it\\\/magazine\\\/non-profit-women-camp-2024\\\/#primaryimage\",\"url\":\"https:\\\/\\\/magazine.retedeldono.it\\\/wp-content\\\/uploads\\\/2024\\\/03\\\/Rete-del-Dono-Magazine.png\",\"contentUrl\":\"https:\\\/\\\/magazine.retedeldono.it\\\/wp-content\\\/uploads\\\/2024\\\/03\\\/Rete-del-Dono-Magazine.png\",\"width\":1000,\"height\":700,\"caption\":\"Rete del Dono Magazine Non Profit Women Camp\"},{\"@type\":\"BreadcrumbList\",\"@id\":\"https:\\\/\\\/www.retedeldono.it\\\/magazine\\\/non-profit-women-camp-2024\\\/#breadcrumb\",\"itemListElement\":[{\"@type\":\"ListItem\",\"position\":1,\"name\":\"Home\",\"item\":\"https:\\\/\\\/www.retedeldono.it\\\/magazine\\\/\"},{\"@type\":\"ListItem\",\"position\":2,\"name\":\"Non Profit Women Camp 2024, le donne prendono posizione\"}]},{\"@type\":\"WebSite\",\"@id\":\"https:\\\/\\\/www.retedeldono.it\\\/magazine\\\/#website\",\"url\":\"https:\\\/\\\/www.retedeldono.it\\\/magazine\\\/\",\"name\":\"Rete del Dono Magazine\",\"description\":\"Rete del Dono Magazine\",\"potentialAction\":[{\"@type\":\"SearchAction\",\"target\":{\"@type\":\"EntryPoint\",\"urlTemplate\":\"https:\\\/\\\/www.retedeldono.it\\\/magazine\\\/?s={search_term_string}\"},\"query-input\":{\"@type\":\"PropertyValueSpecification\",\"valueRequired\":true,\"valueName\":\"search_term_string\"}}],\"inLanguage\":\"it-IT\"},{\"@type\":\"Person\",\"@id\":\"https:\\\/\\\/www.retedeldono.it\\\/magazine\\\/#\\\/schema\\\/person\\\/c6beeb7b05f412d2823480967d76ad54\",\"name\":\"Valeria Vitali\",\"image\":{\"@type\":\"ImageObject\",\"inLanguage\":\"it-IT\",\"@id\":\"https:\\\/\\\/secure.gravatar.com\\\/avatar\\\/ed06510965ea97eb2f14540fc0327ce5bf65b10d085192ae3b38003a07ff151a?s=96&d=mm&r=g\",\"url\":\"https:\\\/\\\/secure.gravatar.com\\\/avatar\\\/ed06510965ea97eb2f14540fc0327ce5bf65b10d085192ae3b38003a07ff151a?s=96&d=mm&r=g\",\"contentUrl\":\"https:\\\/\\\/secure.gravatar.com\\\/avatar\\\/ed06510965ea97eb2f14540fc0327ce5bf65b10d085192ae3b38003a07ff151a?s=96&d=mm&r=g\",\"caption\":\"Valeria Vitali\"},\"description\":\"Dopo una laurea in Scienze Politiche presso Universit\u00e0 degli studi di Pavia e un Master in Cooperazione e Sviluppo a Barcellona, ha iniziato il suo percorso professionale in Italia, occupandosi di comunicazione, per poi allargare i suoi orizzonti all\u2019estero. \u00c8 proprio qui che nasce l\u2019idea di Rete del Dono, l\u2019idea di diffondere in Italia una rivoluzione culturale che avvicini le persone al dono, inteso come gesto di impegno civile. L\u2019innovazione digitale ha fatto la sua parte, facilitando e dando maggior concretezza a questo progetto costruito insieme ad Anna Siccardi.\",\"url\":\"https:\\\/\\\/www.retedeldono.it\\\/magazine\\\/author\\\/valeria-vitali\\\/\"}]}<\/script>\n<!-- \/ Yoast SEO plugin. -->","yoast_head_json":{"title":"Non Profit Women Camp 2024, le donne prendono posizione","description":"Intervista a Federica Maltese, founder del Non Profit Women Camp, sul successo dell'edizione 2024, con oltre 300 partecipanti","robots":{"index":"index","follow":"follow","max-snippet":"max-snippet:-1","max-image-preview":"max-image-preview:large","max-video-preview":"max-video-preview:-1"},"canonical":"https:\/\/www.retedeldono.it\/magazine\/non-profit-women-camp-2024\/","og_locale":"it_IT","og_type":"article","og_title":"Non Profit Women Camp 2024, le donne prendono posizione","og_description":"Scopri tutte le novit\u00e0 dell'edizione 2024 del Non Profit Women Camp, l'evento dedicato a tutte le donne del Terzo Settore.","og_url":"https:\/\/www.retedeldono.it\/magazine\/non-profit-women-camp-2024\/","og_site_name":"Rete del Dono Magazine","article_publisher":"https:\/\/www.facebook.com\/retedeldono\/","article_published_time":"2024-03-08T17:17:34+00:00","article_modified_time":"2024-03-12T10:47:37+00:00","og_image":[{"width":1000,"height":700,"url":"https:\/\/magazine.retedeldono.it\/wp-content\/uploads\/2024\/03\/Rete-del-Dono-Magazine.png","type":"image\/png"}],"author":"Valeria Vitali","twitter_card":"summary_large_image","twitter_title":"Non Profit Women Camp 2024, le donne prendono posizione","twitter_description":"Scopri tutte le novit\u00e0 dell'edizione 2024 del Non Profit Women Camp, l'evento dedicato a tutte le donne del Terzo Settore.","twitter_image":"https:\/\/magazine.retedeldono.it\/wp-content\/uploads\/2024\/03\/Rete-del-Dono-Magazine.png","twitter_misc":{"Scritto da":"Valeria Vitali","Tempo di lettura stimato":"4 minuti"},"schema":{"@context":"https:\/\/schema.org","@graph":[{"@type":"Article","@id":"https:\/\/www.retedeldono.it\/magazine\/non-profit-women-camp-2024\/#article","isPartOf":{"@id":"https:\/\/www.retedeldono.it\/magazine\/non-profit-women-camp-2024\/"},"author":{"name":"Valeria Vitali","@id":"https:\/\/www.retedeldono.it\/magazine\/#\/schema\/person\/c6beeb7b05f412d2823480967d76ad54"},"headline":"Non Profit Women Camp 2024, le donne prendono posizione","datePublished":"2024-03-08T17:17:34+00:00","dateModified":"2024-03-12T10:47:37+00:00","mainEntityOfPage":{"@id":"https:\/\/www.retedeldono.it\/magazine\/non-profit-women-camp-2024\/"},"wordCount":754,"commentCount":0,"image":{"@id":"https:\/\/www.retedeldono.it\/magazine\/non-profit-women-camp-2024\/#primaryimage"},"thumbnailUrl":"https:\/\/magazine.retedeldono.it\/wp-content\/uploads\/2024\/03\/Rete-del-Dono-Magazine.png","articleSection":["Fundraising"],"inLanguage":"it-IT","potentialAction":[{"@type":"CommentAction","name":"Comment","target":["https:\/\/www.retedeldono.it\/magazine\/non-profit-women-camp-2024\/#respond"]}]},{"@type":"WebPage","@id":"https:\/\/www.retedeldono.it\/magazine\/non-profit-women-camp-2024\/","url":"https:\/\/www.retedeldono.it\/magazine\/non-profit-women-camp-2024\/","name":"Non Profit Women Camp 2024, le donne prendono posizione","isPartOf":{"@id":"https:\/\/www.retedeldono.it\/magazine\/#website"},"primaryImageOfPage":{"@id":"https:\/\/www.retedeldono.it\/magazine\/non-profit-women-camp-2024\/#primaryimage"},"image":{"@id":"https:\/\/www.retedeldono.it\/magazine\/non-profit-women-camp-2024\/#primaryimage"},"thumbnailUrl":"https:\/\/magazine.retedeldono.it\/wp-content\/uploads\/2024\/03\/Rete-del-Dono-Magazine.png","datePublished":"2024-03-08T17:17:34+00:00","dateModified":"2024-03-12T10:47:37+00:00","author":{"@id":"https:\/\/www.retedeldono.it\/magazine\/#\/schema\/person\/c6beeb7b05f412d2823480967d76ad54"},"description":"Intervista a Federica Maltese, founder del Non Profit Women Camp, sul successo dell'edizione 2024, con oltre 300 partecipanti","breadcrumb":{"@id":"https:\/\/www.retedeldono.it\/magazine\/non-profit-women-camp-2024\/#breadcrumb"},"inLanguage":"it-IT","potentialAction":[{"@type":"ReadAction","target":["https:\/\/www.retedeldono.it\/magazine\/non-profit-women-camp-2024\/"]}]},{"@type":"ImageObject","inLanguage":"it-IT","@id":"https:\/\/www.retedeldono.it\/magazine\/non-profit-women-camp-2024\/#primaryimage","url":"https:\/\/magazine.retedeldono.it\/wp-content\/uploads\/2024\/03\/Rete-del-Dono-Magazine.png","contentUrl":"https:\/\/magazine.retedeldono.it\/wp-content\/uploads\/2024\/03\/Rete-del-Dono-Magazine.png","width":1000,"height":700,"caption":"Rete del Dono Magazine Non Profit Women Camp"},{"@type":"BreadcrumbList","@id":"https:\/\/www.retedeldono.it\/magazine\/non-profit-women-camp-2024\/#breadcrumb","itemListElement":[{"@type":"ListItem","position":1,"name":"Home","item":"https:\/\/www.retedeldono.it\/magazine\/"},{"@type":"ListItem","position":2,"name":"Non Profit Women Camp 2024, le donne prendono posizione"}]},{"@type":"WebSite","@id":"https:\/\/www.retedeldono.it\/magazine\/#website","url":"https:\/\/www.retedeldono.it\/magazine\/","name":"Rete del Dono Magazine","description":"Rete del Dono Magazine","potentialAction":[{"@type":"SearchAction","target":{"@type":"EntryPoint","urlTemplate":"https:\/\/www.retedeldono.it\/magazine\/?s={search_term_string}"},"query-input":{"@type":"PropertyValueSpecification","valueRequired":true,"valueName":"search_term_string"}}],"inLanguage":"it-IT"},{"@type":"Person","@id":"https:\/\/www.retedeldono.it\/magazine\/#\/schema\/person\/c6beeb7b05f412d2823480967d76ad54","name":"Valeria Vitali","image":{"@type":"ImageObject","inLanguage":"it-IT","@id":"https:\/\/secure.gravatar.com\/avatar\/ed06510965ea97eb2f14540fc0327ce5bf65b10d085192ae3b38003a07ff151a?s=96&d=mm&r=g","url":"https:\/\/secure.gravatar.com\/avatar\/ed06510965ea97eb2f14540fc0327ce5bf65b10d085192ae3b38003a07ff151a?s=96&d=mm&r=g","contentUrl":"https:\/\/secure.gravatar.com\/avatar\/ed06510965ea97eb2f14540fc0327ce5bf65b10d085192ae3b38003a07ff151a?s=96&d=mm&r=g","caption":"Valeria Vitali"},"description":"Dopo una laurea in Scienze Politiche presso Universit\u00e0 degli studi di Pavia e un Master in Cooperazione e Sviluppo a Barcellona, ha iniziato il suo percorso professionale in Italia, occupandosi di comunicazione, per poi allargare i suoi orizzonti all\u2019estero. \u00c8 proprio qui che nasce l\u2019idea di Rete del Dono, l\u2019idea di diffondere in Italia una rivoluzione culturale che avvicini le persone al dono, inteso come gesto di impegno civile. L\u2019innovazione digitale ha fatto la sua parte, facilitando e dando maggior concretezza a questo progetto costruito insieme ad Anna Siccardi.","url":"https:\/\/www.retedeldono.it\/magazine\/author\/valeria-vitali\/"}]}},"_links":{"self":[{"href":"https:\/\/www.retedeldono.it\/magazine\/wp-json\/wp\/v2\/posts\/3175","targetHints":{"allow":["GET"]}}],"collection":[{"href":"https:\/\/www.retedeldono.it\/magazine\/wp-json\/wp\/v2\/posts"}],"about":[{"href":"https:\/\/www.retedeldono.it\/magazine\/wp-json\/wp\/v2\/types\/post"}],"author":[{"embeddable":true,"href":"https:\/\/www.retedeldono.it\/magazine\/wp-json\/wp\/v2\/users\/6"}],"replies":[{"embeddable":true,"href":"https:\/\/www.retedeldono.it\/magazine\/wp-json\/wp\/v2\/comments?post=3175"}],"version-history":[{"count":3,"href":"https:\/\/www.retedeldono.it\/magazine\/wp-json\/wp\/v2\/posts\/3175\/revisions"}],"predecessor-version":[{"id":3203,"href":"https:\/\/www.retedeldono.it\/magazine\/wp-json\/wp\/v2\/posts\/3175\/revisions\/3203"}],"wp:featuredmedia":[{"embeddable":true,"href":"https:\/\/www.retedeldono.it\/magazine\/wp-json\/wp\/v2\/media\/3184"}],"wp:attachment":[{"href":"https:\/\/www.retedeldono.it\/magazine\/wp-json\/wp\/v2\/media?parent=3175"}],"wp:term":[{"taxonomy":"category","embeddable":true,"href":"https:\/\/www.retedeldono.it\/magazine\/wp-json\/wp\/v2\/categories?post=3175"},{"taxonomy":"post_tag","embeddable":true,"href":"https:\/\/www.retedeldono.it\/magazine\/wp-json\/wp\/v2\/tags?post=3175"}],"curies":[{"name":"wp","href":"https:\/\/api.w.org\/{rel}","templated":true}]}}