{"id":3187,"date":"2025-03-11T17:37:11","date_gmt":"2025-03-11T17:37:11","guid":{"rendered":"https:\/\/www.retedeldono.it\/magazine\/?p=3187"},"modified":"2025-12-01T10:30:02","modified_gmt":"2025-12-01T10:30:02","slug":"8x1000","status":"publish","type":"post","link":"https:\/\/www.retedeldono.it\/magazine\/8x1000\/","title":{"rendered":"8&#215;1000: cos&#8217;\u00e8, come donarlo e come riceverlo"},"content":{"rendered":"<p><em>L\u20198&#215;1000 \u00e8 la percentuale dell\u2019irpef destinata alle confessioni religiose o allo Stato: la scelta spetta ai contribuenti, in fase di dichiarazione dei redditi. Ecco come funziona.<\/em><\/p>\r\n<p>&nbsp;<\/p>\r\n<p>Tra le diverse voci presenti nel <a href=\"https:\/\/www.retedeldono.it\/magazine\/detrazione-oneri-ed-erogazioni-liberali\/\"><strong>modello 730<\/strong><\/a>, in fase di <a href=\"https:\/\/www.retedeldono.it\/magazine\/deduzione-e-detrazione\/\"><strong>dichiarazione dei redditi<\/strong><\/a>, c\u2019\u00e8 l\u2019<strong>8&#215;1000<\/strong>. Si tratta di un <strong>contributo<\/strong> destinato alle <strong>confessioni religiose<\/strong> tra le quali ogni cittadino contribuente pu\u00f2 scegliere. Vediamo di capire meglio come funziona l\u20198&#215;1000, come effettuare la scelta per la destinazione dell&#8217;otto per mille e come vengono utilizzati i fondi ricevuti.<\/p>\r\n<p>&nbsp;<\/p>\r\n<p><!-- \/wp:post-content -->\r\n\r\n<!-- wp:buttons --><\/p>\r\n<div class=\"wp-block-buttons\"><!-- wp:button {\"style\":{\"border\":{\"radius\":\"15px\"},\"color\":{\"background\":\"#00a8c4\"}}} -->\r\n<div class=\"wp-block-button\"><strong><a class=\"wp-block-button__link has-background wp-element-button\" style=\"border-radius: 15px; background-color: #e96f27;\" href=\"https:\/\/www.retedeldono.it\/?utm_source=blog&amp;utm_medium=direct&amp;utm_campaign=CTA_8_x_1000_top\">Scopri i progetti di Rete del Dono<\/a><\/strong><\/div>\r\n<div>\u00a0<\/div>\r\n<\/div>\r\n<h2>Chi pu\u00f2 ricevere 8&#215;1000?<\/h2>\r\n<p>L&#8217;8&#215;1000 \u00e8 la quota di imposta sul reddito delle persone fisiche \u00a0che lo <strong>Stato<\/strong> italiano assegna tra s\u00e9 stesso e le <strong>diverse confessioni religiose<\/strong>, in base alla <strong>scelta del contribuente<\/strong> in sede di <a href=\"https:\/\/www.retedeldono.it\/magazine\/le-donazioni-si-possono-scaricare\/\">dichiarazione dei redditi<\/a>. L\u2019origine di questa quota risale al <strong>1984<\/strong>, quando giunsero a conclusione i finanziamenti diretti dello Stato alla Chiesa Cattolica: si trattava quindi, inizialmente, di una forma di finanziamento indiretta alla Chiesa Cattolica. Poi, nel corso degli anni, la platea dei destinatari \u00e8 stata gradualmente ampliata, aggiungendo nuove confessioni.<\/p>\r\n<p>&nbsp;<\/p>\r\n<p>Oggi l\u20198 per mille pu\u00f2 esser destinato a:<\/p>\r\n<ul>\r\n<li>Stato;<\/li>\r\n<li>Chiesa Cattolica;<\/li>\r\n<li>Unione italiana delle Chiese Cristiane Avventiste del 7\u00b0 giorno;<\/li>\r\n<li>Assemblee di Dio in Italia;<\/li>\r\n<li>Chiesa Evangelica Valdese (Unione delle Chiese metodiste e Valdesi);<\/li>\r\n<li>Chiesa Evangelica Luterana in Italia;<\/li>\r\n<li>Unione delle Comunit\u00e0 Ebraiche Italiane;<\/li>\r\n<li>Sacra Arcidiocesi ortodossa d&#8217;Italia ed Esarcato per l&#8217;Europa Meridionale;<\/li>\r\n<li>Chiesa apostolica in Italia;<\/li>\r\n<li>Unione Cristiana Evangelica Battista d&#8217;Italia;<\/li>\r\n<li>Unione Buddhista Italiana;<\/li>\r\n<li>Unione Induista Italiana;<\/li>\r\n<li>Istituto Buddista Italiano Soka Gakkai (IBISG);<\/li>\r\n<li>Associazione \u201cChiesa d\u2019Inghilterra\u201d.<\/li>\r\n<\/ul>\r\n<p>Alcune trattative sono <strong>rimaste in sospeso<\/strong> (ad esempio con l\u2019Unione delle comunit\u00e0 e organizzazioni islamiche in Italia). L\u2019iter \u00e8 in ogni caso materia complessa, che richiede l\u2019approvazione del Parlamento. <strong>Non esiste una procedura standard<\/strong> e le associazioni e organizzazioni del Terzo Settore non possono fare richiesta (per questa casistica esiste infatti il <strong><a href=\"https:\/\/www.retedeldono.it\/magazine\/5-per-mille\/\">5permille<\/a><\/strong>). Alcune confessioni possono per\u00f2 scegliere di destinare i fondi, o parte di essi, ad associazioni e organizzazioni del <a href=\"https:\/\/www.retedeldono.it\/magazine\/riforma-terzo-settore\/\">Terzo Settore<\/a>.<\/p>\r\n<p>&nbsp;<\/p>\r\n<h2>Cosa fa la Chiesa con l&#8217;otto per mille?<\/h2>\r\n<p>Per ogni confessione sono presenti alcune <strong>indicazioni generali<\/strong> relative all\u2019utilizzo dei fondi dell\u20198&#215;1000. La <strong>Chiesa Cattolica<\/strong> li utilizza \u201ca scopi di carattere <strong>religioso<\/strong> o <strong>caritativo<\/strong>\u201d. Altre confessioni, come la Chiesa Avventista, le Assemblee di Dio, la Chiesa Evangelica Valdese e Lutarana, cos\u00ec come l\u2019Unione Buddhista e Induista, destinano questi fondi prevalentemente ad interventi in ambito <strong>sociale<\/strong>, <strong>assistenziale<\/strong>, <a href=\"https:\/\/www.retedeldono.it\/magazine\/organizzazioni-non-governative\/\"><strong>umanitario<\/strong><\/a>. Ciascuna confessione ha poi una sua particolare vocazione. Ad esempio, l\u2019Unione delle Comunit\u00e0 Ebraiche si occupa prevalentemente della tutela degli interessi, delle tradizioni, dei beni culturali ebraici e delle minoranze, contro il razzismo e l&#8217;antisemitismo.<\/p>\r\n<p>&nbsp;<\/p>\r\n<p>Scegliendo invece di destinare allo <strong>Stato<\/strong> l\u20198&#215;1000 (a diretta gestione statale) si pu\u00f2 anche indicare la <strong>finalit\u00e0<\/strong> scegliendo tra: <a href=\"https:\/\/www.retedeldono.it\/magazine\/donazioni-poveri\/\"><strong>fame nel mondo<\/strong><\/a>, <strong>calamit\u00e0 naturali<\/strong>, assistenza ai <strong>rifugiati<\/strong> e ai <a href=\"https:\/\/www.retedeldono.it\/magazine\/donazioni-bambini\/\"><strong>minori<\/strong><\/a>, conservazione di <strong>beni culturali<\/strong>, <strong>edilizia scolastica<\/strong>.<\/p>\r\n<p>&nbsp;<\/p>\r\n<p><strong><a class=\"wp-block-button__link has-background wp-element-button\" style=\"border-radius: 15px; background-color: #e96f27;\" href=\"https:\/\/www.retedeldono.it\/?utm_source=blog&amp;utm_medium=direct&amp;utm_campaign=CTA_8_x_1000_down\">Scopri i progetti di Rete del Dono<\/a><\/strong><\/p>\r\n<p>&nbsp;<\/p>\r\n<h2>Cosa succede se non scelgo 8&#215;1000?<\/h2>\r\n<p>La mancata scelta dell&#8217;otto per mille dell&#8217;irpef non determina la sua assenza. Semplicemente, l\u2019ottox1000 del gettito irpef di chi non effettua la scelta viene <strong>ripartito equamente<\/strong> tra i diversi beneficiari, rispettando le <strong>proporzioni<\/strong> delle scelte espresse dai cittadini che hanno manifestato la loro opzione.<\/p>\r\n<p>&nbsp;<\/p>\r\n<h2>Qual \u00e8 la differenza tra 5 per mille e 8 per mille?<\/h2>\r\n<p>Il <strong>5per mille<\/strong> \u00e8 una quota dell\u2019irpef che i contribuenti possono destinare agli <a href=\"https:\/\/www.retedeldono.it\/magazine\/terzo-settore\/\"><strong>enti del Terzo Settore<\/strong><\/a>. Qui la scelta \u00e8 molto pi\u00f9 ampia, in quanto la maggior parte delle associazioni e delle organizzazioni iscritte al Runts offre la possibilit\u00e0 di destinare questa quota alla propria realt\u00e0. L\u20198 per mille, come abbiamo visto, riguarda esclusivamente le confessioni religiose sopra indicate. Infine, ricordiamo che il <strong>due per mille<\/strong> \u00e8 destinato ai <strong>partiti politici<\/strong>.<\/p>\r\n<p>&nbsp;<\/p>\r\n<h2>Dove inserire 8 per mille nel 730 precompilato?<\/h2>\r\n<p>Per indicare la propria scelta relativa all\u20198 per mille nel modello 730 \u00e8 sufficiente <strong>apporre la propria firma<\/strong> sotto il riquadro indicato con la denominazione del beneficiario.<\/p><!-- \/wp:button -->","protected":false},"excerpt":{"rendered":"<p>L\u20198&#215;1000 \u00e8 la percentuale dell\u2019irpef destinata alle confessioni religiose o allo Stato: la scelta spetta ai contribuenti, in fase di dichiarazione dei redditi. Ecco come funziona. &nbsp; Tra le diverse&#8230;<\/p>\n","protected":false},"author":11,"featured_media":3188,"comment_status":"open","ping_status":"open","sticky":true,"template":"","format":"standard","meta":{"_acf_changed":false,"footnotes":""},"categories":[1],"tags":[],"class_list":{"0":"post-3187","1":"post","2":"type-post","3":"status-publish","4":"format-standard","5":"has-post-thumbnail","7":"category-community"},"acf":{"homepage_rdd":false},"yoast_head":"<!-- This site is optimized with the Yoast SEO plugin v27.5 - https:\/\/yoast.com\/product\/yoast-seo-wordpress\/ -->\n<title>8x1000: cos&#039;\u00e8, come donarlo e come riceverlo - Rete del Dono Magazine<\/title>\n<meta name=\"description\" content=\"L\u20198x1000 \u00e8 la percentuale destinata a confessioni religiose o allo Stato: la scelta spetta ai contribuenti, nella dichiarazione dei redditi\" \/>\n<meta name=\"robots\" content=\"index, follow, max-snippet:-1, max-image-preview:large, max-video-preview:-1\" \/>\n<link rel=\"canonical\" href=\"https:\/\/www.retedeldono.it\/magazine\/8x1000\/\" \/>\n<meta property=\"og:locale\" content=\"it_IT\" \/>\n<meta property=\"og:type\" content=\"article\" \/>\n<meta property=\"og:title\" content=\"8x1000: cos&#039;\u00e8, come donarlo e come riceverlo\" \/>\n<meta property=\"og:description\" content=\"L\u20198x1000 \u00e8 la percentuale dell\u2019irpef destinata alle confessioni religiose o allo Stato: la scelta spetta ai contribuenti, in fase di dichiarazione dei redditi. Ecco come funziona.\" \/>\n<meta property=\"og:url\" content=\"https:\/\/www.retedeldono.it\/magazine\/8x1000\/\" \/>\n<meta property=\"og:site_name\" content=\"Rete del Dono Magazine\" \/>\n<meta property=\"article:publisher\" content=\"https:\/\/www.facebook.com\/retedeldono\/\" \/>\n<meta property=\"article:published_time\" content=\"2025-03-11T17:37:11+00:00\" \/>\n<meta property=\"article:modified_time\" content=\"2025-12-01T10:30:02+00:00\" \/>\n<meta property=\"og:image\" content=\"https:\/\/magazine.retedeldono.it\/wp-content\/uploads\/2024\/03\/8x1000-scaled.jpg\" \/>\n\t<meta property=\"og:image:width\" content=\"2560\" \/>\n\t<meta property=\"og:image:height\" content=\"1707\" \/>\n\t<meta property=\"og:image:type\" content=\"image\/jpeg\" \/>\n<meta name=\"author\" content=\"Elisa Rosso\" \/>\n<meta name=\"twitter:card\" content=\"summary_large_image\" \/>\n<meta name=\"twitter:title\" content=\"8x1000: cos&#039;\u00e8, come donarlo e come riceverlo\" \/>\n<meta name=\"twitter:description\" content=\"L\u20198x1000 \u00e8 la percentuale dell\u2019irpef destinata alle confessioni religiose o allo Stato: la scelta spetta ai contribuenti, in fase di dichiarazione dei redditi. Ecco come funziona.\" \/>\n<meta name=\"twitter:image\" content=\"https:\/\/magazine.retedeldono.it\/wp-content\/uploads\/2024\/03\/8x1000-scaled.jpg\" \/>\n<meta name=\"twitter:label1\" content=\"Scritto da\" \/>\n\t<meta name=\"twitter:data1\" content=\"Elisa Rosso\" \/>\n\t<meta name=\"twitter:label2\" content=\"Tempo di lettura stimato\" \/>\n\t<meta name=\"twitter:data2\" content=\"4 minuti\" \/>\n<script type=\"application\/ld+json\" class=\"yoast-schema-graph\">{\"@context\":\"https:\\\/\\\/schema.org\",\"@graph\":[{\"@type\":\"Article\",\"@id\":\"https:\\\/\\\/www.retedeldono.it\\\/magazine\\\/8x1000\\\/#article\",\"isPartOf\":{\"@id\":\"https:\\\/\\\/www.retedeldono.it\\\/magazine\\\/8x1000\\\/\"},\"author\":{\"name\":\"Elisa Rosso\",\"@id\":\"https:\\\/\\\/www.retedeldono.it\\\/magazine\\\/#\\\/schema\\\/person\\\/dd55a2becb70a4059624bae094c03583\"},\"headline\":\"8&#215;1000: cos&#8217;\u00e8, come donarlo e come riceverlo\",\"datePublished\":\"2025-03-11T17:37:11+00:00\",\"dateModified\":\"2025-12-01T10:30:02+00:00\",\"mainEntityOfPage\":{\"@id\":\"https:\\\/\\\/www.retedeldono.it\\\/magazine\\\/8x1000\\\/\"},\"wordCount\":665,\"commentCount\":0,\"image\":{\"@id\":\"https:\\\/\\\/www.retedeldono.it\\\/magazine\\\/8x1000\\\/#primaryimage\"},\"thumbnailUrl\":\"https:\\\/\\\/magazine.retedeldono.it\\\/wp-content\\\/uploads\\\/2024\\\/03\\\/8x1000-Copia-scaled.jpg\",\"articleSection\":[\"Community\"],\"inLanguage\":\"it-IT\",\"potentialAction\":[{\"@type\":\"CommentAction\",\"name\":\"Comment\",\"target\":[\"https:\\\/\\\/www.retedeldono.it\\\/magazine\\\/8x1000\\\/#respond\"]}]},{\"@type\":\"WebPage\",\"@id\":\"https:\\\/\\\/www.retedeldono.it\\\/magazine\\\/8x1000\\\/\",\"url\":\"https:\\\/\\\/www.retedeldono.it\\\/magazine\\\/8x1000\\\/\",\"name\":\"8x1000: cos'\u00e8, come donarlo e come riceverlo - Rete del Dono Magazine\",\"isPartOf\":{\"@id\":\"https:\\\/\\\/www.retedeldono.it\\\/magazine\\\/#website\"},\"primaryImageOfPage\":{\"@id\":\"https:\\\/\\\/www.retedeldono.it\\\/magazine\\\/8x1000\\\/#primaryimage\"},\"image\":{\"@id\":\"https:\\\/\\\/www.retedeldono.it\\\/magazine\\\/8x1000\\\/#primaryimage\"},\"thumbnailUrl\":\"https:\\\/\\\/magazine.retedeldono.it\\\/wp-content\\\/uploads\\\/2024\\\/03\\\/8x1000-Copia-scaled.jpg\",\"datePublished\":\"2025-03-11T17:37:11+00:00\",\"dateModified\":\"2025-12-01T10:30:02+00:00\",\"author\":{\"@id\":\"https:\\\/\\\/www.retedeldono.it\\\/magazine\\\/#\\\/schema\\\/person\\\/dd55a2becb70a4059624bae094c03583\"},\"description\":\"L\u20198x1000 \u00e8 la percentuale destinata a confessioni religiose o allo Stato: la scelta spetta ai contribuenti, nella dichiarazione dei redditi\",\"breadcrumb\":{\"@id\":\"https:\\\/\\\/www.retedeldono.it\\\/magazine\\\/8x1000\\\/#breadcrumb\"},\"inLanguage\":\"it-IT\",\"potentialAction\":[{\"@type\":\"ReadAction\",\"target\":[\"https:\\\/\\\/www.retedeldono.it\\\/magazine\\\/8x1000\\\/\"]}]},{\"@type\":\"ImageObject\",\"inLanguage\":\"it-IT\",\"@id\":\"https:\\\/\\\/www.retedeldono.it\\\/magazine\\\/8x1000\\\/#primaryimage\",\"url\":\"https:\\\/\\\/magazine.retedeldono.it\\\/wp-content\\\/uploads\\\/2024\\\/03\\\/8x1000-Copia-scaled.jpg\",\"contentUrl\":\"https:\\\/\\\/magazine.retedeldono.it\\\/wp-content\\\/uploads\\\/2024\\\/03\\\/8x1000-Copia-scaled.jpg\",\"width\":2560,\"height\":2560,\"caption\":\"8x1000\"},{\"@type\":\"BreadcrumbList\",\"@id\":\"https:\\\/\\\/www.retedeldono.it\\\/magazine\\\/8x1000\\\/#breadcrumb\",\"itemListElement\":[{\"@type\":\"ListItem\",\"position\":1,\"name\":\"Home\",\"item\":\"https:\\\/\\\/www.retedeldono.it\\\/magazine\\\/\"},{\"@type\":\"ListItem\",\"position\":2,\"name\":\"8&#215;1000: cos&#8217;\u00e8, come donarlo e come riceverlo\"}]},{\"@type\":\"WebSite\",\"@id\":\"https:\\\/\\\/www.retedeldono.it\\\/magazine\\\/#website\",\"url\":\"https:\\\/\\\/www.retedeldono.it\\\/magazine\\\/\",\"name\":\"Rete del Dono Magazine\",\"description\":\"Rete del Dono Magazine\",\"potentialAction\":[{\"@type\":\"SearchAction\",\"target\":{\"@type\":\"EntryPoint\",\"urlTemplate\":\"https:\\\/\\\/www.retedeldono.it\\\/magazine\\\/?s={search_term_string}\"},\"query-input\":{\"@type\":\"PropertyValueSpecification\",\"valueRequired\":true,\"valueName\":\"search_term_string\"}}],\"inLanguage\":\"it-IT\"},{\"@type\":\"Person\",\"@id\":\"https:\\\/\\\/www.retedeldono.it\\\/magazine\\\/#\\\/schema\\\/person\\\/dd55a2becb70a4059624bae094c03583\",\"name\":\"Elisa Rosso\",\"image\":{\"@type\":\"ImageObject\",\"inLanguage\":\"it-IT\",\"@id\":\"https:\\\/\\\/secure.gravatar.com\\\/avatar\\\/3aec3818a0581b1c60c2bac3ae3e55d7a00f7084134cbdd18bc732f3d8a8b93f?s=96&d=mm&r=g\",\"url\":\"https:\\\/\\\/secure.gravatar.com\\\/avatar\\\/3aec3818a0581b1c60c2bac3ae3e55d7a00f7084134cbdd18bc732f3d8a8b93f?s=96&d=mm&r=g\",\"contentUrl\":\"https:\\\/\\\/secure.gravatar.com\\\/avatar\\\/3aec3818a0581b1c60c2bac3ae3e55d7a00f7084134cbdd18bc732f3d8a8b93f?s=96&d=mm&r=g\",\"caption\":\"Elisa Rosso\"},\"description\":\"Laureata in Scienze Internazionali e Diplomatiche presso Universit\u00e0 di Torino, lavora da sempre nel non profit e nel sociale con un significativa esperienza nel settore raccolta fondi di grandi e piccole ONP (Amnesty International e NutriAid). Nell\u2019autunno 2016 approda in Rete del Dono, dove si occupa di dare assistenza e consulenza alle ONP e alle Fondazioni per la promozione dei loro progetti e l'ottimizzazione delle campagne di raccolta fondi.\",\"url\":\"https:\\\/\\\/www.retedeldono.it\\\/magazine\\\/author\\\/elisa-rosso\\\/\"}]}<\/script>\n<!-- \/ Yoast SEO plugin. -->","yoast_head_json":{"title":"8x1000: cos'\u00e8, come donarlo e come riceverlo - Rete del Dono Magazine","description":"L\u20198x1000 \u00e8 la percentuale destinata a confessioni religiose o allo Stato: la scelta spetta ai contribuenti, nella dichiarazione dei redditi","robots":{"index":"index","follow":"follow","max-snippet":"max-snippet:-1","max-image-preview":"max-image-preview:large","max-video-preview":"max-video-preview:-1"},"canonical":"https:\/\/www.retedeldono.it\/magazine\/8x1000\/","og_locale":"it_IT","og_type":"article","og_title":"8x1000: cos'\u00e8, come donarlo e come riceverlo","og_description":"L\u20198x1000 \u00e8 la percentuale dell\u2019irpef destinata alle confessioni religiose o allo Stato: la scelta spetta ai contribuenti, in fase di dichiarazione dei redditi. Ecco come funziona.","og_url":"https:\/\/www.retedeldono.it\/magazine\/8x1000\/","og_site_name":"Rete del Dono Magazine","article_publisher":"https:\/\/www.facebook.com\/retedeldono\/","article_published_time":"2025-03-11T17:37:11+00:00","article_modified_time":"2025-12-01T10:30:02+00:00","og_image":[{"width":2560,"height":1707,"url":"https:\/\/magazine.retedeldono.it\/wp-content\/uploads\/2024\/03\/8x1000-scaled.jpg","type":"image\/jpeg"}],"author":"Elisa Rosso","twitter_card":"summary_large_image","twitter_title":"8x1000: cos'\u00e8, come donarlo e come riceverlo","twitter_description":"L\u20198x1000 \u00e8 la percentuale dell\u2019irpef destinata alle confessioni religiose o allo Stato: la scelta spetta ai contribuenti, in fase di dichiarazione dei redditi. Ecco come funziona.","twitter_image":"https:\/\/magazine.retedeldono.it\/wp-content\/uploads\/2024\/03\/8x1000-scaled.jpg","twitter_misc":{"Scritto da":"Elisa Rosso","Tempo di lettura stimato":"4 minuti"},"schema":{"@context":"https:\/\/schema.org","@graph":[{"@type":"Article","@id":"https:\/\/www.retedeldono.it\/magazine\/8x1000\/#article","isPartOf":{"@id":"https:\/\/www.retedeldono.it\/magazine\/8x1000\/"},"author":{"name":"Elisa Rosso","@id":"https:\/\/www.retedeldono.it\/magazine\/#\/schema\/person\/dd55a2becb70a4059624bae094c03583"},"headline":"8&#215;1000: cos&#8217;\u00e8, come donarlo e come riceverlo","datePublished":"2025-03-11T17:37:11+00:00","dateModified":"2025-12-01T10:30:02+00:00","mainEntityOfPage":{"@id":"https:\/\/www.retedeldono.it\/magazine\/8x1000\/"},"wordCount":665,"commentCount":0,"image":{"@id":"https:\/\/www.retedeldono.it\/magazine\/8x1000\/#primaryimage"},"thumbnailUrl":"https:\/\/magazine.retedeldono.it\/wp-content\/uploads\/2024\/03\/8x1000-Copia-scaled.jpg","articleSection":["Community"],"inLanguage":"it-IT","potentialAction":[{"@type":"CommentAction","name":"Comment","target":["https:\/\/www.retedeldono.it\/magazine\/8x1000\/#respond"]}]},{"@type":"WebPage","@id":"https:\/\/www.retedeldono.it\/magazine\/8x1000\/","url":"https:\/\/www.retedeldono.it\/magazine\/8x1000\/","name":"8x1000: cos'\u00e8, come donarlo e come riceverlo - Rete del Dono Magazine","isPartOf":{"@id":"https:\/\/www.retedeldono.it\/magazine\/#website"},"primaryImageOfPage":{"@id":"https:\/\/www.retedeldono.it\/magazine\/8x1000\/#primaryimage"},"image":{"@id":"https:\/\/www.retedeldono.it\/magazine\/8x1000\/#primaryimage"},"thumbnailUrl":"https:\/\/magazine.retedeldono.it\/wp-content\/uploads\/2024\/03\/8x1000-Copia-scaled.jpg","datePublished":"2025-03-11T17:37:11+00:00","dateModified":"2025-12-01T10:30:02+00:00","author":{"@id":"https:\/\/www.retedeldono.it\/magazine\/#\/schema\/person\/dd55a2becb70a4059624bae094c03583"},"description":"L\u20198x1000 \u00e8 la percentuale destinata a confessioni religiose o allo Stato: la scelta spetta ai contribuenti, nella dichiarazione dei redditi","breadcrumb":{"@id":"https:\/\/www.retedeldono.it\/magazine\/8x1000\/#breadcrumb"},"inLanguage":"it-IT","potentialAction":[{"@type":"ReadAction","target":["https:\/\/www.retedeldono.it\/magazine\/8x1000\/"]}]},{"@type":"ImageObject","inLanguage":"it-IT","@id":"https:\/\/www.retedeldono.it\/magazine\/8x1000\/#primaryimage","url":"https:\/\/magazine.retedeldono.it\/wp-content\/uploads\/2024\/03\/8x1000-Copia-scaled.jpg","contentUrl":"https:\/\/magazine.retedeldono.it\/wp-content\/uploads\/2024\/03\/8x1000-Copia-scaled.jpg","width":2560,"height":2560,"caption":"8x1000"},{"@type":"BreadcrumbList","@id":"https:\/\/www.retedeldono.it\/magazine\/8x1000\/#breadcrumb","itemListElement":[{"@type":"ListItem","position":1,"name":"Home","item":"https:\/\/www.retedeldono.it\/magazine\/"},{"@type":"ListItem","position":2,"name":"8&#215;1000: cos&#8217;\u00e8, come donarlo e come riceverlo"}]},{"@type":"WebSite","@id":"https:\/\/www.retedeldono.it\/magazine\/#website","url":"https:\/\/www.retedeldono.it\/magazine\/","name":"Rete del Dono Magazine","description":"Rete del Dono Magazine","potentialAction":[{"@type":"SearchAction","target":{"@type":"EntryPoint","urlTemplate":"https:\/\/www.retedeldono.it\/magazine\/?s={search_term_string}"},"query-input":{"@type":"PropertyValueSpecification","valueRequired":true,"valueName":"search_term_string"}}],"inLanguage":"it-IT"},{"@type":"Person","@id":"https:\/\/www.retedeldono.it\/magazine\/#\/schema\/person\/dd55a2becb70a4059624bae094c03583","name":"Elisa Rosso","image":{"@type":"ImageObject","inLanguage":"it-IT","@id":"https:\/\/secure.gravatar.com\/avatar\/3aec3818a0581b1c60c2bac3ae3e55d7a00f7084134cbdd18bc732f3d8a8b93f?s=96&d=mm&r=g","url":"https:\/\/secure.gravatar.com\/avatar\/3aec3818a0581b1c60c2bac3ae3e55d7a00f7084134cbdd18bc732f3d8a8b93f?s=96&d=mm&r=g","contentUrl":"https:\/\/secure.gravatar.com\/avatar\/3aec3818a0581b1c60c2bac3ae3e55d7a00f7084134cbdd18bc732f3d8a8b93f?s=96&d=mm&r=g","caption":"Elisa Rosso"},"description":"Laureata in Scienze Internazionali e Diplomatiche presso Universit\u00e0 di Torino, lavora da sempre nel non profit e nel sociale con un significativa esperienza nel settore raccolta fondi di grandi e piccole ONP (Amnesty International e NutriAid). Nell\u2019autunno 2016 approda in Rete del Dono, dove si occupa di dare assistenza e consulenza alle ONP e alle Fondazioni per la promozione dei loro progetti e l'ottimizzazione delle campagne di raccolta fondi.","url":"https:\/\/www.retedeldono.it\/magazine\/author\/elisa-rosso\/"}]}},"_links":{"self":[{"href":"https:\/\/www.retedeldono.it\/magazine\/wp-json\/wp\/v2\/posts\/3187","targetHints":{"allow":["GET"]}}],"collection":[{"href":"https:\/\/www.retedeldono.it\/magazine\/wp-json\/wp\/v2\/posts"}],"about":[{"href":"https:\/\/www.retedeldono.it\/magazine\/wp-json\/wp\/v2\/types\/post"}],"author":[{"embeddable":true,"href":"https:\/\/www.retedeldono.it\/magazine\/wp-json\/wp\/v2\/users\/11"}],"replies":[{"embeddable":true,"href":"https:\/\/www.retedeldono.it\/magazine\/wp-json\/wp\/v2\/comments?post=3187"}],"version-history":[{"count":3,"href":"https:\/\/www.retedeldono.it\/magazine\/wp-json\/wp\/v2\/posts\/3187\/revisions"}],"predecessor-version":[{"id":4220,"href":"https:\/\/www.retedeldono.it\/magazine\/wp-json\/wp\/v2\/posts\/3187\/revisions\/4220"}],"wp:featuredmedia":[{"embeddable":true,"href":"https:\/\/www.retedeldono.it\/magazine\/wp-json\/wp\/v2\/media\/3188"}],"wp:attachment":[{"href":"https:\/\/www.retedeldono.it\/magazine\/wp-json\/wp\/v2\/media?parent=3187"}],"wp:term":[{"taxonomy":"category","embeddable":true,"href":"https:\/\/www.retedeldono.it\/magazine\/wp-json\/wp\/v2\/categories?post=3187"},{"taxonomy":"post_tag","embeddable":true,"href":"https:\/\/www.retedeldono.it\/magazine\/wp-json\/wp\/v2\/tags?post=3187"}],"curies":[{"name":"wp","href":"https:\/\/api.w.org\/{rel}","templated":true}]}}