{"id":3378,"date":"2024-05-17T12:59:16","date_gmt":"2024-05-17T12:59:16","guid":{"rendered":"https:\/\/www.retedeldono.it\/magazine\/?p=3378"},"modified":"2025-12-02T15:19:53","modified_gmt":"2025-12-02T15:19:53","slug":"carbon-footprint","status":"publish","type":"post","link":"https:\/\/www.retedeldono.it\/magazine\/carbon-footprint\/","title":{"rendered":"Cos&#8217;\u00e8 la carbon footprint e come misurarla"},"content":{"rendered":"<p><em>Con il termine carbon footprint ci si riferisce ad un parametro che misura l\u2019impatto ambientale di un soggetto in termini di emissioni di gas serra: ecco come si calcola e come ridurla<\/em><\/p>\n<p>&nbsp;<\/p>\n<p><strong>Carbon footprint<\/strong> significa <strong>impronta di carbonio<\/strong>. Questa espressione si utilizza per indicare la quantit\u00e0 di <a href=\"https:\/\/www.retedeldono.it\/magazine\/sviluppo-sostenibile\/\"><strong>emissioni di gas serra <\/strong><\/a>(GHG -Greenhouse Gases) prodotte da un soggetto (individuo, organizzazione, Paese), un servizio oppure da un prodotto. Questo parametro \u00e8 stato introdotto per calcolare l\u2019 <a href=\"https:\/\/www.retedeldono.it\/magazine\/esg\/\"><strong>impatto ambientale<\/strong><\/a> dell\u2019uomo sull\u2019ambiente nell\u2019ottica di una <a href=\"https:\/\/www.retedeldono.it\/magazine\/sostenibilita-aziendale\/\"><strong>riduzione delle emissioni<\/strong><\/a>. Per contrastare i cambiamenti climatici, l\u2019inquinamento e gli innumerevoli danni causati dai gas a effetto serra \u00e8 infatti indispensabile ridurre la propria carbon footprint.<\/p>\n<p>&nbsp;<\/p>\n<p><strong><a class=\"wp-block-button__link has-background wp-element-button\" style=\"border-radius: 15px; background-color: #e96f27;\" href=\"https:\/\/www.retedeldono.it\/?utm_source=blog&amp;utm_medium=direct&amp;utm_campaign=CTA_carbon_footprint_top\">Scopri i progetti di Rete del Dono<\/a><\/strong><\/p>\n<p>&nbsp;<\/p>\n<p>Di solito quando si parla di gas serra si pensa soltanto alle emissioni di Co2, ma in realt\u00e0 secondo il <strong>Protocollo di Kyoto<\/strong> per calcolare una impronta di carbonio occorre sommare l\u2019emissione di:<\/p>\n<ul>\n<li>anidride carbonica (Co2)<\/li>\n<li>metano (CH4)<\/li>\n<li>monossido di diazoto (N2O)<\/li>\n<li>idrofluorocarburi (HFC)<\/li>\n<li>perfluorocarburi (PFC)<\/li>\n<li>esafloruro di zolfo (SF6).<\/li>\n<\/ul>\n<p>Tutti questi gas contribuiscono al <a href=\"https:\/\/www.retedeldono.it\/magazine\/corporate-social-responsibility-csr\/\"><strong>riscaldamento globale<\/strong><\/a> e ai <strong>cambiamenti climatici<\/strong>. Chiaramente, le grandi organizzazioni e gli impianti industriali contribuiscono in modo massiccio alla produzione di gas serra e per questo la carbon footprint viene calcolata spesso a livello aziendale. Tuttavia, se sommiamo l\u2019impronta di <strong>ogni singolo individuo<\/strong> sul Pianeta anche l\u2019apporto di ciascuno appare rilevante. Ci\u00f2 significa che ognuno di noi pu\u00f2 fare qualcosa per migliorare lo stato di salute della Terra.<\/p>\n<p>&nbsp;<\/p>\n<h2>Quali sono i fattori principali della carbon footprint?<\/h2>\n<p>La carbon footprint \u00e8 influenzata da diversi elementi che riflettono l\u2019impatto delle attivit\u00e0 umane sull\u2019ambiente in termini di <a href=\"https:\/\/www.retedeldono.it\/magazine\/esg\/\"><strong>emissioni di gas serra<\/strong><\/a>. I principali fattori che contribuiscono alla carbon footprint sono:<\/p>\n<ul>\n<li>produzione e consumo di <strong>energia elettrica<\/strong> (specialmente centrali a carbone e a gas naturale);<\/li>\n<li><strong>trasporti<\/strong> su strada, aerei, marittimi;<\/li>\n<li>produzione e <strong>processi industriali<\/strong>;<\/li>\n<li><strong>allevamento<\/strong> di bestiame.<\/li>\n<\/ul>\n<p>&nbsp;<\/p>\n<h2>Cosa indica la carbon footprint di un&#8217;azienda?<\/h2>\n<p>Esistono due standard internazionali per quantificare le emissioni di gas ad effetto serra (GHG) di un\u2019azienda. Il primo fa riferimento all\u2019insieme degli standard <strong>ISO 14060<\/strong> dedicati, appunto, alla carbon footprint. Il secondo \u00e8 emesso dal <strong>WRI\/WBCSD<\/strong> (GHG Protocol). Entrambi gli standard tengono in considerazione le emissioni prodotte <strong>direttamente<\/strong> dall\u2019organizzazione e quelle <strong>indirette<\/strong> legate alla produzione di <strong>energia termica<\/strong> ed <strong>elettrica<\/strong>.<\/p>\n<p>&nbsp;<\/p>\n<p>\u00c8 inoltre possibile calcolare l\u2019impronta di carbone anche di un <strong>singolo prodotto (CFP)<\/strong>, esaminando tutte le <strong>fasi del ciclo di vita<\/strong> del prodotto stesso, dall\u2019estrazione\u00a0 delle materie prime al suo smaltimento. Su questo aspetto l\u2019Europa sta ponendo una particolare attenzione, attuando nuove normative che contrastano la cosiddetta <strong>obsolescenza programmata<\/strong>, ovvero l\u2019abitudine a produrre oggetti che tendono a rompersi dopo alcuni anni e non sono riparabili.<\/p>\n<p>&nbsp;<\/p>\n<p>Per calcolare la carbon footprint di una azienda occorre quindi tenere in considerazione molteplici aspetti, tra i quali:<\/p>\n<ul>\n<li>utilizzo di <strong>combustibili fossili<\/strong>;<\/li>\n<li>conseguenze di <strong>processi industriali<\/strong> come la produzione di cemento, acciaio, vetro;<\/li>\n<li>emissioni <strong>indirette<\/strong> associate all\u2019uso di <strong>elettricit\u00e0<\/strong> acquistata per alimentare le attivit\u00e0 dell\u2019azienda;<\/li>\n<li><strong>trasporto<\/strong> di materiali, prodotti e persone associati alle attivit\u00e0 dell&#8217;azienda, viaggi di lavoro dei dipendenti e spedizioni di merci;<\/li>\n<li>gestione dei <strong>rifiuti<\/strong>, utilizzo dell\u2019<strong>acqua<\/strong> e delle materie prime.<\/li>\n<\/ul>\n<p>&nbsp;<\/p>\n<h2>Come calcolare il mio carbon footprint?<\/h2>\n<p>Online esistono diversi <strong>calcolatori<\/strong> della carbon footprint individuale. Si tratta in sostanza di <strong>questionari<\/strong> con diverse domande sullo stile di vita della persona: abitudini alimentari, mezzi utilizzati per gli spostamenti e frequenza, fonti energetiche privilegiate, tipologia di casa in cui si vive e cos\u00ec via. \u00c8 interessante provare a compilarli perch\u00e9 si possono scoprire aspetti che finora si ignoravano o ai quali forse non si attribuiva molto peso. Ad esempio quasi sempre le prime domande riguardano il <strong>consumo di carne<\/strong> e di <strong>derivati animali<\/strong>, in quanto questo aspetto impatta in modo decisivo sull\u2019emissione di gas serra (produzione di metano e sfruttamento del suolo).<\/p>\n<p>&nbsp;<\/p>\n<p>Alcuni dei principali calcolatori si trovano ai seguenti siti web: <a href=\"https:\/\/www.wwf.ch\/it\/vivere-sostenibile\/calcolatore-dell-impronta-ecologica\" target=\"_blank\" rel=\"noopener\">WWF<\/a>, <a href=\"https:\/\/www.footprintcalculator.org\/sponsor\/FR\/it\" target=\"_blank\" rel=\"noopener\">footprintcalculator<\/a>, <a href=\"https:\/\/co2.myclimate.org\/it\/footprint_calculators\/new\" target=\"_blank\" rel=\"noopener\">co2.myclimate<\/a>, <a href=\"https:\/\/www.arpa.piemonte.it\/co2_footprint\/#\/\" target=\"_blank\" rel=\"noopener\">Arpa<\/a>, <a href=\"https:\/\/www.lifegate.it\/calcolatore-co2\" target=\"_blank\" rel=\"noopener\">Lifegate<\/a>. Spesso i risultati sono sorprendenti perch\u00e9 \u2013 nei paesi occidentali \u2013 anche senza rendercene conto siamo quasi tutti abituati ad uno stile di vita <strong>insostenibile<\/strong>, per mantenere il quale, alla lunga, servirebbero \u2013 a seconda dei casi \u2013 due, tre, quattro, dieci pianeti.<\/p>\n<p>&nbsp;<\/p>\n<p><strong><a class=\"wp-block-button__link has-background wp-element-button\" style=\"border-radius: 15px; background-color: #e96f27;\" href=\"https:\/\/www.retedeldono.it\/?utm_source=blog&amp;utm_medium=direct&amp;utm_campaign=CTA_carbon_footprint_down\">Scopri i progetti di Rete del Dono<\/a><\/strong><\/p>\n<p>&nbsp;<\/p>\n<h2>Cosa fare per ridurre l&#8217;impronta di carbonio?<\/h2>\n<p>Ecco alcuni cambiamenti da mettere in pratica per ridurre la propria carbon footprint:<\/p>\n<ul>\n<li><strong>ridurre il consumo di carne<\/strong> e di <strong>derivati animali<\/strong>, privilegiando una dieta a <strong>base<\/strong> <strong>vegetale<\/strong>;<\/li>\n<li>acquistare <strong>prodotti freschi locali<\/strong>;<\/li>\n<li>preferire i <strong>mezzi pubblici<\/strong>, la <strong>bicicletta<\/strong> e i <strong>piedi<\/strong> all\u2019auto e, quando possibile, <strong>condividerla<\/strong>;<\/li>\n<li>utilizzare elettrodomestici ad <strong>alta efficienza energetica<\/strong>;<\/li>\n<li>sostituire le lampadine tradizionali con <strong>lampadine a LED<\/strong>;<\/li>\n<li>migliorare l\u2019<strong>isolamento <\/strong>della propria casa per ridurre la necessit\u00e0 di riscaldamento e raffreddamento;<\/li>\n<li>se possibile ricorrere a <strong>pannelli solari<\/strong> e ad altre fonti di<strong> energia rinnovabile<\/strong>;<\/li>\n<li><strong>riciclare<\/strong> correttamente plastica, vetro, metalli e carta, puntando in precedenza sul riutilizzo ed evitando l\u2019utilizzo di plastica monouso;<\/li>\n<li><strong>limitare gli acquisti<\/strong> non necessari e scegliere prodotti eco-friendly con imballaggi <a href=\"https:\/\/www.retedeldono.it\/magazine\/regali-ecosostenibili\/\"><strong>sostenibili<\/strong><\/a>.<\/li>\n<\/ul>\n","protected":false},"excerpt":{"rendered":"<p>Con il termine carbon footprint ci si riferisce ad un parametro che misura l\u2019impatto ambientale di un soggetto in termini di emissioni di gas serra: ecco come si calcola e&#8230;<\/p>\n","protected":false},"author":7,"featured_media":3389,"comment_status":"open","ping_status":"open","sticky":false,"template":"","format":"standard","meta":{"_acf_changed":false,"footnotes":""},"categories":[16],"tags":[],"class_list":{"0":"post-3378","1":"post","2":"type-post","3":"status-publish","4":"format-standard","5":"has-post-thumbnail","7":"category-sostenibilita"},"acf":{"homepage_rdd":false},"yoast_head":"<!-- This site is optimized with the Yoast SEO plugin v27.5 - https:\/\/yoast.com\/product\/yoast-seo-wordpress\/ -->\n<title>Cos&#039;\u00e8 la carbon footprint e come misurarla - Rete del Dono Magazine<\/title>\n<meta name=\"description\" content=\"Carbon footprint \u00e8 un parametro che misura l\u2019impatto ambientale di un soggetto in termini di emissioni di gas serra: ecco come\" \/>\n<meta name=\"robots\" content=\"index, follow, max-snippet:-1, max-image-preview:large, max-video-preview:-1\" \/>\n<link rel=\"canonical\" href=\"https:\/\/www.retedeldono.it\/magazine\/carbon-footprint\/\" \/>\n<meta property=\"og:locale\" content=\"it_IT\" \/>\n<meta property=\"og:type\" content=\"article\" \/>\n<meta property=\"og:title\" content=\"Cos&#039;\u00e8 la carbon footprint e come misurarla\" \/>\n<meta property=\"og:description\" content=\"Con il termine carbon footprint ci si riferisce ad un parametro che misura l\u2019impatto ambientale di un soggetto in termini di emissioni di gas serra: ecco come si calcola e come ridurla\" \/>\n<meta property=\"og:url\" content=\"https:\/\/www.retedeldono.it\/magazine\/carbon-footprint\/\" \/>\n<meta property=\"og:site_name\" content=\"Rete del Dono Magazine\" \/>\n<meta property=\"article:publisher\" content=\"https:\/\/www.facebook.com\/retedeldono\/\" \/>\n<meta property=\"article:published_time\" content=\"2024-05-17T12:59:16+00:00\" \/>\n<meta property=\"article:modified_time\" content=\"2025-12-02T15:19:53+00:00\" \/>\n<meta property=\"og:image\" content=\"https:\/\/magazine.retedeldono.it\/wp-content\/uploads\/2024\/05\/carbon-footprint-scaled.jpg\" \/>\n\t<meta property=\"og:image:width\" content=\"2560\" \/>\n\t<meta property=\"og:image:height\" content=\"1707\" \/>\n\t<meta property=\"og:image:type\" content=\"image\/jpeg\" \/>\n<meta name=\"author\" content=\"Aldo Lubrani\" \/>\n<meta name=\"twitter:card\" content=\"summary_large_image\" \/>\n<meta name=\"twitter:title\" content=\"Cos&#039;\u00e8 la carbon footprint e come misurarla\" \/>\n<meta name=\"twitter:description\" content=\"Con il termine carbon footprint ci si riferisce ad un parametro che misura l\u2019impatto ambientale di un soggetto in termini di emissioni di gas serra: ecco come si calcola e come ridurla\" \/>\n<meta name=\"twitter:label1\" content=\"Scritto da\" \/>\n\t<meta name=\"twitter:data1\" content=\"Aldo Lubrani\" \/>\n\t<meta name=\"twitter:label2\" content=\"Tempo di lettura stimato\" \/>\n\t<meta name=\"twitter:data2\" content=\"5 minuti\" \/>\n<script type=\"application\/ld+json\" class=\"yoast-schema-graph\">{\"@context\":\"https:\\\/\\\/schema.org\",\"@graph\":[{\"@type\":\"Article\",\"@id\":\"https:\\\/\\\/www.retedeldono.it\\\/magazine\\\/carbon-footprint\\\/#article\",\"isPartOf\":{\"@id\":\"https:\\\/\\\/www.retedeldono.it\\\/magazine\\\/carbon-footprint\\\/\"},\"author\":{\"name\":\"Aldo Lubrani\",\"@id\":\"https:\\\/\\\/www.retedeldono.it\\\/magazine\\\/#\\\/schema\\\/person\\\/19118fc3b527ea22d276cc2b446f7353\"},\"headline\":\"Cos&#8217;\u00e8 la carbon footprint e come misurarla\",\"datePublished\":\"2024-05-17T12:59:16+00:00\",\"dateModified\":\"2025-12-02T15:19:53+00:00\",\"mainEntityOfPage\":{\"@id\":\"https:\\\/\\\/www.retedeldono.it\\\/magazine\\\/carbon-footprint\\\/\"},\"wordCount\":843,\"commentCount\":0,\"image\":{\"@id\":\"https:\\\/\\\/www.retedeldono.it\\\/magazine\\\/carbon-footprint\\\/#primaryimage\"},\"thumbnailUrl\":\"https:\\\/\\\/magazine.retedeldono.it\\\/wp-content\\\/uploads\\\/2024\\\/05\\\/carbon-footprint.png\",\"articleSection\":[\"Sostenibilit\u00e0\"],\"inLanguage\":\"it-IT\",\"potentialAction\":[{\"@type\":\"CommentAction\",\"name\":\"Comment\",\"target\":[\"https:\\\/\\\/www.retedeldono.it\\\/magazine\\\/carbon-footprint\\\/#respond\"]}]},{\"@type\":\"WebPage\",\"@id\":\"https:\\\/\\\/www.retedeldono.it\\\/magazine\\\/carbon-footprint\\\/\",\"url\":\"https:\\\/\\\/www.retedeldono.it\\\/magazine\\\/carbon-footprint\\\/\",\"name\":\"Cos'\u00e8 la carbon footprint e come misurarla - Rete del Dono Magazine\",\"isPartOf\":{\"@id\":\"https:\\\/\\\/www.retedeldono.it\\\/magazine\\\/#website\"},\"primaryImageOfPage\":{\"@id\":\"https:\\\/\\\/www.retedeldono.it\\\/magazine\\\/carbon-footprint\\\/#primaryimage\"},\"image\":{\"@id\":\"https:\\\/\\\/www.retedeldono.it\\\/magazine\\\/carbon-footprint\\\/#primaryimage\"},\"thumbnailUrl\":\"https:\\\/\\\/magazine.retedeldono.it\\\/wp-content\\\/uploads\\\/2024\\\/05\\\/carbon-footprint.png\",\"datePublished\":\"2024-05-17T12:59:16+00:00\",\"dateModified\":\"2025-12-02T15:19:53+00:00\",\"author\":{\"@id\":\"https:\\\/\\\/www.retedeldono.it\\\/magazine\\\/#\\\/schema\\\/person\\\/19118fc3b527ea22d276cc2b446f7353\"},\"description\":\"Carbon footprint \u00e8 un parametro che misura l\u2019impatto ambientale di un soggetto in termini di emissioni di gas serra: ecco come\",\"breadcrumb\":{\"@id\":\"https:\\\/\\\/www.retedeldono.it\\\/magazine\\\/carbon-footprint\\\/#breadcrumb\"},\"inLanguage\":\"it-IT\",\"potentialAction\":[{\"@type\":\"ReadAction\",\"target\":[\"https:\\\/\\\/www.retedeldono.it\\\/magazine\\\/carbon-footprint\\\/\"]}]},{\"@type\":\"ImageObject\",\"inLanguage\":\"it-IT\",\"@id\":\"https:\\\/\\\/www.retedeldono.it\\\/magazine\\\/carbon-footprint\\\/#primaryimage\",\"url\":\"https:\\\/\\\/magazine.retedeldono.it\\\/wp-content\\\/uploads\\\/2024\\\/05\\\/carbon-footprint.png\",\"contentUrl\":\"https:\\\/\\\/magazine.retedeldono.it\\\/wp-content\\\/uploads\\\/2024\\\/05\\\/carbon-footprint.png\",\"width\":1000,\"height\":700},{\"@type\":\"BreadcrumbList\",\"@id\":\"https:\\\/\\\/www.retedeldono.it\\\/magazine\\\/carbon-footprint\\\/#breadcrumb\",\"itemListElement\":[{\"@type\":\"ListItem\",\"position\":1,\"name\":\"Home\",\"item\":\"https:\\\/\\\/www.retedeldono.it\\\/magazine\\\/\"},{\"@type\":\"ListItem\",\"position\":2,\"name\":\"Cos&#8217;\u00e8 la carbon footprint e come misurarla\"}]},{\"@type\":\"WebSite\",\"@id\":\"https:\\\/\\\/www.retedeldono.it\\\/magazine\\\/#website\",\"url\":\"https:\\\/\\\/www.retedeldono.it\\\/magazine\\\/\",\"name\":\"Rete del Dono Magazine\",\"description\":\"Rete del Dono Magazine\",\"potentialAction\":[{\"@type\":\"SearchAction\",\"target\":{\"@type\":\"EntryPoint\",\"urlTemplate\":\"https:\\\/\\\/www.retedeldono.it\\\/magazine\\\/?s={search_term_string}\"},\"query-input\":{\"@type\":\"PropertyValueSpecification\",\"valueRequired\":true,\"valueName\":\"search_term_string\"}}],\"inLanguage\":\"it-IT\"},{\"@type\":\"Person\",\"@id\":\"https:\\\/\\\/www.retedeldono.it\\\/magazine\\\/#\\\/schema\\\/person\\\/19118fc3b527ea22d276cc2b446f7353\",\"name\":\"Aldo Lubrani\",\"image\":{\"@type\":\"ImageObject\",\"inLanguage\":\"it-IT\",\"@id\":\"https:\\\/\\\/secure.gravatar.com\\\/avatar\\\/e948991b445298d4342a4a232b29e90adbf8a4af10151e265f6e6f3e9a10f68c?s=96&d=mm&r=g\",\"url\":\"https:\\\/\\\/secure.gravatar.com\\\/avatar\\\/e948991b445298d4342a4a232b29e90adbf8a4af10151e265f6e6f3e9a10f68c?s=96&d=mm&r=g\",\"contentUrl\":\"https:\\\/\\\/secure.gravatar.com\\\/avatar\\\/e948991b445298d4342a4a232b29e90adbf8a4af10151e265f6e6f3e9a10f68c?s=96&d=mm&r=g\",\"caption\":\"Aldo Lubrani\"},\"description\":\"Laureato con lode in Relazioni Internazionali presso Universit\u00e0 degli studi Roma Tre, Master in Europrogettazione presso Europa Business School di Bologna. Google Digital Training Certificate. Lavoro da anni nel settore Digital, Fundraising e Non Profit. Su Rete del Dono ricopro il ruolo di Project Manager nell'ambito Comunicazione, Digital e Personal Fundraising. Appassionato di viaggi, natura, pittura.\",\"sameAs\":[\"https:\\\/\\\/www.retedeldono.it\"],\"url\":\"https:\\\/\\\/www.retedeldono.it\\\/magazine\\\/author\\\/aldo-lubrani\\\/\"}]}<\/script>\n<!-- \/ Yoast SEO plugin. -->","yoast_head_json":{"title":"Cos'\u00e8 la carbon footprint e come misurarla - Rete del Dono Magazine","description":"Carbon footprint \u00e8 un parametro che misura l\u2019impatto ambientale di un soggetto in termini di emissioni di gas serra: ecco come","robots":{"index":"index","follow":"follow","max-snippet":"max-snippet:-1","max-image-preview":"max-image-preview:large","max-video-preview":"max-video-preview:-1"},"canonical":"https:\/\/www.retedeldono.it\/magazine\/carbon-footprint\/","og_locale":"it_IT","og_type":"article","og_title":"Cos'\u00e8 la carbon footprint e come misurarla","og_description":"Con il termine carbon footprint ci si riferisce ad un parametro che misura l\u2019impatto ambientale di un soggetto in termini di emissioni di gas serra: ecco come si calcola e come ridurla","og_url":"https:\/\/www.retedeldono.it\/magazine\/carbon-footprint\/","og_site_name":"Rete del Dono Magazine","article_publisher":"https:\/\/www.facebook.com\/retedeldono\/","article_published_time":"2024-05-17T12:59:16+00:00","article_modified_time":"2025-12-02T15:19:53+00:00","og_image":[{"width":2560,"height":1707,"url":"https:\/\/magazine.retedeldono.it\/wp-content\/uploads\/2024\/05\/carbon-footprint-scaled.jpg","type":"image\/jpeg"}],"author":"Aldo Lubrani","twitter_card":"summary_large_image","twitter_title":"Cos'\u00e8 la carbon footprint e come misurarla","twitter_description":"Con il termine carbon footprint ci si riferisce ad un parametro che misura l\u2019impatto ambientale di un soggetto in termini di emissioni di gas serra: ecco come si calcola e come ridurla","twitter_misc":{"Scritto da":"Aldo Lubrani","Tempo di lettura stimato":"5 minuti"},"schema":{"@context":"https:\/\/schema.org","@graph":[{"@type":"Article","@id":"https:\/\/www.retedeldono.it\/magazine\/carbon-footprint\/#article","isPartOf":{"@id":"https:\/\/www.retedeldono.it\/magazine\/carbon-footprint\/"},"author":{"name":"Aldo Lubrani","@id":"https:\/\/www.retedeldono.it\/magazine\/#\/schema\/person\/19118fc3b527ea22d276cc2b446f7353"},"headline":"Cos&#8217;\u00e8 la carbon footprint e come misurarla","datePublished":"2024-05-17T12:59:16+00:00","dateModified":"2025-12-02T15:19:53+00:00","mainEntityOfPage":{"@id":"https:\/\/www.retedeldono.it\/magazine\/carbon-footprint\/"},"wordCount":843,"commentCount":0,"image":{"@id":"https:\/\/www.retedeldono.it\/magazine\/carbon-footprint\/#primaryimage"},"thumbnailUrl":"https:\/\/magazine.retedeldono.it\/wp-content\/uploads\/2024\/05\/carbon-footprint.png","articleSection":["Sostenibilit\u00e0"],"inLanguage":"it-IT","potentialAction":[{"@type":"CommentAction","name":"Comment","target":["https:\/\/www.retedeldono.it\/magazine\/carbon-footprint\/#respond"]}]},{"@type":"WebPage","@id":"https:\/\/www.retedeldono.it\/magazine\/carbon-footprint\/","url":"https:\/\/www.retedeldono.it\/magazine\/carbon-footprint\/","name":"Cos'\u00e8 la carbon footprint e come misurarla - Rete del Dono Magazine","isPartOf":{"@id":"https:\/\/www.retedeldono.it\/magazine\/#website"},"primaryImageOfPage":{"@id":"https:\/\/www.retedeldono.it\/magazine\/carbon-footprint\/#primaryimage"},"image":{"@id":"https:\/\/www.retedeldono.it\/magazine\/carbon-footprint\/#primaryimage"},"thumbnailUrl":"https:\/\/magazine.retedeldono.it\/wp-content\/uploads\/2024\/05\/carbon-footprint.png","datePublished":"2024-05-17T12:59:16+00:00","dateModified":"2025-12-02T15:19:53+00:00","author":{"@id":"https:\/\/www.retedeldono.it\/magazine\/#\/schema\/person\/19118fc3b527ea22d276cc2b446f7353"},"description":"Carbon footprint \u00e8 un parametro che misura l\u2019impatto ambientale di un soggetto in termini di emissioni di gas serra: ecco come","breadcrumb":{"@id":"https:\/\/www.retedeldono.it\/magazine\/carbon-footprint\/#breadcrumb"},"inLanguage":"it-IT","potentialAction":[{"@type":"ReadAction","target":["https:\/\/www.retedeldono.it\/magazine\/carbon-footprint\/"]}]},{"@type":"ImageObject","inLanguage":"it-IT","@id":"https:\/\/www.retedeldono.it\/magazine\/carbon-footprint\/#primaryimage","url":"https:\/\/magazine.retedeldono.it\/wp-content\/uploads\/2024\/05\/carbon-footprint.png","contentUrl":"https:\/\/magazine.retedeldono.it\/wp-content\/uploads\/2024\/05\/carbon-footprint.png","width":1000,"height":700},{"@type":"BreadcrumbList","@id":"https:\/\/www.retedeldono.it\/magazine\/carbon-footprint\/#breadcrumb","itemListElement":[{"@type":"ListItem","position":1,"name":"Home","item":"https:\/\/www.retedeldono.it\/magazine\/"},{"@type":"ListItem","position":2,"name":"Cos&#8217;\u00e8 la carbon footprint e come misurarla"}]},{"@type":"WebSite","@id":"https:\/\/www.retedeldono.it\/magazine\/#website","url":"https:\/\/www.retedeldono.it\/magazine\/","name":"Rete del Dono Magazine","description":"Rete del Dono Magazine","potentialAction":[{"@type":"SearchAction","target":{"@type":"EntryPoint","urlTemplate":"https:\/\/www.retedeldono.it\/magazine\/?s={search_term_string}"},"query-input":{"@type":"PropertyValueSpecification","valueRequired":true,"valueName":"search_term_string"}}],"inLanguage":"it-IT"},{"@type":"Person","@id":"https:\/\/www.retedeldono.it\/magazine\/#\/schema\/person\/19118fc3b527ea22d276cc2b446f7353","name":"Aldo Lubrani","image":{"@type":"ImageObject","inLanguage":"it-IT","@id":"https:\/\/secure.gravatar.com\/avatar\/e948991b445298d4342a4a232b29e90adbf8a4af10151e265f6e6f3e9a10f68c?s=96&d=mm&r=g","url":"https:\/\/secure.gravatar.com\/avatar\/e948991b445298d4342a4a232b29e90adbf8a4af10151e265f6e6f3e9a10f68c?s=96&d=mm&r=g","contentUrl":"https:\/\/secure.gravatar.com\/avatar\/e948991b445298d4342a4a232b29e90adbf8a4af10151e265f6e6f3e9a10f68c?s=96&d=mm&r=g","caption":"Aldo Lubrani"},"description":"Laureato con lode in Relazioni Internazionali presso Universit\u00e0 degli studi Roma Tre, Master in Europrogettazione presso Europa Business School di Bologna. Google Digital Training Certificate. Lavoro da anni nel settore Digital, Fundraising e Non Profit. Su Rete del Dono ricopro il ruolo di Project Manager nell'ambito Comunicazione, Digital e Personal Fundraising. Appassionato di viaggi, natura, pittura.","sameAs":["https:\/\/www.retedeldono.it"],"url":"https:\/\/www.retedeldono.it\/magazine\/author\/aldo-lubrani\/"}]}},"_links":{"self":[{"href":"https:\/\/www.retedeldono.it\/magazine\/wp-json\/wp\/v2\/posts\/3378","targetHints":{"allow":["GET"]}}],"collection":[{"href":"https:\/\/www.retedeldono.it\/magazine\/wp-json\/wp\/v2\/posts"}],"about":[{"href":"https:\/\/www.retedeldono.it\/magazine\/wp-json\/wp\/v2\/types\/post"}],"author":[{"embeddable":true,"href":"https:\/\/www.retedeldono.it\/magazine\/wp-json\/wp\/v2\/users\/7"}],"replies":[{"embeddable":true,"href":"https:\/\/www.retedeldono.it\/magazine\/wp-json\/wp\/v2\/comments?post=3378"}],"version-history":[{"count":3,"href":"https:\/\/www.retedeldono.it\/magazine\/wp-json\/wp\/v2\/posts\/3378\/revisions"}],"predecessor-version":[{"id":4280,"href":"https:\/\/www.retedeldono.it\/magazine\/wp-json\/wp\/v2\/posts\/3378\/revisions\/4280"}],"wp:featuredmedia":[{"embeddable":true,"href":"https:\/\/www.retedeldono.it\/magazine\/wp-json\/wp\/v2\/media\/3389"}],"wp:attachment":[{"href":"https:\/\/www.retedeldono.it\/magazine\/wp-json\/wp\/v2\/media?parent=3378"}],"wp:term":[{"taxonomy":"category","embeddable":true,"href":"https:\/\/www.retedeldono.it\/magazine\/wp-json\/wp\/v2\/categories?post=3378"},{"taxonomy":"post_tag","embeddable":true,"href":"https:\/\/www.retedeldono.it\/magazine\/wp-json\/wp\/v2\/tags?post=3378"}],"curies":[{"name":"wp","href":"https:\/\/api.w.org\/{rel}","templated":true}]}}