{"id":3383,"date":"2024-05-17T13:37:14","date_gmt":"2024-05-17T13:37:14","guid":{"rendered":"https:\/\/www.retedeldono.it\/magazine\/?p=3383"},"modified":"2025-12-01T12:06:20","modified_gmt":"2025-12-01T12:06:20","slug":"aiuti-economici-per-malati-di-alzheimer","status":"publish","type":"post","link":"https:\/\/www.retedeldono.it\/magazine\/aiuti-economici-per-malati-di-alzheimer\/","title":{"rendered":"Aiuti economici per malati di Alzheimer"},"content":{"rendered":"<p><em>Una panoramica sui principali aiuti economici per malati di Alzheimer, come ottenerli e come organizzare una raccolta fondi per integrarli<\/em><\/p>\n<p>&nbsp;<\/p>\n<p>L\u2019<strong>Alzheimer<\/strong> \u00e8 una <strong><a href=\"https:\/\/www.retedeldono.it\/magazine\/associazioni-ricerca-scientifica\/\">malattia<\/a> invalidante<\/strong> e <strong>degenerativa<\/strong> che coinvolge e investe non soltanto il malato, ma anche i suoi <strong>familiari<\/strong> e le persone che se ne prendono cura. Esistono diversi <strong>aiuti economici<\/strong> per malati di Alzheimer erogati dallo Stato. Pensione di invalidit\u00e0, legge 104, indennit\u00e0 di accompagnamento, amministratore di sostegno. La maggior parte di questi contributi va richiesta all\u2019Inps, sempre insieme ad un certificato medico. Vediamo nel dettaglio i singoli aiuti economici per malati di Alzheimer e come <a href=\"https:\/\/www.retedeldono.it\/magazine\/database-raccolta-fondi\/\"><strong>raccogliere ulteriori fondi<\/strong><\/a> con una <a href=\"https:\/\/www.retedeldono.it\/magazine\/social-media-raccolta-fondi\/\"><strong>campagna dal basso<\/strong><\/a>.<\/p>\n<p>&nbsp;<\/p>\n<p><strong><a class=\"wp-block-button__link has-background wp-element-button\" style=\"border-radius: 15px; background-color: #e96f27;\" href=\"https:\/\/www.retedeldono.it\/landing\/crowdfunding\/?utm_source=blog&amp;utm_medium=direct&amp;utm_campaign=CTA_aiuti_economici_per_malati_di_alzheimer_top\">Attiva la tua campagna di raccolta fondi<\/a><\/strong><\/p>\n<p>&nbsp;<\/p>\n<h2>Quanto prende di pensione un malato di Alzheimer?<\/h2>\n<p>Il malato di Alzheimer pu\u00f2 richiedere la <strong>pensione di invalidit\u00e0 civile<\/strong> presentando domanda e certificato medico all\u2019<strong>Inps<\/strong>. La commissione medica stabilit\u00e0, nel corso di una visita, il riconoscimento dell\u2019invalidit\u00e0 e la sua percentuale. L\u2019importo dipende dal grado di invalidit\u00e0 riconosciuto e dall\u2019eventuale diritto a ulteriori prestazioni, come l\u2019indennit\u00e0 di accompagnamento.<\/p>\n<p>&nbsp;<\/p>\n<h2>Chi soffre di Alzheimer ha diritto alla 104?<\/h2>\n<p>S\u00ec, le persone affette da malattia di Alzheimer hanno diritto ai benefici previsti dalla <strong>Legge 104<\/strong>, purch\u00e9 venga riconosciuta la loro condizione di<a href=\"https:\/\/www.retedeldono.it\/magazine\/associazioni-disabili\/\"> <strong>disabilit\u00e0 grave<\/strong><\/a>. La Legge 104 si applica infatti a tutte le persone che hanno una disabilit\u00e0 fisica, psichica o sensoriale che causa una riduzione dell\u2019autonomia personale tale da rendere necessario un intervento <strong>assistenziale permanente<\/strong>. La persona o il suo familiare deve presentare una domanda all\u2019INPS, accompagnata da certificato medico. La domanda viene trasmessa alla ASL di competenza che convocher\u00e0 la persona per una <strong>visita medica<\/strong> per valutare la gravit\u00e0 della disabilit\u00e0.<\/p>\n<p>&nbsp;<\/p>\n<p>La Legge 104 prevede:<\/p>\n<ul>\n<li><strong>tre giorni di permesso mensile retribuito<\/strong> (o, in alternativa, permessi orari giornalieri) per il caregiver (familiare che assiste il malato);<\/li>\n<li><strong>congedo straordinario retribuito<\/strong> fino a due anni per assistere il malato;<\/li>\n<li>diritto per il caregiver di scegliere una <strong>sede di lavoro<\/strong> pi\u00f9 vicina al domicilio;<\/li>\n<li><strong>agevolazioni fiscali<\/strong> per l\u2019acquisto di ausili e attrezzature necessari per l\u2019assistenza;<\/li>\n<li><strong>accesso facilitato<\/strong> ai servizi sanitari e sociali.<\/li>\n<\/ul>\n<p>Devono per\u00f2 sussistere tre condizioni:<\/p>\n<ul>\n<li>la persona malata deve avere <strong>almeno 65 anni<\/strong>;<\/li>\n<li>il caregiver deve <strong>abitare insieme<\/strong> o allo stesso numero civico della persona malata;<\/li>\n<li>il <strong>legame di parentela<\/strong> deve essere al massimo di terzo grado in assenza di parenti di primo o secondo grado.<\/li>\n<\/ul>\n<p>&nbsp;<\/p>\n<h2>Aiuti economici per malati di Alzheimer &#8211; indennit\u00e0 di accompagnamento<\/h2>\n<p>Il malato di Alzheimer ha diritto ad una <strong>indennit\u00e0 di accompagnamento<\/strong>, oltre alla pensione d\u2019invalidit\u00e0 civile, poich\u00e9 col tempo non sar\u00e0 pi\u00f9 autonomo nella vita quotidiana. L\u2019importo per il 2024 \u00e8 pari a <strong>531,76 euro mensili<\/strong>. Anche in questo caso la domanda va inviata all\u2019Inps insieme al certificato medico.<\/p>\n<p>&nbsp;<\/p>\n<h2>Amministratore di sostegno<\/h2>\n<p>La Legge n. 6 del 9 gennaio 2004 introduce nel codice civile italiano la figura dell\u2019amministratore di sostegno. Questa legge \u00e8 particolarmente rilevante per i caregiver delle persone malate di Alzheimer, poich\u00e9 offre un meccanismo legale per <strong>supportare e proteggere i diritti<\/strong> di chi non \u00e8 pi\u00f9 in grado di prendere decisioni autonomamente. Il <strong>giudice tutelare<\/strong> pu\u00f2 nominare un <strong>amministratore di sostegno<\/strong> per una persona che, a causa di malattie come l\u2019<strong><a href=\"https:\/\/www.retedeldono.it\/magazine\/la-maratona-alzheimer-per-la-giornata-mondiale-dellalzheimer\/\">Alzheimer<\/a><\/strong>, non \u00e8 in grado di gestire i propri interessi. La nomina pu\u00f2 essere richiesta dallo stesso interessato, dai familiari, dai conviventi, dal pubblico ministero o dai servizi sociali.<\/p>\n<p>&nbsp;<\/p>\n<p>L\u2019amministratore ha il compito di <strong>assistere<\/strong> o <strong>rappresentare<\/strong> la persona in tutte o alcune delle attivit\u00e0 necessarie per la gestione della vita quotidiana: gestione del patrimonio, assistenza medica, cura personale e decisioni legate alla salute. Ovviamente deve agire <strong>nell\u2019interesse della persona<\/strong> assistita, tenendo conto delle sue esigenze e delle sue volont\u00e0, quando possibile.<\/p>\n<p>&nbsp;<\/p>\n<p><strong><a class=\"wp-block-button__link has-background wp-element-button\" style=\"border-radius: 15px; background-color: #e96f27;\" href=\"https:\/\/www.retedeldono.it\/landing\/crowdfunding\/?utm_source=blog&amp;utm_medium=direct&amp;utm_campaign=CTA_aiuti_economici_per_malati_di_alzheimer_down\">Attiva la tua campagna di raccolta fondi<\/a><\/strong><\/p>\n<p>&nbsp;<\/p>\n<h2>Fondo per l&#8217;Alzheimer e le demenze<\/h2>\n<p>Il 30 marzo 2022, il governo ha approvato il Decreto sul Fondo per l\u2019Alzheimer e Demenze, stanziando per un triennio 14 milioni e 100mila euro per le Regioni e le Province Autonome e 900mila euro per l\u2019Istituto Superiore di Sanit\u00e0. Nel 2024 il Fondo \u00e8 stato incrementato di <strong>4,9 milioni di euro<\/strong> per il <strong>2024<\/strong> e di <strong>15 milioni<\/strong> rispettivamente per il <strong>2025<\/strong> e il <strong>2026<\/strong>. Obiettivo del Fondo \u00e8 migliorare gli interventi di prevenzione, diagnosi e trattamento per i malati di Alzheimer sul territorio nazionale. Gli investimenti sono dedicati alla ricerca, al monitoraggio, alla sperimentazione di nuove forme di riabilitazione, anche in telemedicina. Questi soldi rappresentano quindi indirettamente un aiuto per malati di Alzheimer.<\/p>\n<p>&nbsp;<\/p>\n<h2>Aiuto familiari malati Alzheimer tramite raccolta fondi<\/h2>\n<p>Oltre agli aiuti economici per malati di Alzheimer previsti dallo Stato, familiari, amici e conoscenti, oltre ai malati stessi, possono <a href=\"https:\/\/www.retedeldono.it\/magazine\/esempio-lettera-per-raccolta-fondi\/\"><strong>organizzare raccolta fondi<\/strong><\/a> per chiedere un contributo dal basso. Non sempre, infatti, i contributi previsti sono sufficienti ad affrontare situazioni che possono diventare molto complicate, stravolgendo la vita di pi\u00f9 persone. Su <a href=\"https:\/\/www.retedeldono.it\/magazine\/piattaforme-crowdfunding\/\"><strong>piattaforme di crowdfunding<\/strong><\/a> come Rete del Dono \u00e8 possibile organizzare una raccolta fondi spiegando la situazione e chiedendo il contributo dei donatori.<\/p>\n<p>&nbsp;<\/p>\n<p>\u00c8 importante raccontare con <strong>trasparenza<\/strong> e in modo <strong>approfondito<\/strong>, chiedendo anche un piccolo contributo, e tenere aggiornati i donatori sull\u2019andamento della campagna. \u00c8 ugualmente importante essere <strong>specifici<\/strong>: per qualche scopo si stanno raccogliendo fondi? Ad esempio, per acquistare uno strumento terapeutico, per cambiare un letto che non \u00e8 pi\u00f9 adeguato, per realizzare una stanza in pi\u00f9 all\u2019interno di una casa\u2026 qualunque cosa, purch\u00e9 <strong>concreta<\/strong>. Le persone che sceglieranno di donare potranno farlo in totale sicurezza e semplicit\u00e0 direttamente tramite il <a href=\"https:\/\/www.retedeldono.it\/magazine\/crowdfunding-culturale\/\"><strong>portale di crowdfuding<\/strong><\/a>.<\/p>\n","protected":false},"excerpt":{"rendered":"<p>Una panoramica sui principali aiuti economici per malati di Alzheimer, come ottenerli e come organizzare una raccolta fondi per integrarli &nbsp; L\u2019Alzheimer \u00e8 una malattia invalidante e degenerativa che coinvolge&#8230;<\/p>\n","protected":false},"author":11,"featured_media":3384,"comment_status":"open","ping_status":"open","sticky":false,"template":"","format":"standard","meta":{"_acf_changed":false,"footnotes":""},"categories":[1],"tags":[],"class_list":{"0":"post-3383","1":"post","2":"type-post","3":"status-publish","4":"format-standard","5":"has-post-thumbnail","7":"category-community"},"acf":{"homepage_rdd":false},"yoast_head":"<!-- This site is optimized with the Yoast SEO plugin v27.5 - https:\/\/yoast.com\/product\/yoast-seo-wordpress\/ -->\n<title>Aiuti economici per malati di Alzheimer - Rete del Dono Magazine<\/title>\n<meta name=\"description\" content=\"Una panoramica sui principali aiuti economici per malati di Alzheimer, come ottenerli e come organizzare una raccolta fondi per integrarli\" \/>\n<meta name=\"robots\" content=\"index, follow, max-snippet:-1, max-image-preview:large, max-video-preview:-1\" \/>\n<link rel=\"canonical\" href=\"https:\/\/www.retedeldono.it\/magazine\/aiuti-economici-per-malati-di-alzheimer\/\" \/>\n<meta property=\"og:locale\" content=\"it_IT\" \/>\n<meta property=\"og:type\" content=\"article\" \/>\n<meta property=\"og:title\" content=\"Aiuti economici per malati di Alzheimer\" \/>\n<meta property=\"og:description\" content=\"Una panoramica sui principali aiuti economici per malati di Alzheimer, come ottenerli e come organizzare una raccolta fondi per integrarli\" \/>\n<meta property=\"og:url\" content=\"https:\/\/www.retedeldono.it\/magazine\/aiuti-economici-per-malati-di-alzheimer\/\" \/>\n<meta property=\"og:site_name\" content=\"Rete del Dono Magazine\" \/>\n<meta property=\"article:publisher\" content=\"https:\/\/www.facebook.com\/retedeldono\/\" \/>\n<meta property=\"article:published_time\" content=\"2024-05-17T13:37:14+00:00\" \/>\n<meta property=\"article:modified_time\" content=\"2025-12-01T12:06:20+00:00\" \/>\n<meta property=\"og:image\" content=\"https:\/\/magazine.retedeldono.it\/wp-content\/uploads\/2024\/05\/aiuti-economici-malati-di-alzheimer-scaled.jpg\" \/>\n\t<meta property=\"og:image:width\" content=\"2560\" \/>\n\t<meta property=\"og:image:height\" content=\"1707\" \/>\n\t<meta property=\"og:image:type\" content=\"image\/jpeg\" \/>\n<meta name=\"author\" content=\"Elisa Rosso\" \/>\n<meta name=\"twitter:card\" content=\"summary_large_image\" \/>\n<meta name=\"twitter:title\" content=\"Aiuti economici per malati di Alzheimer\" \/>\n<meta name=\"twitter:description\" content=\"Una panoramica sui principali aiuti economici per malati di Alzheimer, come ottenerli e come organizzare una raccolta fondi per integrarli\" \/>\n<meta name=\"twitter:image\" content=\"https:\/\/magazine.retedeldono.it\/wp-content\/uploads\/2024\/05\/aiuti-economici-malati-di-alzheimer-scaled.jpg\" \/>\n<meta name=\"twitter:label1\" content=\"Scritto da\" \/>\n\t<meta name=\"twitter:data1\" content=\"Elisa Rosso\" \/>\n\t<meta name=\"twitter:label2\" content=\"Tempo di lettura stimato\" \/>\n\t<meta name=\"twitter:data2\" content=\"5 minuti\" \/>\n<script type=\"application\/ld+json\" class=\"yoast-schema-graph\">{\"@context\":\"https:\\\/\\\/schema.org\",\"@graph\":[{\"@type\":\"Article\",\"@id\":\"https:\\\/\\\/www.retedeldono.it\\\/magazine\\\/aiuti-economici-per-malati-di-alzheimer\\\/#article\",\"isPartOf\":{\"@id\":\"https:\\\/\\\/www.retedeldono.it\\\/magazine\\\/aiuti-economici-per-malati-di-alzheimer\\\/\"},\"author\":{\"name\":\"Elisa Rosso\",\"@id\":\"https:\\\/\\\/www.retedeldono.it\\\/magazine\\\/#\\\/schema\\\/person\\\/dd55a2becb70a4059624bae094c03583\"},\"headline\":\"Aiuti economici per malati di Alzheimer\",\"datePublished\":\"2024-05-17T13:37:14+00:00\",\"dateModified\":\"2025-12-01T12:06:20+00:00\",\"mainEntityOfPage\":{\"@id\":\"https:\\\/\\\/www.retedeldono.it\\\/magazine\\\/aiuti-economici-per-malati-di-alzheimer\\\/\"},\"wordCount\":903,\"commentCount\":0,\"image\":{\"@id\":\"https:\\\/\\\/www.retedeldono.it\\\/magazine\\\/aiuti-economici-per-malati-di-alzheimer\\\/#primaryimage\"},\"thumbnailUrl\":\"https:\\\/\\\/magazine.retedeldono.it\\\/wp-content\\\/uploads\\\/2024\\\/05\\\/aiuti-economici-malati-di-alzheimer-Copia-2-scaled.jpg\",\"articleSection\":[\"Community\"],\"inLanguage\":\"it-IT\",\"potentialAction\":[{\"@type\":\"CommentAction\",\"name\":\"Comment\",\"target\":[\"https:\\\/\\\/www.retedeldono.it\\\/magazine\\\/aiuti-economici-per-malati-di-alzheimer\\\/#respond\"]}]},{\"@type\":\"WebPage\",\"@id\":\"https:\\\/\\\/www.retedeldono.it\\\/magazine\\\/aiuti-economici-per-malati-di-alzheimer\\\/\",\"url\":\"https:\\\/\\\/www.retedeldono.it\\\/magazine\\\/aiuti-economici-per-malati-di-alzheimer\\\/\",\"name\":\"Aiuti economici per malati di Alzheimer - Rete del Dono Magazine\",\"isPartOf\":{\"@id\":\"https:\\\/\\\/www.retedeldono.it\\\/magazine\\\/#website\"},\"primaryImageOfPage\":{\"@id\":\"https:\\\/\\\/www.retedeldono.it\\\/magazine\\\/aiuti-economici-per-malati-di-alzheimer\\\/#primaryimage\"},\"image\":{\"@id\":\"https:\\\/\\\/www.retedeldono.it\\\/magazine\\\/aiuti-economici-per-malati-di-alzheimer\\\/#primaryimage\"},\"thumbnailUrl\":\"https:\\\/\\\/magazine.retedeldono.it\\\/wp-content\\\/uploads\\\/2024\\\/05\\\/aiuti-economici-malati-di-alzheimer-Copia-2-scaled.jpg\",\"datePublished\":\"2024-05-17T13:37:14+00:00\",\"dateModified\":\"2025-12-01T12:06:20+00:00\",\"author\":{\"@id\":\"https:\\\/\\\/www.retedeldono.it\\\/magazine\\\/#\\\/schema\\\/person\\\/dd55a2becb70a4059624bae094c03583\"},\"description\":\"Una panoramica sui principali aiuti economici per malati di Alzheimer, come ottenerli e come organizzare una raccolta fondi per integrarli\",\"breadcrumb\":{\"@id\":\"https:\\\/\\\/www.retedeldono.it\\\/magazine\\\/aiuti-economici-per-malati-di-alzheimer\\\/#breadcrumb\"},\"inLanguage\":\"it-IT\",\"potentialAction\":[{\"@type\":\"ReadAction\",\"target\":[\"https:\\\/\\\/www.retedeldono.it\\\/magazine\\\/aiuti-economici-per-malati-di-alzheimer\\\/\"]}]},{\"@type\":\"ImageObject\",\"inLanguage\":\"it-IT\",\"@id\":\"https:\\\/\\\/www.retedeldono.it\\\/magazine\\\/aiuti-economici-per-malati-di-alzheimer\\\/#primaryimage\",\"url\":\"https:\\\/\\\/magazine.retedeldono.it\\\/wp-content\\\/uploads\\\/2024\\\/05\\\/aiuti-economici-malati-di-alzheimer-Copia-2-scaled.jpg\",\"contentUrl\":\"https:\\\/\\\/magazine.retedeldono.it\\\/wp-content\\\/uploads\\\/2024\\\/05\\\/aiuti-economici-malati-di-alzheimer-Copia-2-scaled.jpg\",\"width\":2560,\"height\":2560,\"caption\":\"Aiuti economici per malati di Alzheimer\"},{\"@type\":\"BreadcrumbList\",\"@id\":\"https:\\\/\\\/www.retedeldono.it\\\/magazine\\\/aiuti-economici-per-malati-di-alzheimer\\\/#breadcrumb\",\"itemListElement\":[{\"@type\":\"ListItem\",\"position\":1,\"name\":\"Home\",\"item\":\"https:\\\/\\\/www.retedeldono.it\\\/magazine\\\/\"},{\"@type\":\"ListItem\",\"position\":2,\"name\":\"Aiuti economici per malati di Alzheimer\"}]},{\"@type\":\"WebSite\",\"@id\":\"https:\\\/\\\/www.retedeldono.it\\\/magazine\\\/#website\",\"url\":\"https:\\\/\\\/www.retedeldono.it\\\/magazine\\\/\",\"name\":\"Rete del Dono Magazine\",\"description\":\"Rete del Dono Magazine\",\"potentialAction\":[{\"@type\":\"SearchAction\",\"target\":{\"@type\":\"EntryPoint\",\"urlTemplate\":\"https:\\\/\\\/www.retedeldono.it\\\/magazine\\\/?s={search_term_string}\"},\"query-input\":{\"@type\":\"PropertyValueSpecification\",\"valueRequired\":true,\"valueName\":\"search_term_string\"}}],\"inLanguage\":\"it-IT\"},{\"@type\":\"Person\",\"@id\":\"https:\\\/\\\/www.retedeldono.it\\\/magazine\\\/#\\\/schema\\\/person\\\/dd55a2becb70a4059624bae094c03583\",\"name\":\"Elisa Rosso\",\"image\":{\"@type\":\"ImageObject\",\"inLanguage\":\"it-IT\",\"@id\":\"https:\\\/\\\/secure.gravatar.com\\\/avatar\\\/3aec3818a0581b1c60c2bac3ae3e55d7a00f7084134cbdd18bc732f3d8a8b93f?s=96&d=mm&r=g\",\"url\":\"https:\\\/\\\/secure.gravatar.com\\\/avatar\\\/3aec3818a0581b1c60c2bac3ae3e55d7a00f7084134cbdd18bc732f3d8a8b93f?s=96&d=mm&r=g\",\"contentUrl\":\"https:\\\/\\\/secure.gravatar.com\\\/avatar\\\/3aec3818a0581b1c60c2bac3ae3e55d7a00f7084134cbdd18bc732f3d8a8b93f?s=96&d=mm&r=g\",\"caption\":\"Elisa Rosso\"},\"description\":\"Laureata in Scienze Internazionali e Diplomatiche presso Universit\u00e0 di Torino, lavora da sempre nel non profit e nel sociale con un significativa esperienza nel settore raccolta fondi di grandi e piccole ONP (Amnesty International e NutriAid). Nell\u2019autunno 2016 approda in Rete del Dono, dove si occupa di dare assistenza e consulenza alle ONP e alle Fondazioni per la promozione dei loro progetti e l'ottimizzazione delle campagne di raccolta fondi.\",\"url\":\"https:\\\/\\\/www.retedeldono.it\\\/magazine\\\/author\\\/elisa-rosso\\\/\"}]}<\/script>\n<!-- \/ Yoast SEO plugin. -->","yoast_head_json":{"title":"Aiuti economici per malati di Alzheimer - Rete del Dono Magazine","description":"Una panoramica sui principali aiuti economici per malati di Alzheimer, come ottenerli e come organizzare una raccolta fondi per integrarli","robots":{"index":"index","follow":"follow","max-snippet":"max-snippet:-1","max-image-preview":"max-image-preview:large","max-video-preview":"max-video-preview:-1"},"canonical":"https:\/\/www.retedeldono.it\/magazine\/aiuti-economici-per-malati-di-alzheimer\/","og_locale":"it_IT","og_type":"article","og_title":"Aiuti economici per malati di Alzheimer","og_description":"Una panoramica sui principali aiuti economici per malati di Alzheimer, come ottenerli e come organizzare una raccolta fondi per integrarli","og_url":"https:\/\/www.retedeldono.it\/magazine\/aiuti-economici-per-malati-di-alzheimer\/","og_site_name":"Rete del Dono Magazine","article_publisher":"https:\/\/www.facebook.com\/retedeldono\/","article_published_time":"2024-05-17T13:37:14+00:00","article_modified_time":"2025-12-01T12:06:20+00:00","og_image":[{"width":2560,"height":1707,"url":"https:\/\/magazine.retedeldono.it\/wp-content\/uploads\/2024\/05\/aiuti-economici-malati-di-alzheimer-scaled.jpg","type":"image\/jpeg"}],"author":"Elisa Rosso","twitter_card":"summary_large_image","twitter_title":"Aiuti economici per malati di Alzheimer","twitter_description":"Una panoramica sui principali aiuti economici per malati di Alzheimer, come ottenerli e come organizzare una raccolta fondi per integrarli","twitter_image":"https:\/\/magazine.retedeldono.it\/wp-content\/uploads\/2024\/05\/aiuti-economici-malati-di-alzheimer-scaled.jpg","twitter_misc":{"Scritto da":"Elisa Rosso","Tempo di lettura stimato":"5 minuti"},"schema":{"@context":"https:\/\/schema.org","@graph":[{"@type":"Article","@id":"https:\/\/www.retedeldono.it\/magazine\/aiuti-economici-per-malati-di-alzheimer\/#article","isPartOf":{"@id":"https:\/\/www.retedeldono.it\/magazine\/aiuti-economici-per-malati-di-alzheimer\/"},"author":{"name":"Elisa Rosso","@id":"https:\/\/www.retedeldono.it\/magazine\/#\/schema\/person\/dd55a2becb70a4059624bae094c03583"},"headline":"Aiuti economici per malati di Alzheimer","datePublished":"2024-05-17T13:37:14+00:00","dateModified":"2025-12-01T12:06:20+00:00","mainEntityOfPage":{"@id":"https:\/\/www.retedeldono.it\/magazine\/aiuti-economici-per-malati-di-alzheimer\/"},"wordCount":903,"commentCount":0,"image":{"@id":"https:\/\/www.retedeldono.it\/magazine\/aiuti-economici-per-malati-di-alzheimer\/#primaryimage"},"thumbnailUrl":"https:\/\/magazine.retedeldono.it\/wp-content\/uploads\/2024\/05\/aiuti-economici-malati-di-alzheimer-Copia-2-scaled.jpg","articleSection":["Community"],"inLanguage":"it-IT","potentialAction":[{"@type":"CommentAction","name":"Comment","target":["https:\/\/www.retedeldono.it\/magazine\/aiuti-economici-per-malati-di-alzheimer\/#respond"]}]},{"@type":"WebPage","@id":"https:\/\/www.retedeldono.it\/magazine\/aiuti-economici-per-malati-di-alzheimer\/","url":"https:\/\/www.retedeldono.it\/magazine\/aiuti-economici-per-malati-di-alzheimer\/","name":"Aiuti economici per malati di Alzheimer - Rete del Dono Magazine","isPartOf":{"@id":"https:\/\/www.retedeldono.it\/magazine\/#website"},"primaryImageOfPage":{"@id":"https:\/\/www.retedeldono.it\/magazine\/aiuti-economici-per-malati-di-alzheimer\/#primaryimage"},"image":{"@id":"https:\/\/www.retedeldono.it\/magazine\/aiuti-economici-per-malati-di-alzheimer\/#primaryimage"},"thumbnailUrl":"https:\/\/magazine.retedeldono.it\/wp-content\/uploads\/2024\/05\/aiuti-economici-malati-di-alzheimer-Copia-2-scaled.jpg","datePublished":"2024-05-17T13:37:14+00:00","dateModified":"2025-12-01T12:06:20+00:00","author":{"@id":"https:\/\/www.retedeldono.it\/magazine\/#\/schema\/person\/dd55a2becb70a4059624bae094c03583"},"description":"Una panoramica sui principali aiuti economici per malati di Alzheimer, come ottenerli e come organizzare una raccolta fondi per integrarli","breadcrumb":{"@id":"https:\/\/www.retedeldono.it\/magazine\/aiuti-economici-per-malati-di-alzheimer\/#breadcrumb"},"inLanguage":"it-IT","potentialAction":[{"@type":"ReadAction","target":["https:\/\/www.retedeldono.it\/magazine\/aiuti-economici-per-malati-di-alzheimer\/"]}]},{"@type":"ImageObject","inLanguage":"it-IT","@id":"https:\/\/www.retedeldono.it\/magazine\/aiuti-economici-per-malati-di-alzheimer\/#primaryimage","url":"https:\/\/magazine.retedeldono.it\/wp-content\/uploads\/2024\/05\/aiuti-economici-malati-di-alzheimer-Copia-2-scaled.jpg","contentUrl":"https:\/\/magazine.retedeldono.it\/wp-content\/uploads\/2024\/05\/aiuti-economici-malati-di-alzheimer-Copia-2-scaled.jpg","width":2560,"height":2560,"caption":"Aiuti economici per malati di Alzheimer"},{"@type":"BreadcrumbList","@id":"https:\/\/www.retedeldono.it\/magazine\/aiuti-economici-per-malati-di-alzheimer\/#breadcrumb","itemListElement":[{"@type":"ListItem","position":1,"name":"Home","item":"https:\/\/www.retedeldono.it\/magazine\/"},{"@type":"ListItem","position":2,"name":"Aiuti economici per malati di Alzheimer"}]},{"@type":"WebSite","@id":"https:\/\/www.retedeldono.it\/magazine\/#website","url":"https:\/\/www.retedeldono.it\/magazine\/","name":"Rete del Dono Magazine","description":"Rete del Dono Magazine","potentialAction":[{"@type":"SearchAction","target":{"@type":"EntryPoint","urlTemplate":"https:\/\/www.retedeldono.it\/magazine\/?s={search_term_string}"},"query-input":{"@type":"PropertyValueSpecification","valueRequired":true,"valueName":"search_term_string"}}],"inLanguage":"it-IT"},{"@type":"Person","@id":"https:\/\/www.retedeldono.it\/magazine\/#\/schema\/person\/dd55a2becb70a4059624bae094c03583","name":"Elisa Rosso","image":{"@type":"ImageObject","inLanguage":"it-IT","@id":"https:\/\/secure.gravatar.com\/avatar\/3aec3818a0581b1c60c2bac3ae3e55d7a00f7084134cbdd18bc732f3d8a8b93f?s=96&d=mm&r=g","url":"https:\/\/secure.gravatar.com\/avatar\/3aec3818a0581b1c60c2bac3ae3e55d7a00f7084134cbdd18bc732f3d8a8b93f?s=96&d=mm&r=g","contentUrl":"https:\/\/secure.gravatar.com\/avatar\/3aec3818a0581b1c60c2bac3ae3e55d7a00f7084134cbdd18bc732f3d8a8b93f?s=96&d=mm&r=g","caption":"Elisa Rosso"},"description":"Laureata in Scienze Internazionali e Diplomatiche presso Universit\u00e0 di Torino, lavora da sempre nel non profit e nel sociale con un significativa esperienza nel settore raccolta fondi di grandi e piccole ONP (Amnesty International e NutriAid). Nell\u2019autunno 2016 approda in Rete del Dono, dove si occupa di dare assistenza e consulenza alle ONP e alle Fondazioni per la promozione dei loro progetti e l'ottimizzazione delle campagne di raccolta fondi.","url":"https:\/\/www.retedeldono.it\/magazine\/author\/elisa-rosso\/"}]}},"_links":{"self":[{"href":"https:\/\/www.retedeldono.it\/magazine\/wp-json\/wp\/v2\/posts\/3383","targetHints":{"allow":["GET"]}}],"collection":[{"href":"https:\/\/www.retedeldono.it\/magazine\/wp-json\/wp\/v2\/posts"}],"about":[{"href":"https:\/\/www.retedeldono.it\/magazine\/wp-json\/wp\/v2\/types\/post"}],"author":[{"embeddable":true,"href":"https:\/\/www.retedeldono.it\/magazine\/wp-json\/wp\/v2\/users\/11"}],"replies":[{"embeddable":true,"href":"https:\/\/www.retedeldono.it\/magazine\/wp-json\/wp\/v2\/comments?post=3383"}],"version-history":[{"count":3,"href":"https:\/\/www.retedeldono.it\/magazine\/wp-json\/wp\/v2\/posts\/3383\/revisions"}],"predecessor-version":[{"id":4277,"href":"https:\/\/www.retedeldono.it\/magazine\/wp-json\/wp\/v2\/posts\/3383\/revisions\/4277"}],"wp:featuredmedia":[{"embeddable":true,"href":"https:\/\/www.retedeldono.it\/magazine\/wp-json\/wp\/v2\/media\/3384"}],"wp:attachment":[{"href":"https:\/\/www.retedeldono.it\/magazine\/wp-json\/wp\/v2\/media?parent=3383"}],"wp:term":[{"taxonomy":"category","embeddable":true,"href":"https:\/\/www.retedeldono.it\/magazine\/wp-json\/wp\/v2\/categories?post=3383"},{"taxonomy":"post_tag","embeddable":true,"href":"https:\/\/www.retedeldono.it\/magazine\/wp-json\/wp\/v2\/tags?post=3383"}],"curies":[{"name":"wp","href":"https:\/\/api.w.org\/{rel}","templated":true}]}}