{"id":3408,"date":"2024-06-03T08:54:47","date_gmt":"2024-06-03T08:54:47","guid":{"rendered":"https:\/\/www.retedeldono.it\/magazine\/?p=3408"},"modified":"2025-12-01T11:59:23","modified_gmt":"2025-12-01T11:59:23","slug":"surriscaldamento-globale","status":"publish","type":"post","link":"https:\/\/www.retedeldono.it\/magazine\/surriscaldamento-globale\/","title":{"rendered":"Surriscaldamento globale: cos&#8217;\u00e8 e strategie per ridurlo"},"content":{"rendered":"<p><em>Il surriscaldamento globale \u00e8 un cambiamento di origine antropica che sta provocando danni irreparabili all\u2019ambiente: ecco che cosa si deve fare per contrastarlo<\/em><\/p>\n<p>&nbsp;<\/p>\n<p>Il <strong>surriscaldamento globale<\/strong> \u00e8 un tema al centro dell\u2019attenzione da decenni, strettamente correlato al <a href=\"https:\/\/www.retedeldono.it\/magazine\/sviluppo-sostenibile\/\"><strong>cambiamento climatico<\/strong><\/a>, o meglio <strong>crisi climatica<\/strong>. Sappiamo che fenomeni come <strong>ondate di caldo<\/strong> e cambiamenti nella temperatura media globale sono <strong>sempre esistiti<\/strong>, cos\u00ec come \u00e8 ormai universalmente noto che l\u2019<strong>aumento della temperatura media <\/strong>al quale stiamo assistendo <strong>non ha precedenti<\/strong>. Sappiamo anche che la <strong>causa<\/strong> del riscaldamento globale \u00e8 da attribuire totalmente alle <strong>attivit\u00e0 umane<\/strong>, che nei decenni hanno determinato una eccessiva concentrazione di <a href=\"https:\/\/www.retedeldono.it\/magazine\/carbon-footprint\/\"><strong>gas serra<\/strong><\/a> nell atmosfera.<\/p>\n<p>&nbsp;<\/p>\n<p>La <strong>riduzione delle emissioni<\/strong> \u00e8 al centro dell\u2019 <strong>Accordo di Parigi<\/strong> e di altri <strong>patti internazionali<\/strong>. Tuttavia, le azioni pratiche che \u00e8 necessario intraprendere a livello globale per ridurre le emissioni e la concentrazione di anidride carbonica nell\u2019atmosfera sono <strong>ancora troppo vaghe<\/strong> e scarsamente vincolanti. Scopriamo quindi pi\u00f9 nel dettaglio in che cosa consiste questo processo, quali sono le <strong>conseguenze<\/strong> del surriscaldamento globale e cosa fare per <strong>limitarlo<\/strong>.<\/p>\n<p>&nbsp;<\/p>\n<p><strong><a class=\"wp-block-button__link has-background wp-element-button\" style=\"border-radius: 15px; background-color: #e96f27;\" href=\"https:\/\/www.retedeldono.it\/?utm_source=blog&amp;utm_medium=direct&amp;utm_campaign=CTA_surriscaldamento_globale_top\">Scopri i progetti di Rete del Dono<\/a><\/strong><\/p>\n<p>&nbsp;<\/p>\n<h2>Che cosa si intende per surriscaldamento globale?<\/h2>\n<p>Per capire cos\u2019\u00e8 il surriscaldamento globale bisogna partire dall\u2019<strong>effetto serra<\/strong>. Esiste un effetto serra naturale e <strong>benefico<\/strong>: la superficie terrestre assorbe parte dei <strong>raggi solari<\/strong>; la parte restante viene trattenuta dall\u2019atmosfera e poi reindirizzata verso la Terra grazie alla presenza di alcuni gas, tra i quali il principale gas \u00e8 proprio l\u2019anidride carbonica. Questo processo \u00e8 <strong>positivo<\/strong> perch\u00e9, in assenza di atmosfera, molti raggi solari si disperderebbero nello spazio e la <strong>temperatura<\/strong> sul Pianeta sarebbe <strong>troppo bassa<\/strong> per la vita umana.<\/p>\n<p>&nbsp;<\/p>\n<p>Questo processo virtuoso si basa su un <strong>delicato equilibrio<\/strong> che l\u2019uso dei <strong>combustibili fossili<\/strong> ha nettamente <strong>sbilanciato<\/strong>. La quantit\u00e0 di <a href=\"https:\/\/www.retedeldono.it\/magazine\/esg\/\"><strong>anidride carbonica<\/strong><\/a> presente nell\u2019atmosfera \u00e8 <strong>aumentata<\/strong> a tal punto da rendere <strong>eccessiva<\/strong> la quantit\u00e0 di <strong>raggi solari<\/strong> trattenuti dall\u2019atmosfera e rimbalzati sulla crosta terrestre. Cos\u00ec, la temperatura ha iniziato a <strong>crescere<\/strong> determinando il <strong>surriscaldamento globale<\/strong>.<\/p>\n<p>&nbsp;<\/p>\n<h2>Surriscaldamento globale: cause<\/h2>\n<p>Cosa ha provocato il surriscaldamento globale? \u00a0La risposta \u00e8 da ricercare esclusivamente nelle <strong>attivit\u00e0 antropiche<\/strong>, cio\u00e8 umane, che stanno causando un aumento nell\u2019 emissione di gas serra. In particolare:<\/p>\n<ul>\n<li>utilizzo di <strong>combustibili fossili<\/strong> per produrre energia e alimentare i trasporti;<\/li>\n<li><a href=\"https:\/\/www.retedeldono.it\/magazine\/le-raccolte-fondi-per-la-giornata-mondiale-dellambiente\/\"><strong>deforestazione<\/strong><\/a>;<\/li>\n<li><strong>allevamenti intensivi<\/strong> e <strong>agricoltura intensiva<\/strong> (produzione di grandi quantit\u00e0 di metano e utilizzo di fertilizzanti);<\/li>\n<li><strong>processi industriali<\/strong> e smaltimento dei <strong>rifiuti<\/strong>.<\/li>\n<\/ul>\n<p>&nbsp;<\/p>\n<h2>Quando \u00e8 iniziato il surriscaldamento climatico?<\/h2>\n<p>Anche se nel corso della storia del nostro Pianeta si sono succedute <strong>diverse fasi<\/strong> di sbalzi climatici, il <strong>riscaldamento climatico<\/strong> al quale stiamo assistendo da ormai <strong>un secolo e mezzo<\/strong> \u00e8 <strong>completamente differente<\/strong> perch\u00e9 \u00e8 causato dalle <strong>attivit\u00e0 umane<\/strong>, dunque non ha nulla di naturale. Possiamo individuare la <strong>Rivoluzione Industriale<\/strong>, alla fine del <strong>XVIII secolo<\/strong>, come punto di innesco di questo processo. Da quel momento, l\u2019uomo ha iniziato a rilasciare nell\u2019atmosfera terrestre<strong> milioni di tonnellate di CO2 <\/strong>e altri gas serra. Negli ultimi decenni del <strong>XX secolo<\/strong> e inizio del <strong>XXI secolo<\/strong> il riscaldamento globale \u00e8 diventato <strong>molto pi\u00f9 pronunciato<\/strong> e riconosciuto a livello mondiale. Gli anni <strong>\u201880<\/strong> e <strong>\u201890<\/strong> hanno visto un <strong>aumento accelerato<\/strong> delle temperature, e questo trend \u00e8 continuato nel <strong>XXI secolo<\/strong>. Gli ultimi decenni hanno registrato alcuni degli anni pi\u00f9 caldi mai documentati.<\/p>\n<p>&nbsp;<\/p>\n<h2>Conseguenze surriscaldamento globale<\/h2>\n<p>Quali sono i danni causati dal riscaldamento globale? I danni sono <strong>molteplici<\/strong> e stanno mettendo a rischio la <strong>sopravvivenza<\/strong> della <strong>specie umana<\/strong> sul Pianeta Terra. Le conseguenze sono evidenti: il <strong>restringimento<\/strong> dei <strong>ghiacci marini artici<\/strong> e dei <strong>ghiacciai montani<\/strong>, l\u2019<strong>erosione delle coste<\/strong>, l\u2019aumento del <strong>livello del mare,<\/strong> le prolungate stagioni degli <strong>incendi<\/strong>, la <strong>siccit\u00e0<\/strong>, le <strong>alluvioni<\/strong>, le ondate di <strong>calore<\/strong>, gli <strong>tsunami<\/strong>, i <strong>cicloni<\/strong> e altri eventi meteorologici estremi. Tutto ci\u00f2 si ripercuote sulla <a href=\"https:\/\/www.retedeldono.it\/magazine\/api-estinzione\/\"><strong>biodiversit\u00e0<\/strong> <\/a>&#8211; con specie animali e vegetali che si spostano per necessit\u00e0 da un ecosistema all\u2019altro \u2013 e sulla vita di <strong>intere popolazioni<\/strong>, che stanno subendo danni incommensurabili e saranno presto costrette ad <strong>abbandonare le proprie terre<\/strong>. Altre conseguenze sono i raccolti agricoli ridotti, la diffusione di malattie infettive legate al caldo, le perdite economiche di intere societ\u00e0.<\/p>\n<p>&nbsp;<\/p>\n<p><strong><a class=\"wp-block-button__link has-background wp-element-button\" style=\"border-radius: 15px; background-color: #e96f27;\" href=\"https:\/\/www.retedeldono.it\/?utm_source=blog&amp;utm_medium=direct&amp;utm_campaign=CTA_surriscaldamento_globale_down\">Scopri i progetti di Rete del Dono<\/a><\/strong><\/p>\n<p>&nbsp;<\/p>\n<h2>Cosa si sta facendo per combattere il riscaldamento globale?<\/h2>\n<p>Uno dei documenti cardine legati al tema del riscaldamento globale \u00e8 l\u2019<strong>Accordo di Parigi<\/strong>, siglato nel corso della <strong>COP21<\/strong> del <strong>2015<\/strong>. I firmatari si sono impegnati a mantenere l\u2019aumento della temperatura media globale al di sotto dei <strong>2\u00b0C<\/strong> rispetto ai <strong>livelli preindustriali<\/strong>, con sforzi per limitare l\u2019aumento a <strong>1,5\u00b0C<\/strong>. In pratica, sar\u00e0 difficile rispettare questi obiettivi che sarebbero davvero essenziali, e inoltre lo stesso Accordo di Parigi ha lasciato aperte diverse questioni. L\u2019ultima Conferenza delle Parti, la <strong>COP28<\/strong> tenutasi a <strong>Dubai<\/strong> nel <strong>2023<\/strong>, per la prima volta ha ufficialmente riconosciuto che i combustibili fossili sono la causa principale del cambiamento climatico. Tuttavia, secondo diversi osservatori l\u2019accordo non \u00e8 stato sufficientemente ambizioso, in quanti opta per una <strong>transizione<\/strong> piuttosto che un\u2019<strong>uscita completa <\/strong>dai <a href=\"https:\/\/www.retedeldono.it\/magazine\/economia-sostenibile\/\"><strong>combustibili fossili<\/strong><\/a> entro il <strong>2050<\/strong>\u200b.<\/p>\n<p>&nbsp;<\/p>\n<p>Al contempo, l\u2019<strong>Unione Europea <\/strong>ha adottato una serie di misure significative per combattere il riscaldamento globale, tutte nell\u2019ambito del <strong>Green Deal europeo<\/strong>. In particolare, la <strong>Legge sul Clima<\/strong> <strong>Europeo<\/strong> stabilisce l\u2019obiettivo legalmente vincolante di raggiungere la <strong>neutralit\u00e0 climatica<\/strong> entro il <strong>2050<\/strong>, con una <strong>tappa intermedia<\/strong> che prevede la riduzione delle emissioni di gas serra di almeno il <strong>55%<\/strong> entro il <strong>2030<\/strong> rispetto ai livelli del <strong>1990<\/strong>. \u00c8 chiaro che l\u2019unica strada da percorrere per contrastare il surriscaldamento globale \u00e8 l\u2019abbandono dei combustibili fossili, in favore delle <a href=\"https:\/\/www.retedeldono.it\/magazine\/sostenibilita-aziendale\/\"><strong>energie rinnovabili<\/strong><\/a>. Questo passaggio non \u00e8 per\u00f2 cos\u00ec semplice da attuare in concreto perch\u00e9 sono numerose le resistenze sul piano economico, cos\u00ec come le risorse a disposizione dei diversi Paesi.<\/p>\n<p>&nbsp;<\/p>\n<h2>Cosa fare contro surriscaldamento globale?<\/h2>\n<p>Combattere il surriscaldamento globale richiede un\u2019azione concertata a livello <strong>individuale<\/strong>, <strong>comunitario<\/strong>, <strong>aziendale<\/strong> e <strong>governativo<\/strong>. Anche se sono le azioni globali a incidere in maniera pi\u00f9 significativa, possiamo comunque comportarci in modo responsabile adottando comportamenti che <strong>riducono il consumo energetico<\/strong>, come spegnere le luci quando non sono necessarie, utilizzare elettrodomestici ad alta efficienza energetica e migliorare l\u2019isolamento delle abitazioni. Possiamo optare per <strong>mezzi di trasporto a basse emissioni<\/strong> come biciclette, trasporti pubblici o veicoli elettrici, <strong>ridurre il consumo di carne<\/strong> e prodotti lattiero-caseari, che hanno un elevato impatto ambientale, e preferire alimenti di origine vegetale.<\/p>\n","protected":false},"excerpt":{"rendered":"<p>Il surriscaldamento globale \u00e8 un cambiamento di origine antropica che sta provocando danni irreparabili all\u2019ambiente: ecco che cosa si deve fare per contrastarlo &nbsp; Il surriscaldamento globale \u00e8 un tema&#8230;<\/p>\n","protected":false},"author":7,"featured_media":3409,"comment_status":"open","ping_status":"open","sticky":false,"template":"","format":"standard","meta":{"_acf_changed":false,"footnotes":""},"categories":[16],"tags":[],"class_list":{"0":"post-3408","1":"post","2":"type-post","3":"status-publish","4":"format-standard","5":"has-post-thumbnail","7":"category-sostenibilita"},"acf":{"homepage_rdd":false},"yoast_head":"<!-- This site is optimized with the Yoast SEO plugin v27.5 - https:\/\/yoast.com\/product\/yoast-seo-wordpress\/ -->\n<title>Surriscaldamento globale: cos&#039;\u00e8 e strategie per ridurlo - Rete del Dono Magazine<\/title>\n<meta name=\"description\" content=\"Il surriscaldamento globale \u00e8 un cambiamento di origine antropica che sta provocando danni irreparabili all\u2019ambiente: come contrastarlo\" \/>\n<meta name=\"robots\" content=\"index, follow, max-snippet:-1, max-image-preview:large, max-video-preview:-1\" \/>\n<link rel=\"canonical\" href=\"https:\/\/www.retedeldono.it\/magazine\/surriscaldamento-globale\/\" \/>\n<meta property=\"og:locale\" content=\"it_IT\" \/>\n<meta property=\"og:type\" content=\"article\" \/>\n<meta property=\"og:title\" content=\"Surriscaldamento globale: cos&#039;\u00e8 e strategie per ridurlo\" \/>\n<meta property=\"og:description\" content=\"Il surriscaldamento globale \u00e8 un cambiamento di origine antropica che sta provocando danni irreparabili all\u2019ambiente: ecco che cosa si deve fare per contrastarlo\" \/>\n<meta property=\"og:url\" content=\"https:\/\/www.retedeldono.it\/magazine\/surriscaldamento-globale\/\" \/>\n<meta property=\"og:site_name\" content=\"Rete del Dono Magazine\" \/>\n<meta property=\"article:publisher\" content=\"https:\/\/www.facebook.com\/retedeldono\/\" \/>\n<meta property=\"article:published_time\" content=\"2024-06-03T08:54:47+00:00\" \/>\n<meta property=\"article:modified_time\" content=\"2025-12-01T11:59:23+00:00\" \/>\n<meta property=\"og:image\" content=\"https:\/\/magazine.retedeldono.it\/wp-content\/uploads\/2024\/05\/surriscaldamento-globale-scaled.jpg\" \/>\n\t<meta property=\"og:image:width\" content=\"2560\" \/>\n\t<meta property=\"og:image:height\" content=\"1707\" \/>\n\t<meta property=\"og:image:type\" content=\"image\/jpeg\" \/>\n<meta name=\"author\" content=\"Aldo Lubrani\" \/>\n<meta name=\"twitter:card\" content=\"summary_large_image\" \/>\n<meta name=\"twitter:title\" content=\"Surriscaldamento globale: cos&#039;\u00e8 e strategie per ridurlo\" \/>\n<meta name=\"twitter:description\" content=\"Il surriscaldamento globale \u00e8 un cambiamento di origine antropica che sta provocando danni irreparabili all\u2019ambiente: ecco che cosa si deve fare per contrastarlo\" \/>\n<meta name=\"twitter:image\" content=\"https:\/\/magazine.retedeldono.it\/wp-content\/uploads\/2024\/05\/surriscaldamento-globale-scaled.jpg\" \/>\n<meta name=\"twitter:label1\" content=\"Scritto da\" \/>\n\t<meta name=\"twitter:data1\" content=\"Aldo Lubrani\" \/>\n\t<meta name=\"twitter:label2\" content=\"Tempo di lettura stimato\" \/>\n\t<meta name=\"twitter:data2\" content=\"6 minuti\" \/>\n<script type=\"application\/ld+json\" class=\"yoast-schema-graph\">{\"@context\":\"https:\\\/\\\/schema.org\",\"@graph\":[{\"@type\":\"Article\",\"@id\":\"https:\\\/\\\/www.retedeldono.it\\\/magazine\\\/surriscaldamento-globale\\\/#article\",\"isPartOf\":{\"@id\":\"https:\\\/\\\/www.retedeldono.it\\\/magazine\\\/surriscaldamento-globale\\\/\"},\"author\":{\"name\":\"Aldo Lubrani\",\"@id\":\"https:\\\/\\\/www.retedeldono.it\\\/magazine\\\/#\\\/schema\\\/person\\\/19118fc3b527ea22d276cc2b446f7353\"},\"headline\":\"Surriscaldamento globale: cos&#8217;\u00e8 e strategie per ridurlo\",\"datePublished\":\"2024-06-03T08:54:47+00:00\",\"dateModified\":\"2025-12-01T11:59:23+00:00\",\"mainEntityOfPage\":{\"@id\":\"https:\\\/\\\/www.retedeldono.it\\\/magazine\\\/surriscaldamento-globale\\\/\"},\"wordCount\":1041,\"commentCount\":0,\"image\":{\"@id\":\"https:\\\/\\\/www.retedeldono.it\\\/magazine\\\/surriscaldamento-globale\\\/#primaryimage\"},\"thumbnailUrl\":\"https:\\\/\\\/magazine.retedeldono.it\\\/wp-content\\\/uploads\\\/2024\\\/05\\\/surriscaldamento-globale-Copia.jpg\",\"articleSection\":[\"Sostenibilit\u00e0\"],\"inLanguage\":\"it-IT\",\"potentialAction\":[{\"@type\":\"CommentAction\",\"name\":\"Comment\",\"target\":[\"https:\\\/\\\/www.retedeldono.it\\\/magazine\\\/surriscaldamento-globale\\\/#respond\"]}]},{\"@type\":\"WebPage\",\"@id\":\"https:\\\/\\\/www.retedeldono.it\\\/magazine\\\/surriscaldamento-globale\\\/\",\"url\":\"https:\\\/\\\/www.retedeldono.it\\\/magazine\\\/surriscaldamento-globale\\\/\",\"name\":\"Surriscaldamento globale: cos'\u00e8 e strategie per ridurlo - Rete del Dono Magazine\",\"isPartOf\":{\"@id\":\"https:\\\/\\\/www.retedeldono.it\\\/magazine\\\/#website\"},\"primaryImageOfPage\":{\"@id\":\"https:\\\/\\\/www.retedeldono.it\\\/magazine\\\/surriscaldamento-globale\\\/#primaryimage\"},\"image\":{\"@id\":\"https:\\\/\\\/www.retedeldono.it\\\/magazine\\\/surriscaldamento-globale\\\/#primaryimage\"},\"thumbnailUrl\":\"https:\\\/\\\/magazine.retedeldono.it\\\/wp-content\\\/uploads\\\/2024\\\/05\\\/surriscaldamento-globale-Copia.jpg\",\"datePublished\":\"2024-06-03T08:54:47+00:00\",\"dateModified\":\"2025-12-01T11:59:23+00:00\",\"author\":{\"@id\":\"https:\\\/\\\/www.retedeldono.it\\\/magazine\\\/#\\\/schema\\\/person\\\/19118fc3b527ea22d276cc2b446f7353\"},\"description\":\"Il surriscaldamento globale \u00e8 un cambiamento di origine antropica che sta provocando danni irreparabili all\u2019ambiente: come contrastarlo\",\"breadcrumb\":{\"@id\":\"https:\\\/\\\/www.retedeldono.it\\\/magazine\\\/surriscaldamento-globale\\\/#breadcrumb\"},\"inLanguage\":\"it-IT\",\"potentialAction\":[{\"@type\":\"ReadAction\",\"target\":[\"https:\\\/\\\/www.retedeldono.it\\\/magazine\\\/surriscaldamento-globale\\\/\"]}]},{\"@type\":\"ImageObject\",\"inLanguage\":\"it-IT\",\"@id\":\"https:\\\/\\\/www.retedeldono.it\\\/magazine\\\/surriscaldamento-globale\\\/#primaryimage\",\"url\":\"https:\\\/\\\/magazine.retedeldono.it\\\/wp-content\\\/uploads\\\/2024\\\/05\\\/surriscaldamento-globale-Copia.jpg\",\"contentUrl\":\"https:\\\/\\\/magazine.retedeldono.it\\\/wp-content\\\/uploads\\\/2024\\\/05\\\/surriscaldamento-globale-Copia.jpg\",\"width\":2304,\"height\":2304,\"caption\":\"surriscaldamento globale\"},{\"@type\":\"BreadcrumbList\",\"@id\":\"https:\\\/\\\/www.retedeldono.it\\\/magazine\\\/surriscaldamento-globale\\\/#breadcrumb\",\"itemListElement\":[{\"@type\":\"ListItem\",\"position\":1,\"name\":\"Home\",\"item\":\"https:\\\/\\\/www.retedeldono.it\\\/magazine\\\/\"},{\"@type\":\"ListItem\",\"position\":2,\"name\":\"Surriscaldamento globale: cos&#8217;\u00e8 e strategie per ridurlo\"}]},{\"@type\":\"WebSite\",\"@id\":\"https:\\\/\\\/www.retedeldono.it\\\/magazine\\\/#website\",\"url\":\"https:\\\/\\\/www.retedeldono.it\\\/magazine\\\/\",\"name\":\"Rete del Dono Magazine\",\"description\":\"Rete del Dono Magazine\",\"potentialAction\":[{\"@type\":\"SearchAction\",\"target\":{\"@type\":\"EntryPoint\",\"urlTemplate\":\"https:\\\/\\\/www.retedeldono.it\\\/magazine\\\/?s={search_term_string}\"},\"query-input\":{\"@type\":\"PropertyValueSpecification\",\"valueRequired\":true,\"valueName\":\"search_term_string\"}}],\"inLanguage\":\"it-IT\"},{\"@type\":\"Person\",\"@id\":\"https:\\\/\\\/www.retedeldono.it\\\/magazine\\\/#\\\/schema\\\/person\\\/19118fc3b527ea22d276cc2b446f7353\",\"name\":\"Aldo Lubrani\",\"image\":{\"@type\":\"ImageObject\",\"inLanguage\":\"it-IT\",\"@id\":\"https:\\\/\\\/secure.gravatar.com\\\/avatar\\\/e948991b445298d4342a4a232b29e90adbf8a4af10151e265f6e6f3e9a10f68c?s=96&d=mm&r=g\",\"url\":\"https:\\\/\\\/secure.gravatar.com\\\/avatar\\\/e948991b445298d4342a4a232b29e90adbf8a4af10151e265f6e6f3e9a10f68c?s=96&d=mm&r=g\",\"contentUrl\":\"https:\\\/\\\/secure.gravatar.com\\\/avatar\\\/e948991b445298d4342a4a232b29e90adbf8a4af10151e265f6e6f3e9a10f68c?s=96&d=mm&r=g\",\"caption\":\"Aldo Lubrani\"},\"description\":\"Laureato con lode in Relazioni Internazionali presso Universit\u00e0 degli studi Roma Tre, Master in Europrogettazione presso Europa Business School di Bologna. Google Digital Training Certificate. Lavoro da anni nel settore Digital, Fundraising e Non Profit. Su Rete del Dono ricopro il ruolo di Project Manager nell'ambito Comunicazione, Digital e Personal Fundraising. Appassionato di viaggi, natura, pittura.\",\"sameAs\":[\"https:\\\/\\\/www.retedeldono.it\"],\"url\":\"https:\\\/\\\/www.retedeldono.it\\\/magazine\\\/author\\\/aldo-lubrani\\\/\"}]}<\/script>\n<!-- \/ Yoast SEO plugin. -->","yoast_head_json":{"title":"Surriscaldamento globale: cos'\u00e8 e strategie per ridurlo - Rete del Dono Magazine","description":"Il surriscaldamento globale \u00e8 un cambiamento di origine antropica che sta provocando danni irreparabili all\u2019ambiente: come contrastarlo","robots":{"index":"index","follow":"follow","max-snippet":"max-snippet:-1","max-image-preview":"max-image-preview:large","max-video-preview":"max-video-preview:-1"},"canonical":"https:\/\/www.retedeldono.it\/magazine\/surriscaldamento-globale\/","og_locale":"it_IT","og_type":"article","og_title":"Surriscaldamento globale: cos'\u00e8 e strategie per ridurlo","og_description":"Il surriscaldamento globale \u00e8 un cambiamento di origine antropica che sta provocando danni irreparabili all\u2019ambiente: ecco che cosa si deve fare per contrastarlo","og_url":"https:\/\/www.retedeldono.it\/magazine\/surriscaldamento-globale\/","og_site_name":"Rete del Dono Magazine","article_publisher":"https:\/\/www.facebook.com\/retedeldono\/","article_published_time":"2024-06-03T08:54:47+00:00","article_modified_time":"2025-12-01T11:59:23+00:00","og_image":[{"width":2560,"height":1707,"url":"https:\/\/magazine.retedeldono.it\/wp-content\/uploads\/2024\/05\/surriscaldamento-globale-scaled.jpg","type":"image\/jpeg"}],"author":"Aldo Lubrani","twitter_card":"summary_large_image","twitter_title":"Surriscaldamento globale: cos'\u00e8 e strategie per ridurlo","twitter_description":"Il surriscaldamento globale \u00e8 un cambiamento di origine antropica che sta provocando danni irreparabili all\u2019ambiente: ecco che cosa si deve fare per contrastarlo","twitter_image":"https:\/\/magazine.retedeldono.it\/wp-content\/uploads\/2024\/05\/surriscaldamento-globale-scaled.jpg","twitter_misc":{"Scritto da":"Aldo Lubrani","Tempo di lettura stimato":"6 minuti"},"schema":{"@context":"https:\/\/schema.org","@graph":[{"@type":"Article","@id":"https:\/\/www.retedeldono.it\/magazine\/surriscaldamento-globale\/#article","isPartOf":{"@id":"https:\/\/www.retedeldono.it\/magazine\/surriscaldamento-globale\/"},"author":{"name":"Aldo Lubrani","@id":"https:\/\/www.retedeldono.it\/magazine\/#\/schema\/person\/19118fc3b527ea22d276cc2b446f7353"},"headline":"Surriscaldamento globale: cos&#8217;\u00e8 e strategie per ridurlo","datePublished":"2024-06-03T08:54:47+00:00","dateModified":"2025-12-01T11:59:23+00:00","mainEntityOfPage":{"@id":"https:\/\/www.retedeldono.it\/magazine\/surriscaldamento-globale\/"},"wordCount":1041,"commentCount":0,"image":{"@id":"https:\/\/www.retedeldono.it\/magazine\/surriscaldamento-globale\/#primaryimage"},"thumbnailUrl":"https:\/\/magazine.retedeldono.it\/wp-content\/uploads\/2024\/05\/surriscaldamento-globale-Copia.jpg","articleSection":["Sostenibilit\u00e0"],"inLanguage":"it-IT","potentialAction":[{"@type":"CommentAction","name":"Comment","target":["https:\/\/www.retedeldono.it\/magazine\/surriscaldamento-globale\/#respond"]}]},{"@type":"WebPage","@id":"https:\/\/www.retedeldono.it\/magazine\/surriscaldamento-globale\/","url":"https:\/\/www.retedeldono.it\/magazine\/surriscaldamento-globale\/","name":"Surriscaldamento globale: cos'\u00e8 e strategie per ridurlo - Rete del Dono Magazine","isPartOf":{"@id":"https:\/\/www.retedeldono.it\/magazine\/#website"},"primaryImageOfPage":{"@id":"https:\/\/www.retedeldono.it\/magazine\/surriscaldamento-globale\/#primaryimage"},"image":{"@id":"https:\/\/www.retedeldono.it\/magazine\/surriscaldamento-globale\/#primaryimage"},"thumbnailUrl":"https:\/\/magazine.retedeldono.it\/wp-content\/uploads\/2024\/05\/surriscaldamento-globale-Copia.jpg","datePublished":"2024-06-03T08:54:47+00:00","dateModified":"2025-12-01T11:59:23+00:00","author":{"@id":"https:\/\/www.retedeldono.it\/magazine\/#\/schema\/person\/19118fc3b527ea22d276cc2b446f7353"},"description":"Il surriscaldamento globale \u00e8 un cambiamento di origine antropica che sta provocando danni irreparabili all\u2019ambiente: come contrastarlo","breadcrumb":{"@id":"https:\/\/www.retedeldono.it\/magazine\/surriscaldamento-globale\/#breadcrumb"},"inLanguage":"it-IT","potentialAction":[{"@type":"ReadAction","target":["https:\/\/www.retedeldono.it\/magazine\/surriscaldamento-globale\/"]}]},{"@type":"ImageObject","inLanguage":"it-IT","@id":"https:\/\/www.retedeldono.it\/magazine\/surriscaldamento-globale\/#primaryimage","url":"https:\/\/magazine.retedeldono.it\/wp-content\/uploads\/2024\/05\/surriscaldamento-globale-Copia.jpg","contentUrl":"https:\/\/magazine.retedeldono.it\/wp-content\/uploads\/2024\/05\/surriscaldamento-globale-Copia.jpg","width":2304,"height":2304,"caption":"surriscaldamento globale"},{"@type":"BreadcrumbList","@id":"https:\/\/www.retedeldono.it\/magazine\/surriscaldamento-globale\/#breadcrumb","itemListElement":[{"@type":"ListItem","position":1,"name":"Home","item":"https:\/\/www.retedeldono.it\/magazine\/"},{"@type":"ListItem","position":2,"name":"Surriscaldamento globale: cos&#8217;\u00e8 e strategie per ridurlo"}]},{"@type":"WebSite","@id":"https:\/\/www.retedeldono.it\/magazine\/#website","url":"https:\/\/www.retedeldono.it\/magazine\/","name":"Rete del Dono Magazine","description":"Rete del Dono Magazine","potentialAction":[{"@type":"SearchAction","target":{"@type":"EntryPoint","urlTemplate":"https:\/\/www.retedeldono.it\/magazine\/?s={search_term_string}"},"query-input":{"@type":"PropertyValueSpecification","valueRequired":true,"valueName":"search_term_string"}}],"inLanguage":"it-IT"},{"@type":"Person","@id":"https:\/\/www.retedeldono.it\/magazine\/#\/schema\/person\/19118fc3b527ea22d276cc2b446f7353","name":"Aldo Lubrani","image":{"@type":"ImageObject","inLanguage":"it-IT","@id":"https:\/\/secure.gravatar.com\/avatar\/e948991b445298d4342a4a232b29e90adbf8a4af10151e265f6e6f3e9a10f68c?s=96&d=mm&r=g","url":"https:\/\/secure.gravatar.com\/avatar\/e948991b445298d4342a4a232b29e90adbf8a4af10151e265f6e6f3e9a10f68c?s=96&d=mm&r=g","contentUrl":"https:\/\/secure.gravatar.com\/avatar\/e948991b445298d4342a4a232b29e90adbf8a4af10151e265f6e6f3e9a10f68c?s=96&d=mm&r=g","caption":"Aldo Lubrani"},"description":"Laureato con lode in Relazioni Internazionali presso Universit\u00e0 degli studi Roma Tre, Master in Europrogettazione presso Europa Business School di Bologna. Google Digital Training Certificate. Lavoro da anni nel settore Digital, Fundraising e Non Profit. Su Rete del Dono ricopro il ruolo di Project Manager nell'ambito Comunicazione, Digital e Personal Fundraising. Appassionato di viaggi, natura, pittura.","sameAs":["https:\/\/www.retedeldono.it"],"url":"https:\/\/www.retedeldono.it\/magazine\/author\/aldo-lubrani\/"}]}},"_links":{"self":[{"href":"https:\/\/www.retedeldono.it\/magazine\/wp-json\/wp\/v2\/posts\/3408","targetHints":{"allow":["GET"]}}],"collection":[{"href":"https:\/\/www.retedeldono.it\/magazine\/wp-json\/wp\/v2\/posts"}],"about":[{"href":"https:\/\/www.retedeldono.it\/magazine\/wp-json\/wp\/v2\/types\/post"}],"author":[{"embeddable":true,"href":"https:\/\/www.retedeldono.it\/magazine\/wp-json\/wp\/v2\/users\/7"}],"replies":[{"embeddable":true,"href":"https:\/\/www.retedeldono.it\/magazine\/wp-json\/wp\/v2\/comments?post=3408"}],"version-history":[{"count":3,"href":"https:\/\/www.retedeldono.it\/magazine\/wp-json\/wp\/v2\/posts\/3408\/revisions"}],"predecessor-version":[{"id":4271,"href":"https:\/\/www.retedeldono.it\/magazine\/wp-json\/wp\/v2\/posts\/3408\/revisions\/4271"}],"wp:featuredmedia":[{"embeddable":true,"href":"https:\/\/www.retedeldono.it\/magazine\/wp-json\/wp\/v2\/media\/3409"}],"wp:attachment":[{"href":"https:\/\/www.retedeldono.it\/magazine\/wp-json\/wp\/v2\/media?parent=3408"}],"wp:term":[{"taxonomy":"category","embeddable":true,"href":"https:\/\/www.retedeldono.it\/magazine\/wp-json\/wp\/v2\/categories?post=3408"},{"taxonomy":"post_tag","embeddable":true,"href":"https:\/\/www.retedeldono.it\/magazine\/wp-json\/wp\/v2\/tags?post=3408"}],"curies":[{"name":"wp","href":"https:\/\/api.w.org\/{rel}","templated":true}]}}