{"id":3432,"date":"2024-06-13T16:34:25","date_gmt":"2024-06-13T16:34:25","guid":{"rendered":"https:\/\/www.retedeldono.it\/magazine\/?p=3432"},"modified":"2024-06-14T10:38:57","modified_gmt":"2024-06-14T10:38:57","slug":"wedo-4-social-inclusion-crowdfunding-e-community-engagement","status":"publish","type":"post","link":"https:\/\/www.retedeldono.it\/magazine\/wedo-4-social-inclusion-crowdfunding-e-community-engagement\/","title":{"rendered":"WeDo 4 Social Inclusion, crowdfunding e community engagement"},"content":{"rendered":"<p><span style=\"font-weight: 400;\">L&#8217;impegno di Rete del Dono si arricchisce di una nuova partnership. Quella insieme a <strong>WeDo<\/strong>, il programma di solidariet\u00e0 aziendale di <strong>Sisal<\/strong>, da cui \u00e8 nato un nuovo bando: <\/span><a href=\"https:\/\/www.retedeldono.it\/it\/wedo-for-social-inclusion\" target=\"_blank\" rel=\"noopener\"><b>WeDo 4 Social Inclusion<\/b><\/a><span style=\"font-weight: 400;\">, che punta forte sul <strong>Crowdfunding<\/strong> come strumento di <strong>community engagement<\/strong>.<\/span><\/p>\n<h2>WeDo 4 Social Inclusion cos&#8217;\u00e8<\/h2>\n<p><span style=\"font-weight: 400;\">WeDo 4 Social Inclusion \u00e8 un\u2019iniziativa solidale volta a sostenere i progetti di Enti del Terzo Settore presenti sui territori di <strong>Milano, Lecco, Roma e Torino<\/strong>, con focus su <strong>disabilit\u00e0, donne, sport e tecnologia<\/strong>. Si compone di una fase di <strong>formazione per gli ETS a cura di Rete del Dono<\/strong>, l&#8217;attivazione di una campagna di fundraising (<em>con un accompagnamento costante dell&#8217;Ente del Terzo Settore da parte degli organizzatori<\/em>) e al termine delle raccolte (a marzo 2025) un <strong>Match Giving di 8.000 euro<\/strong> da parte di Sisal per i 3 progetti finalisti.<\/span><\/p>\n<p>&nbsp;<\/p>\n<p><a class=\"wp-block-button__link has-background wp-element-button\" style=\"border-radius: 15px; background-color: #003c3c;\" href=\"https:\/\/youtube.com\/live\/EY7JaJfdl8A?feature=share\" target=\"blank\" rel=\"noopener\">Vedi la diretta della presentazione <\/a><\/p>\n<p>&nbsp;<\/p>\n<h2>WeDo 4 Social Inclusion come funziona<\/h2>\n<p><span style=\"font-weight: 400;\">Le <strong>candidature<\/strong> per questa prima edizione vanno presentate <strong>entro il 31 luglio<\/strong> prossimo ed entro il 9 settembre 2024 verranno comunicati i <strong>6 progetti<\/strong> selezionati tra i <strong>semifinalisti<\/strong>, che riceveranno un primo <strong>contributo di 1.000 euro<\/strong>. Questi potranno accedere alla fase di capacity building, in programma dal 18 settembre al 9 ottobre 2024. Dal 31 ottobre si scopriranno i <strong>3 progetti finalisti<\/strong>, scelti direttamente dai dipendenti di Sisal: saranno questi a lanciare la propria campagna di Crowdfunding, a partire dal 14 novembre.<\/span><\/p>\n<p>&nbsp;<\/p>\n<h2>WeDo 4 Social Inclusion \u00e8 Capacity building<\/h2>\n<p><span style=\"font-weight: 400;\">L\u2019impegno sul <strong>Capacity building<\/strong> che Sisal assume \u00e8 in continuit\u00e0 con la propria storia. <\/span><i><span style=\"font-weight: 400;\">\u201cNasciamo nel \u201845 con il Totocalcio, i cui proventi erano destinati a ricostruire gli stadi distrutti dalla guerra\u201d<\/span><\/i><span style=\"font-weight: 400;\"> ricorda <\/span><b>Fabio Ventoruzzo, Sustainability Director di Sisal<\/b><span style=\"font-weight: 400;\">. <\/span><i><span style=\"font-weight: 400;\">\u201cOra l\u2019esigenza in Italia \u00e8 diversa, \u00e8 di costruire un futuro pi\u00f9 responsabile. Per questo vogliamo accompagnare il Paese verso una <strong>maggior digitalizzazione e pi\u00f9 inclusivit\u00e0<\/strong>. Il nostro contributo auspichiamo possa essere di empowerment per queste organizzazioni, per renderle capaci di fare meglio e in modo pi\u00f9 efficace ci\u00f2 che gi\u00e0 fanno: cambiare la vita delle persone\u201d<\/span><\/i><span style=\"font-weight: 400;\">.<\/span><\/p>\n<p>&nbsp;<\/p>\n<p><a class=\"wp-block-button__link has-background wp-element-button\" style=\"border-radius: 15px; background-color: #003c3c;\" href=\"https:\/\/www.retedeldono.it\/sites\/default\/files\/2024-06\/2024-wedo-4-social-inclusion-regolamento.pdf\" target=\"_blank\" rel=\"noopener\">Leggi il Regolamento<\/a><\/p>\n<p>&nbsp;<\/p>\n<h2>WeDo 4 Social Inclusion \u00e8 Crowdfunding<\/h2>\n<p><span style=\"font-weight: 400;\">Obiettivo dunque l&#8217;accompagnamento di ogni realt\u00e0 nel lancio di una <strong>campagna di Crowdfunding<\/strong>. <\/span><i><span style=\"font-weight: 400;\">\u201cPerch\u00e9 il Crowdfunding? Perch\u00e9 \u00e8 il motore in grado di avvicinare un\u2019organizzazione step by step al coinvolgimento attivo della comunit\u00e0\u201d<\/span><\/i><span style=\"font-weight: 400;\"> spiega <\/span><b>Valeria Vitali, Presidente di Rete del Dono<\/b><span style=\"font-weight: 400;\">. <\/span><i><span style=\"font-weight: 400;\">\u201cLa nostra esperienza ci insegna che pu\u00f2 diventare davvero uno <strong>strumento strategico di sensibilizzazione e attivazione<\/strong> della cittadinanza e del territorio. Per realizzare progetti che abbiano una ricaduta territoriale importante\u201d<\/span><\/i><span style=\"font-weight: 400;\">.<\/span><\/p>\n<h2>WeDo 4 Social Inclusion \u00e8 Community engagement<\/h2>\n<p>Attivarsi in prima persona per una causa giova alla coesione del tessuto sociale prima ancora che ai beneficiari stessi: questo \u00e8 il grande plus del community engagement. <em>\u201cAlle comunit\u00e0 non si chiede pi\u00f9 che bisogni hanno per renderle destinatarie di interventi, ma di essere parte attiva\u201d<\/em>\u00a0spiega <strong>Simone Bucchi, Vicepresidente di CsvNet<\/strong>. <em>\u201cSiamo nel pieno di un cambiamento epocale. Tra gli obiettivi del nostro manifesto c\u2019\u00e8 proprio favorire la collaborazione tra volontariato e imprese: un\u2019azione che permette alle non profit di incontrare un mondo che \u00e8 pi\u00f9 illuminato e vicino di quanto si possa immaginare\u201d<\/em>.<\/p>\n<p>&nbsp;<\/p>\n<p><a class=\"wp-block-button__link has-background wp-element-button\" style=\"border-radius: 15px; background-color: #003c3c;\" href=\"https:\/\/www.retedeldono.it\/wedo-for-social-inclusion\">Candidati a WeDo 4 Social Inclusion<\/a><\/p>\n","protected":false},"excerpt":{"rendered":"<p>L&#8217;impegno di Rete del Dono si arricchisce di una nuova partnership. Quella insieme a WeDo, il programma di solidariet\u00e0 aziendale di Sisal, da cui \u00e8 nato un nuovo bando: WeDo&#8230;<\/p>\n","protected":false},"author":12,"featured_media":3433,"comment_status":"open","ping_status":"open","sticky":false,"template":"","format":"standard","meta":{"_acf_changed":false,"footnotes":""},"categories":[1,13],"tags":[],"class_list":{"0":"post-3432","1":"post","2":"type-post","3":"status-publish","4":"format-standard","5":"has-post-thumbnail","7":"category-community","8":"category-crowdfunding"},"acf":{"homepage_rdd":true},"yoast_head":"<!-- This site is optimized with the Yoast SEO plugin v27.5 - https:\/\/yoast.com\/product\/yoast-seo-wordpress\/ -->\n<title>WeDo 4 Social Inclusion, crowdfunding e community engagement - Rete del Dono Magazine<\/title>\n<meta name=\"description\" content=\"WeDo 4 Social Inclusion: Crowdfunding per l&#039;inclusione con focus su digitale, disabilit\u00e0, donne e sport. Candidature entro il 31 luglio.\" \/>\n<meta name=\"robots\" content=\"index, follow, max-snippet:-1, max-image-preview:large, max-video-preview:-1\" \/>\n<link rel=\"canonical\" href=\"https:\/\/www.retedeldono.it\/magazine\/wedo-4-social-inclusion-crowdfunding-e-community-engagement\/\" \/>\n<meta property=\"og:locale\" content=\"it_IT\" \/>\n<meta property=\"og:type\" content=\"article\" \/>\n<meta property=\"og:title\" content=\"WeDo 4 Social Inclusion, crowdfunding e community engagement\" \/>\n<meta property=\"og:description\" content=\"WeDo 4 Social Inclusion: Crowdfunding per l&#039;inclusione con focus su digitale, disabilit\u00e0, donne e sport. Candidature entro il 31 luglio.\" \/>\n<meta property=\"og:url\" content=\"https:\/\/www.retedeldono.it\/magazine\/wedo-4-social-inclusion-crowdfunding-e-community-engagement\/\" \/>\n<meta property=\"og:site_name\" content=\"Rete del Dono Magazine\" \/>\n<meta property=\"article:publisher\" content=\"https:\/\/www.facebook.com\/retedeldono\/\" \/>\n<meta property=\"article:published_time\" content=\"2024-06-13T16:34:25+00:00\" \/>\n<meta property=\"article:modified_time\" content=\"2024-06-14T10:38:57+00:00\" \/>\n<meta property=\"og:image\" content=\"https:\/\/magazine.retedeldono.it\/wp-content\/uploads\/2024\/06\/Progetto-senza-titolo.png\" \/>\n\t<meta property=\"og:image:width\" content=\"1000\" \/>\n\t<meta property=\"og:image:height\" content=\"700\" \/>\n\t<meta property=\"og:image:type\" content=\"image\/png\" \/>\n<meta name=\"author\" content=\"Francesca Gervasoni\" \/>\n<meta name=\"twitter:card\" content=\"summary_large_image\" \/>\n<meta name=\"twitter:title\" content=\"WeDo 4 Social Inclusion, crowdfunding e community engagement\" \/>\n<meta name=\"twitter:image\" content=\"https:\/\/magazine.retedeldono.it\/wp-content\/uploads\/2024\/06\/Progetto-senza-titolo.png\" \/>\n<meta name=\"twitter:label1\" content=\"Scritto da\" \/>\n\t<meta name=\"twitter:data1\" content=\"Francesca Gervasoni\" \/>\n\t<meta name=\"twitter:label2\" content=\"Tempo di lettura stimato\" \/>\n\t<meta name=\"twitter:data2\" content=\"3 minuti\" \/>\n<script type=\"application\/ld+json\" class=\"yoast-schema-graph\">{\"@context\":\"https:\\\/\\\/schema.org\",\"@graph\":[{\"@type\":\"Article\",\"@id\":\"https:\\\/\\\/www.retedeldono.it\\\/magazine\\\/wedo-4-social-inclusion-crowdfunding-e-community-engagement\\\/#article\",\"isPartOf\":{\"@id\":\"https:\\\/\\\/www.retedeldono.it\\\/magazine\\\/wedo-4-social-inclusion-crowdfunding-e-community-engagement\\\/\"},\"author\":{\"name\":\"Francesca Gervasoni\",\"@id\":\"https:\\\/\\\/www.retedeldono.it\\\/magazine\\\/#\\\/schema\\\/person\\\/a35c81474fbabc7c769d83f87073545f\"},\"headline\":\"WeDo 4 Social Inclusion, crowdfunding e community engagement\",\"datePublished\":\"2024-06-13T16:34:25+00:00\",\"dateModified\":\"2024-06-14T10:38:57+00:00\",\"mainEntityOfPage\":{\"@id\":\"https:\\\/\\\/www.retedeldono.it\\\/magazine\\\/wedo-4-social-inclusion-crowdfunding-e-community-engagement\\\/\"},\"wordCount\":511,\"commentCount\":0,\"image\":{\"@id\":\"https:\\\/\\\/www.retedeldono.it\\\/magazine\\\/wedo-4-social-inclusion-crowdfunding-e-community-engagement\\\/#primaryimage\"},\"thumbnailUrl\":\"https:\\\/\\\/magazine.retedeldono.it\\\/wp-content\\\/uploads\\\/2024\\\/06\\\/NEPI-quadrato.png\",\"articleSection\":[\"Community\",\"Crowdfunding\"],\"inLanguage\":\"it-IT\",\"potentialAction\":[{\"@type\":\"CommentAction\",\"name\":\"Comment\",\"target\":[\"https:\\\/\\\/www.retedeldono.it\\\/magazine\\\/wedo-4-social-inclusion-crowdfunding-e-community-engagement\\\/#respond\"]}]},{\"@type\":\"WebPage\",\"@id\":\"https:\\\/\\\/www.retedeldono.it\\\/magazine\\\/wedo-4-social-inclusion-crowdfunding-e-community-engagement\\\/\",\"url\":\"https:\\\/\\\/www.retedeldono.it\\\/magazine\\\/wedo-4-social-inclusion-crowdfunding-e-community-engagement\\\/\",\"name\":\"WeDo 4 Social Inclusion, crowdfunding e community engagement - Rete del Dono Magazine\",\"isPartOf\":{\"@id\":\"https:\\\/\\\/www.retedeldono.it\\\/magazine\\\/#website\"},\"primaryImageOfPage\":{\"@id\":\"https:\\\/\\\/www.retedeldono.it\\\/magazine\\\/wedo-4-social-inclusion-crowdfunding-e-community-engagement\\\/#primaryimage\"},\"image\":{\"@id\":\"https:\\\/\\\/www.retedeldono.it\\\/magazine\\\/wedo-4-social-inclusion-crowdfunding-e-community-engagement\\\/#primaryimage\"},\"thumbnailUrl\":\"https:\\\/\\\/magazine.retedeldono.it\\\/wp-content\\\/uploads\\\/2024\\\/06\\\/NEPI-quadrato.png\",\"datePublished\":\"2024-06-13T16:34:25+00:00\",\"dateModified\":\"2024-06-14T10:38:57+00:00\",\"author\":{\"@id\":\"https:\\\/\\\/www.retedeldono.it\\\/magazine\\\/#\\\/schema\\\/person\\\/a35c81474fbabc7c769d83f87073545f\"},\"description\":\"WeDo 4 Social Inclusion: Crowdfunding per l'inclusione con focus su digitale, disabilit\u00e0, donne e sport. Candidature entro il 31 luglio.\",\"breadcrumb\":{\"@id\":\"https:\\\/\\\/www.retedeldono.it\\\/magazine\\\/wedo-4-social-inclusion-crowdfunding-e-community-engagement\\\/#breadcrumb\"},\"inLanguage\":\"it-IT\",\"potentialAction\":[{\"@type\":\"ReadAction\",\"target\":[\"https:\\\/\\\/www.retedeldono.it\\\/magazine\\\/wedo-4-social-inclusion-crowdfunding-e-community-engagement\\\/\"]}]},{\"@type\":\"ImageObject\",\"inLanguage\":\"it-IT\",\"@id\":\"https:\\\/\\\/www.retedeldono.it\\\/magazine\\\/wedo-4-social-inclusion-crowdfunding-e-community-engagement\\\/#primaryimage\",\"url\":\"https:\\\/\\\/magazine.retedeldono.it\\\/wp-content\\\/uploads\\\/2024\\\/06\\\/NEPI-quadrato.png\",\"contentUrl\":\"https:\\\/\\\/magazine.retedeldono.it\\\/wp-content\\\/uploads\\\/2024\\\/06\\\/NEPI-quadrato.png\",\"width\":1080,\"height\":1080,\"caption\":\"WeDo 4 Social Inclusion Sisal\"},{\"@type\":\"BreadcrumbList\",\"@id\":\"https:\\\/\\\/www.retedeldono.it\\\/magazine\\\/wedo-4-social-inclusion-crowdfunding-e-community-engagement\\\/#breadcrumb\",\"itemListElement\":[{\"@type\":\"ListItem\",\"position\":1,\"name\":\"Home\",\"item\":\"https:\\\/\\\/www.retedeldono.it\\\/magazine\\\/\"},{\"@type\":\"ListItem\",\"position\":2,\"name\":\"WeDo 4 Social Inclusion, crowdfunding e community engagement\"}]},{\"@type\":\"WebSite\",\"@id\":\"https:\\\/\\\/www.retedeldono.it\\\/magazine\\\/#website\",\"url\":\"https:\\\/\\\/www.retedeldono.it\\\/magazine\\\/\",\"name\":\"Rete del Dono Magazine\",\"description\":\"Rete del Dono Magazine\",\"potentialAction\":[{\"@type\":\"SearchAction\",\"target\":{\"@type\":\"EntryPoint\",\"urlTemplate\":\"https:\\\/\\\/www.retedeldono.it\\\/magazine\\\/?s={search_term_string}\"},\"query-input\":{\"@type\":\"PropertyValueSpecification\",\"valueRequired\":true,\"valueName\":\"search_term_string\"}}],\"inLanguage\":\"it-IT\"},{\"@type\":\"Person\",\"@id\":\"https:\\\/\\\/www.retedeldono.it\\\/magazine\\\/#\\\/schema\\\/person\\\/a35c81474fbabc7c769d83f87073545f\",\"name\":\"Francesca Gervasoni\",\"image\":{\"@type\":\"ImageObject\",\"inLanguage\":\"it-IT\",\"@id\":\"https:\\\/\\\/secure.gravatar.com\\\/avatar\\\/1825a523f3047a4b9194721a85cdea28f936ebf51e16a49a9e6504a59c37d892?s=96&d=mm&r=g\",\"url\":\"https:\\\/\\\/secure.gravatar.com\\\/avatar\\\/1825a523f3047a4b9194721a85cdea28f936ebf51e16a49a9e6504a59c37d892?s=96&d=mm&r=g\",\"contentUrl\":\"https:\\\/\\\/secure.gravatar.com\\\/avatar\\\/1825a523f3047a4b9194721a85cdea28f936ebf51e16a49a9e6504a59c37d892?s=96&d=mm&r=g\",\"caption\":\"Francesca Gervasoni\"},\"description\":\"Laureata in Filosofia presso Universit\u00e0 degli studi di Milano, ha un\u2019esperienza di 15 anni nel mondo delle agenzie di comunicazione per il mondo profit. Nel 2012 cambia vita e approda su Rete del Dono, dove mette in pratica quello che ha imparato nella precedente vita professionale, per aiutare ONP e aziende ad attivare campagne di raccolta fondi non profit. In Rete del Dono, ricopre il ruolo di Head of Charity Program e si occupa dei rapporti con le aziende.\",\"url\":\"https:\\\/\\\/www.retedeldono.it\\\/magazine\\\/author\\\/francesca-gervasoni\\\/\"}]}<\/script>\n<!-- \/ Yoast SEO plugin. -->","yoast_head_json":{"title":"WeDo 4 Social Inclusion, crowdfunding e community engagement - Rete del Dono Magazine","description":"WeDo 4 Social Inclusion: Crowdfunding per l'inclusione con focus su digitale, disabilit\u00e0, donne e sport. Candidature entro il 31 luglio.","robots":{"index":"index","follow":"follow","max-snippet":"max-snippet:-1","max-image-preview":"max-image-preview:large","max-video-preview":"max-video-preview:-1"},"canonical":"https:\/\/www.retedeldono.it\/magazine\/wedo-4-social-inclusion-crowdfunding-e-community-engagement\/","og_locale":"it_IT","og_type":"article","og_title":"WeDo 4 Social Inclusion, crowdfunding e community engagement","og_description":"WeDo 4 Social Inclusion: Crowdfunding per l'inclusione con focus su digitale, disabilit\u00e0, donne e sport. Candidature entro il 31 luglio.","og_url":"https:\/\/www.retedeldono.it\/magazine\/wedo-4-social-inclusion-crowdfunding-e-community-engagement\/","og_site_name":"Rete del Dono Magazine","article_publisher":"https:\/\/www.facebook.com\/retedeldono\/","article_published_time":"2024-06-13T16:34:25+00:00","article_modified_time":"2024-06-14T10:38:57+00:00","og_image":[{"width":1000,"height":700,"url":"https:\/\/magazine.retedeldono.it\/wp-content\/uploads\/2024\/06\/Progetto-senza-titolo.png","type":"image\/png"}],"author":"Francesca Gervasoni","twitter_card":"summary_large_image","twitter_title":"WeDo 4 Social Inclusion, crowdfunding e community engagement","twitter_image":"https:\/\/magazine.retedeldono.it\/wp-content\/uploads\/2024\/06\/Progetto-senza-titolo.png","twitter_misc":{"Scritto da":"Francesca Gervasoni","Tempo di lettura stimato":"3 minuti"},"schema":{"@context":"https:\/\/schema.org","@graph":[{"@type":"Article","@id":"https:\/\/www.retedeldono.it\/magazine\/wedo-4-social-inclusion-crowdfunding-e-community-engagement\/#article","isPartOf":{"@id":"https:\/\/www.retedeldono.it\/magazine\/wedo-4-social-inclusion-crowdfunding-e-community-engagement\/"},"author":{"name":"Francesca Gervasoni","@id":"https:\/\/www.retedeldono.it\/magazine\/#\/schema\/person\/a35c81474fbabc7c769d83f87073545f"},"headline":"WeDo 4 Social Inclusion, crowdfunding e community engagement","datePublished":"2024-06-13T16:34:25+00:00","dateModified":"2024-06-14T10:38:57+00:00","mainEntityOfPage":{"@id":"https:\/\/www.retedeldono.it\/magazine\/wedo-4-social-inclusion-crowdfunding-e-community-engagement\/"},"wordCount":511,"commentCount":0,"image":{"@id":"https:\/\/www.retedeldono.it\/magazine\/wedo-4-social-inclusion-crowdfunding-e-community-engagement\/#primaryimage"},"thumbnailUrl":"https:\/\/magazine.retedeldono.it\/wp-content\/uploads\/2024\/06\/NEPI-quadrato.png","articleSection":["Community","Crowdfunding"],"inLanguage":"it-IT","potentialAction":[{"@type":"CommentAction","name":"Comment","target":["https:\/\/www.retedeldono.it\/magazine\/wedo-4-social-inclusion-crowdfunding-e-community-engagement\/#respond"]}]},{"@type":"WebPage","@id":"https:\/\/www.retedeldono.it\/magazine\/wedo-4-social-inclusion-crowdfunding-e-community-engagement\/","url":"https:\/\/www.retedeldono.it\/magazine\/wedo-4-social-inclusion-crowdfunding-e-community-engagement\/","name":"WeDo 4 Social Inclusion, crowdfunding e community engagement - Rete del Dono Magazine","isPartOf":{"@id":"https:\/\/www.retedeldono.it\/magazine\/#website"},"primaryImageOfPage":{"@id":"https:\/\/www.retedeldono.it\/magazine\/wedo-4-social-inclusion-crowdfunding-e-community-engagement\/#primaryimage"},"image":{"@id":"https:\/\/www.retedeldono.it\/magazine\/wedo-4-social-inclusion-crowdfunding-e-community-engagement\/#primaryimage"},"thumbnailUrl":"https:\/\/magazine.retedeldono.it\/wp-content\/uploads\/2024\/06\/NEPI-quadrato.png","datePublished":"2024-06-13T16:34:25+00:00","dateModified":"2024-06-14T10:38:57+00:00","author":{"@id":"https:\/\/www.retedeldono.it\/magazine\/#\/schema\/person\/a35c81474fbabc7c769d83f87073545f"},"description":"WeDo 4 Social Inclusion: Crowdfunding per l'inclusione con focus su digitale, disabilit\u00e0, donne e sport. Candidature entro il 31 luglio.","breadcrumb":{"@id":"https:\/\/www.retedeldono.it\/magazine\/wedo-4-social-inclusion-crowdfunding-e-community-engagement\/#breadcrumb"},"inLanguage":"it-IT","potentialAction":[{"@type":"ReadAction","target":["https:\/\/www.retedeldono.it\/magazine\/wedo-4-social-inclusion-crowdfunding-e-community-engagement\/"]}]},{"@type":"ImageObject","inLanguage":"it-IT","@id":"https:\/\/www.retedeldono.it\/magazine\/wedo-4-social-inclusion-crowdfunding-e-community-engagement\/#primaryimage","url":"https:\/\/magazine.retedeldono.it\/wp-content\/uploads\/2024\/06\/NEPI-quadrato.png","contentUrl":"https:\/\/magazine.retedeldono.it\/wp-content\/uploads\/2024\/06\/NEPI-quadrato.png","width":1080,"height":1080,"caption":"WeDo 4 Social Inclusion Sisal"},{"@type":"BreadcrumbList","@id":"https:\/\/www.retedeldono.it\/magazine\/wedo-4-social-inclusion-crowdfunding-e-community-engagement\/#breadcrumb","itemListElement":[{"@type":"ListItem","position":1,"name":"Home","item":"https:\/\/www.retedeldono.it\/magazine\/"},{"@type":"ListItem","position":2,"name":"WeDo 4 Social Inclusion, crowdfunding e community engagement"}]},{"@type":"WebSite","@id":"https:\/\/www.retedeldono.it\/magazine\/#website","url":"https:\/\/www.retedeldono.it\/magazine\/","name":"Rete del Dono Magazine","description":"Rete del Dono Magazine","potentialAction":[{"@type":"SearchAction","target":{"@type":"EntryPoint","urlTemplate":"https:\/\/www.retedeldono.it\/magazine\/?s={search_term_string}"},"query-input":{"@type":"PropertyValueSpecification","valueRequired":true,"valueName":"search_term_string"}}],"inLanguage":"it-IT"},{"@type":"Person","@id":"https:\/\/www.retedeldono.it\/magazine\/#\/schema\/person\/a35c81474fbabc7c769d83f87073545f","name":"Francesca Gervasoni","image":{"@type":"ImageObject","inLanguage":"it-IT","@id":"https:\/\/secure.gravatar.com\/avatar\/1825a523f3047a4b9194721a85cdea28f936ebf51e16a49a9e6504a59c37d892?s=96&d=mm&r=g","url":"https:\/\/secure.gravatar.com\/avatar\/1825a523f3047a4b9194721a85cdea28f936ebf51e16a49a9e6504a59c37d892?s=96&d=mm&r=g","contentUrl":"https:\/\/secure.gravatar.com\/avatar\/1825a523f3047a4b9194721a85cdea28f936ebf51e16a49a9e6504a59c37d892?s=96&d=mm&r=g","caption":"Francesca Gervasoni"},"description":"Laureata in Filosofia presso Universit\u00e0 degli studi di Milano, ha un\u2019esperienza di 15 anni nel mondo delle agenzie di comunicazione per il mondo profit. Nel 2012 cambia vita e approda su Rete del Dono, dove mette in pratica quello che ha imparato nella precedente vita professionale, per aiutare ONP e aziende ad attivare campagne di raccolta fondi non profit. In Rete del Dono, ricopre il ruolo di Head of Charity Program e si occupa dei rapporti con le aziende.","url":"https:\/\/www.retedeldono.it\/magazine\/author\/francesca-gervasoni\/"}]}},"_links":{"self":[{"href":"https:\/\/www.retedeldono.it\/magazine\/wp-json\/wp\/v2\/posts\/3432","targetHints":{"allow":["GET"]}}],"collection":[{"href":"https:\/\/www.retedeldono.it\/magazine\/wp-json\/wp\/v2\/posts"}],"about":[{"href":"https:\/\/www.retedeldono.it\/magazine\/wp-json\/wp\/v2\/types\/post"}],"author":[{"embeddable":true,"href":"https:\/\/www.retedeldono.it\/magazine\/wp-json\/wp\/v2\/users\/12"}],"replies":[{"embeddable":true,"href":"https:\/\/www.retedeldono.it\/magazine\/wp-json\/wp\/v2\/comments?post=3432"}],"version-history":[{"count":4,"href":"https:\/\/www.retedeldono.it\/magazine\/wp-json\/wp\/v2\/posts\/3432\/revisions"}],"predecessor-version":[{"id":3442,"href":"https:\/\/www.retedeldono.it\/magazine\/wp-json\/wp\/v2\/posts\/3432\/revisions\/3442"}],"wp:featuredmedia":[{"embeddable":true,"href":"https:\/\/www.retedeldono.it\/magazine\/wp-json\/wp\/v2\/media\/3433"}],"wp:attachment":[{"href":"https:\/\/www.retedeldono.it\/magazine\/wp-json\/wp\/v2\/media?parent=3432"}],"wp:term":[{"taxonomy":"category","embeddable":true,"href":"https:\/\/www.retedeldono.it\/magazine\/wp-json\/wp\/v2\/categories?post=3432"},{"taxonomy":"post_tag","embeddable":true,"href":"https:\/\/www.retedeldono.it\/magazine\/wp-json\/wp\/v2\/tags?post=3432"}],"curies":[{"name":"wp","href":"https:\/\/api.w.org\/{rel}","templated":true}]}}