{"id":3489,"date":"2024-07-19T15:43:03","date_gmt":"2024-07-19T15:43:03","guid":{"rendered":"https:\/\/www.retedeldono.it\/magazine\/?p=3489"},"modified":"2025-12-01T11:50:29","modified_gmt":"2025-12-01T11:50:29","slug":"tedoforo","status":"publish","type":"post","link":"https:\/\/www.retedeldono.it\/magazine\/tedoforo\/","title":{"rendered":"Tedoforo, chi \u00e8 e come candidarsi per le Olimpiadi 2026"},"content":{"rendered":"<p><em>Il tedoforo \u00e8 colui o colei che porta la fiaccola olimpica per un tratto della staffetta che la condurr\u00e0 alla sede dei giochi: un ruolo prestigioso che incarna i valori di amicizia, rispetto e collaborazione <\/em><\/p>\n<p>&nbsp;<\/p>\n<h2>Come si chiama l&#8217;uomo che porta la fiaccola olimpica?<\/h2>\n<p>La persona che porta la fiaccola olimpica si chiama <strong>tedoforo<\/strong>. La parola tedoforo deriva infatti da \u201c<strong>teda<\/strong>\u201d, che significa \u201c<strong>fiaccola cerimoniale<\/strong>\u201d. Da tradizione, la fiamma olimpica viene accesa a <strong>Olimpia<\/strong>, in <strong>Grecia<\/strong>, durante una cerimonia che vede <strong>Giunone<\/strong>, sacerdotessa del tempio di Era \u2013 interpretata da un\u2019attrice \u2013 innescare il fuoco usando uno specchio. Inizia cos\u00ec il <strong>viaggio della torcia olimpica<\/strong>, trasportata fino alla <strong>cerimonia di apertura<\/strong> dai tedofori, tramite staffetta. Qui,\u00a0 l\u2019ultimo tedoforo accender\u00e0 il <strong>braciere<\/strong> che continuer\u00e0 ad ardere durante i giochi olimpici.<\/p>\n<p>&nbsp;<\/p>\n<p><strong><a class=\"wp-block-button__link has-background wp-element-button\" style=\"border-radius: 15px; background-color: #e96f27;\" href=\"https:\/\/www.retedeldono.it\/landing\/sport?utm_source=blog&amp;utm_medium=direct&amp;utm_campaign=CTA_tedoforo_top\">Attivati anche tu<\/a><\/strong><\/p>\n<p>&nbsp;<\/p>\n<h2>Quanti sono i tedofori?<\/h2>\n<p>Il numero di tedofori <strong>varia per ogni edizione<\/strong> dei giochi olimpici; dipende dalla lunghezza del percorso e dalle specifiche organizzative del Comitato Olimpico della nazione ospitante. Ad esempio, alle Olimpiadi estive di <strong>Tokyo 2020<\/strong> circa <strong>10.000<\/strong> tedofori hanno partecipato alla staffetta della fiaccola olimpica, che ha coperto un percorso di circa 121 giorni attraverso il Giappone. Alle Olimpiadi di <strong>Pechino 2008<\/strong> sono stati ben <strong>21.880<\/strong>, pi\u00f9 del doppio. Probabilmente per le Olimpiadi di <strong>Parigi 2024<\/strong> saranno ancora una volta circa <strong>10.000<\/strong>, mentre non \u00e8 ancora stato stabilito il numero di tedofori che guideranno la fiamma verso <strong>Milano e Cortina d\u2019Ampezzo<\/strong> per le Olimpiadi invernali del <strong>2026<\/strong>.<\/p>\n<p>&nbsp;<\/p>\n<h2>Chi fu il primo tedoforo?<\/h2>\n<p>Il primo tedoforo nella storia delle moderne Olimpiadi fu <strong>Konstantinos Kondylis<\/strong>, un atleta greco. Egli ebbe l\u2019onore di portare la fiaccola olimpica durante la prima staffetta della fiaccola, che fu introdotta per le Olimpiadi di <strong>Berlino<\/strong> del <strong>1936<\/strong>. Kondylis era un <strong>soldato<\/strong> ma, simbolicamente, depose le armi, si tolse l\u2019uniforme e intraprese la staffetta in <strong>tenuta sportiva<\/strong>. Tra i primi atleti pi\u00f9 noti che accesero il fuoco nello stadio si ricorda poi il finlandese <strong>Paavo Nurmi<\/strong>, nove volte campione olimpico, nel 1952.<\/p>\n<p>Nel corso degli anni, molti tedofori famosi hanno partecipato alla staffetta della fiaccola olimpica nell\u2019ultimo tratto, portando la torcia come simbolo di pace, unit\u00e0 e speranza. Tra i tanti nomi di spicco ricordiamo <strong>Muhammad Ali<\/strong> (Atlanta 1996), <strong>Cathy Freeman<\/strong> (Sydney 2000), <strong>Stefania Belmondo<\/strong> (Torino 2006), <strong>Li Ning<\/strong> (Pechino 2008).<\/p>\n<p>&nbsp;<\/p>\n<p><strong><a class=\"wp-block-button__link has-background wp-element-button\" style=\"border-radius: 15px; background-color: #e96f27;\" href=\"https:\/\/www.retedeldono.it\/landing\/sport?utm_source=blog&amp;utm_medium=direct&amp;utm_campaign=CTA_tedoforo_central\">Attivati anche tu<\/a><\/strong><\/p>\n<p>&nbsp;<\/p>\n<h2>Cosa simboleggia la fiaccola?<\/h2>\n<p>La fiaccola olimpica rappresenta la <strong>pace<\/strong> e l\u2019<strong>amicizia<\/strong> <strong>tra le nazioni<\/strong>. Il suo viaggio attraverso diversi Paesi e comunit\u00e0 prima di ogni edizione dei giochi promuove un messaggio di <strong>unit\u00e0<\/strong> e <strong>collaborazione internazionale<\/strong>. Allo stesso tempo collega le Olimpiadi moderne con le antiche Olimpiadi greche, simboleggiando la <strong>continuit\u00e0 storica e culturale<\/strong> dei giochi. Inoltre, il fuoco \u2013 al quale gli antichi greci attribuivano una connotazione divina &#8211; \u00e8 storicamente un simbolo di <strong>conoscenza<\/strong>, <strong>illuminazione<\/strong> e <strong>civilt\u00e0<\/strong>. Portare la fiaccola olimpica significa diffondere questi valori, con il fuoco che illumina il cammino verso un futuro di progresso e collaborazione.<\/p>\n<p>&nbsp;<\/p>\n<h2>Come vengono scelti i tedofori?<\/h2>\n<p>I tedofori possono essere <strong>atleti<\/strong>, <strong>celebrit\u00e0<\/strong>, <strong>persone comuni<\/strong>, giovani e anziani, di ogni etnia e nazionalit\u00e0. La selezione dei tedofori varia da edizione a edizione, ma l\u2019obiettivo \u00e8 rappresentare una <strong>vasta gamma di persone<\/strong> che incarnino i <strong>valori olimpici<\/strong>. Ad esempio, Yoshinori Sakai apr\u00ec i giochi di Tokyo 1964. Non era famoso, ma essendo nato ad Hiroshima il 6 agosto 1945, nel giorno del lancio della bomba atomica, fu scelto come simbolo della rinascita del Giappone dopo la seconda guerra mondiale.<\/p>\n<p>Non \u00e8 comunque sempre strettamente necessario che si presentino circostanze cos\u00ec particolari: anche cittadini comuni possono diventare tedofori. In occasione delle <strong>Olimpiadi invernali Milano Cortina 2026<\/strong> sono stati creati il progetto <strong>Team26 <\/strong>e la digital community <strong>Fan26<\/strong> per vivere i giochi in prima persona come volontari e volontarie e candidarsi anche al prestigioso ruolo di tedoforo.<\/p>\n<p>&nbsp;<\/p>\n<p><strong><a class=\"wp-block-button__link has-background wp-element-button\" style=\"border-radius: 15px; background-color: #e96f27;\" href=\"https:\/\/www.retedeldono.it\/landing\/sport?utm_source=blog&amp;utm_medium=direct&amp;utm_campaign=CTA_tedoforo_down\">Attivati anche tu<\/a><\/strong><\/p>\n","protected":false},"excerpt":{"rendered":"<p>Il tedoforo \u00e8 colui o colei che porta la fiaccola olimpica per un tratto della staffetta che la condurr\u00e0 alla sede dei giochi: un ruolo prestigioso che incarna i valori&#8230;<\/p>\n","protected":false},"author":12,"featured_media":3491,"comment_status":"open","ping_status":"open","sticky":false,"template":"","format":"standard","meta":{"_acf_changed":false,"footnotes":""},"categories":[1],"tags":[],"class_list":{"0":"post-3489","1":"post","2":"type-post","3":"status-publish","4":"format-standard","5":"has-post-thumbnail","7":"category-community"},"acf":{"homepage_rdd":false},"yoast_head":"<!-- This site is optimized with the Yoast SEO plugin v27.5 - https:\/\/yoast.com\/product\/yoast-seo-wordpress\/ -->\n<title>Tedoforo, chi \u00e8 e come candidarsi per le Olimpiadi 2026 - Rete del Dono Magazine<\/title>\n<meta name=\"description\" content=\"Il tedoforo porta la fiaccola olimpica per un tratto della staffetta verso i giochi: un ruolo prestigioso al quale tutti possono ambire\" \/>\n<meta name=\"robots\" content=\"index, follow, max-snippet:-1, max-image-preview:large, max-video-preview:-1\" \/>\n<link rel=\"canonical\" href=\"https:\/\/www.retedeldono.it\/magazine\/tedoforo\/\" \/>\n<meta property=\"og:locale\" content=\"it_IT\" \/>\n<meta property=\"og:type\" content=\"article\" \/>\n<meta property=\"og:title\" content=\"Tedoforo, chi \u00e8 e come candidarsi per le Olimpiadi 2026\" \/>\n<meta property=\"og:description\" content=\"Il tedoforo \u00e8 colui o colei che porta la fiaccola olimpica per un tratto della staffetta che la condurr\u00e0 alla sede dei giochi: un ruolo prestigioso che incarna i valori di amicizia, rispetto e collaborazione\" \/>\n<meta property=\"og:url\" content=\"https:\/\/www.retedeldono.it\/magazine\/tedoforo\/\" \/>\n<meta property=\"og:site_name\" content=\"Rete del Dono Magazine\" \/>\n<meta property=\"article:publisher\" content=\"https:\/\/www.facebook.com\/retedeldono\/\" \/>\n<meta property=\"article:published_time\" content=\"2024-07-19T15:43:03+00:00\" \/>\n<meta property=\"article:modified_time\" content=\"2025-12-01T11:50:29+00:00\" \/>\n<meta property=\"og:image\" content=\"https:\/\/magazine.retedeldono.it\/wp-content\/uploads\/2024\/07\/tedoforo-3.jpg\" \/>\n\t<meta property=\"og:image:width\" content=\"1000\" \/>\n\t<meta property=\"og:image:height\" content=\"665\" \/>\n\t<meta property=\"og:image:type\" content=\"image\/jpeg\" \/>\n<meta name=\"author\" content=\"Francesca Gervasoni\" \/>\n<meta name=\"twitter:card\" content=\"summary_large_image\" \/>\n<meta name=\"twitter:title\" content=\"Tedoforo, chi \u00e8 e come candidarsi per le Olimpiadi 2026\" \/>\n<meta name=\"twitter:description\" content=\"Il tedoforo \u00e8 colui o colei che porta la fiaccola olimpica per un tratto della staffetta che la condurr\u00e0 alla sede dei giochi: un ruolo prestigioso che incarna i valori di amicizia, rispetto e collaborazione\" \/>\n<meta name=\"twitter:image\" content=\"https:\/\/magazine.retedeldono.it\/wp-content\/uploads\/2024\/07\/tedoforo-3.jpg\" \/>\n<meta name=\"twitter:label1\" content=\"Scritto da\" \/>\n\t<meta name=\"twitter:data1\" content=\"Francesca Gervasoni\" \/>\n\t<meta name=\"twitter:label2\" content=\"Tempo di lettura stimato\" \/>\n\t<meta name=\"twitter:data2\" content=\"4 minuti\" \/>\n<script type=\"application\/ld+json\" class=\"yoast-schema-graph\">{\"@context\":\"https:\\\/\\\/schema.org\",\"@graph\":[{\"@type\":\"Article\",\"@id\":\"https:\\\/\\\/www.retedeldono.it\\\/magazine\\\/tedoforo\\\/#article\",\"isPartOf\":{\"@id\":\"https:\\\/\\\/www.retedeldono.it\\\/magazine\\\/tedoforo\\\/\"},\"author\":{\"name\":\"Francesca Gervasoni\",\"@id\":\"https:\\\/\\\/www.retedeldono.it\\\/magazine\\\/#\\\/schema\\\/person\\\/a35c81474fbabc7c769d83f87073545f\"},\"headline\":\"Tedoforo, chi \u00e8 e come candidarsi per le Olimpiadi 2026\",\"datePublished\":\"2024-07-19T15:43:03+00:00\",\"dateModified\":\"2025-12-01T11:50:29+00:00\",\"mainEntityOfPage\":{\"@id\":\"https:\\\/\\\/www.retedeldono.it\\\/magazine\\\/tedoforo\\\/\"},\"wordCount\":627,\"commentCount\":0,\"image\":{\"@id\":\"https:\\\/\\\/www.retedeldono.it\\\/magazine\\\/tedoforo\\\/#primaryimage\"},\"thumbnailUrl\":\"https:\\\/\\\/magazine.retedeldono.it\\\/wp-content\\\/uploads\\\/2024\\\/07\\\/tedoforo-2.jpg\",\"articleSection\":[\"Community\"],\"inLanguage\":\"it-IT\",\"potentialAction\":[{\"@type\":\"CommentAction\",\"name\":\"Comment\",\"target\":[\"https:\\\/\\\/www.retedeldono.it\\\/magazine\\\/tedoforo\\\/#respond\"]}]},{\"@type\":\"WebPage\",\"@id\":\"https:\\\/\\\/www.retedeldono.it\\\/magazine\\\/tedoforo\\\/\",\"url\":\"https:\\\/\\\/www.retedeldono.it\\\/magazine\\\/tedoforo\\\/\",\"name\":\"Tedoforo, chi \u00e8 e come candidarsi per le Olimpiadi 2026 - Rete del Dono Magazine\",\"isPartOf\":{\"@id\":\"https:\\\/\\\/www.retedeldono.it\\\/magazine\\\/#website\"},\"primaryImageOfPage\":{\"@id\":\"https:\\\/\\\/www.retedeldono.it\\\/magazine\\\/tedoforo\\\/#primaryimage\"},\"image\":{\"@id\":\"https:\\\/\\\/www.retedeldono.it\\\/magazine\\\/tedoforo\\\/#primaryimage\"},\"thumbnailUrl\":\"https:\\\/\\\/magazine.retedeldono.it\\\/wp-content\\\/uploads\\\/2024\\\/07\\\/tedoforo-2.jpg\",\"datePublished\":\"2024-07-19T15:43:03+00:00\",\"dateModified\":\"2025-12-01T11:50:29+00:00\",\"author\":{\"@id\":\"https:\\\/\\\/www.retedeldono.it\\\/magazine\\\/#\\\/schema\\\/person\\\/a35c81474fbabc7c769d83f87073545f\"},\"description\":\"Il tedoforo porta la fiaccola olimpica per un tratto della staffetta verso i giochi: un ruolo prestigioso al quale tutti possono ambire\",\"breadcrumb\":{\"@id\":\"https:\\\/\\\/www.retedeldono.it\\\/magazine\\\/tedoforo\\\/#breadcrumb\"},\"inLanguage\":\"it-IT\",\"potentialAction\":[{\"@type\":\"ReadAction\",\"target\":[\"https:\\\/\\\/www.retedeldono.it\\\/magazine\\\/tedoforo\\\/\"]}]},{\"@type\":\"ImageObject\",\"inLanguage\":\"it-IT\",\"@id\":\"https:\\\/\\\/www.retedeldono.it\\\/magazine\\\/tedoforo\\\/#primaryimage\",\"url\":\"https:\\\/\\\/magazine.retedeldono.it\\\/wp-content\\\/uploads\\\/2024\\\/07\\\/tedoforo-2.jpg\",\"contentUrl\":\"https:\\\/\\\/magazine.retedeldono.it\\\/wp-content\\\/uploads\\\/2024\\\/07\\\/tedoforo-2.jpg\",\"width\":666,\"height\":665,\"caption\":\"tedoforo\"},{\"@type\":\"BreadcrumbList\",\"@id\":\"https:\\\/\\\/www.retedeldono.it\\\/magazine\\\/tedoforo\\\/#breadcrumb\",\"itemListElement\":[{\"@type\":\"ListItem\",\"position\":1,\"name\":\"Home\",\"item\":\"https:\\\/\\\/www.retedeldono.it\\\/magazine\\\/\"},{\"@type\":\"ListItem\",\"position\":2,\"name\":\"Tedoforo, chi \u00e8 e come candidarsi per le Olimpiadi 2026\"}]},{\"@type\":\"WebSite\",\"@id\":\"https:\\\/\\\/www.retedeldono.it\\\/magazine\\\/#website\",\"url\":\"https:\\\/\\\/www.retedeldono.it\\\/magazine\\\/\",\"name\":\"Rete del Dono Magazine\",\"description\":\"Rete del Dono Magazine\",\"potentialAction\":[{\"@type\":\"SearchAction\",\"target\":{\"@type\":\"EntryPoint\",\"urlTemplate\":\"https:\\\/\\\/www.retedeldono.it\\\/magazine\\\/?s={search_term_string}\"},\"query-input\":{\"@type\":\"PropertyValueSpecification\",\"valueRequired\":true,\"valueName\":\"search_term_string\"}}],\"inLanguage\":\"it-IT\"},{\"@type\":\"Person\",\"@id\":\"https:\\\/\\\/www.retedeldono.it\\\/magazine\\\/#\\\/schema\\\/person\\\/a35c81474fbabc7c769d83f87073545f\",\"name\":\"Francesca Gervasoni\",\"image\":{\"@type\":\"ImageObject\",\"inLanguage\":\"it-IT\",\"@id\":\"https:\\\/\\\/secure.gravatar.com\\\/avatar\\\/1825a523f3047a4b9194721a85cdea28f936ebf51e16a49a9e6504a59c37d892?s=96&d=mm&r=g\",\"url\":\"https:\\\/\\\/secure.gravatar.com\\\/avatar\\\/1825a523f3047a4b9194721a85cdea28f936ebf51e16a49a9e6504a59c37d892?s=96&d=mm&r=g\",\"contentUrl\":\"https:\\\/\\\/secure.gravatar.com\\\/avatar\\\/1825a523f3047a4b9194721a85cdea28f936ebf51e16a49a9e6504a59c37d892?s=96&d=mm&r=g\",\"caption\":\"Francesca Gervasoni\"},\"description\":\"Laureata in Filosofia presso Universit\u00e0 degli studi di Milano, ha un\u2019esperienza di 15 anni nel mondo delle agenzie di comunicazione per il mondo profit. Nel 2012 cambia vita e approda su Rete del Dono, dove mette in pratica quello che ha imparato nella precedente vita professionale, per aiutare ONP e aziende ad attivare campagne di raccolta fondi non profit. In Rete del Dono, ricopre il ruolo di Head of Charity Program e si occupa dei rapporti con le aziende.\",\"url\":\"https:\\\/\\\/www.retedeldono.it\\\/magazine\\\/author\\\/francesca-gervasoni\\\/\"}]}<\/script>\n<!-- \/ Yoast SEO plugin. -->","yoast_head_json":{"title":"Tedoforo, chi \u00e8 e come candidarsi per le Olimpiadi 2026 - Rete del Dono Magazine","description":"Il tedoforo porta la fiaccola olimpica per un tratto della staffetta verso i giochi: un ruolo prestigioso al quale tutti possono ambire","robots":{"index":"index","follow":"follow","max-snippet":"max-snippet:-1","max-image-preview":"max-image-preview:large","max-video-preview":"max-video-preview:-1"},"canonical":"https:\/\/www.retedeldono.it\/magazine\/tedoforo\/","og_locale":"it_IT","og_type":"article","og_title":"Tedoforo, chi \u00e8 e come candidarsi per le Olimpiadi 2026","og_description":"Il tedoforo \u00e8 colui o colei che porta la fiaccola olimpica per un tratto della staffetta che la condurr\u00e0 alla sede dei giochi: un ruolo prestigioso che incarna i valori di amicizia, rispetto e collaborazione","og_url":"https:\/\/www.retedeldono.it\/magazine\/tedoforo\/","og_site_name":"Rete del Dono Magazine","article_publisher":"https:\/\/www.facebook.com\/retedeldono\/","article_published_time":"2024-07-19T15:43:03+00:00","article_modified_time":"2025-12-01T11:50:29+00:00","og_image":[{"width":1000,"height":665,"url":"https:\/\/magazine.retedeldono.it\/wp-content\/uploads\/2024\/07\/tedoforo-3.jpg","type":"image\/jpeg"}],"author":"Francesca Gervasoni","twitter_card":"summary_large_image","twitter_title":"Tedoforo, chi \u00e8 e come candidarsi per le Olimpiadi 2026","twitter_description":"Il tedoforo \u00e8 colui o colei che porta la fiaccola olimpica per un tratto della staffetta che la condurr\u00e0 alla sede dei giochi: un ruolo prestigioso che incarna i valori di amicizia, rispetto e collaborazione","twitter_image":"https:\/\/magazine.retedeldono.it\/wp-content\/uploads\/2024\/07\/tedoforo-3.jpg","twitter_misc":{"Scritto da":"Francesca Gervasoni","Tempo di lettura stimato":"4 minuti"},"schema":{"@context":"https:\/\/schema.org","@graph":[{"@type":"Article","@id":"https:\/\/www.retedeldono.it\/magazine\/tedoforo\/#article","isPartOf":{"@id":"https:\/\/www.retedeldono.it\/magazine\/tedoforo\/"},"author":{"name":"Francesca Gervasoni","@id":"https:\/\/www.retedeldono.it\/magazine\/#\/schema\/person\/a35c81474fbabc7c769d83f87073545f"},"headline":"Tedoforo, chi \u00e8 e come candidarsi per le Olimpiadi 2026","datePublished":"2024-07-19T15:43:03+00:00","dateModified":"2025-12-01T11:50:29+00:00","mainEntityOfPage":{"@id":"https:\/\/www.retedeldono.it\/magazine\/tedoforo\/"},"wordCount":627,"commentCount":0,"image":{"@id":"https:\/\/www.retedeldono.it\/magazine\/tedoforo\/#primaryimage"},"thumbnailUrl":"https:\/\/magazine.retedeldono.it\/wp-content\/uploads\/2024\/07\/tedoforo-2.jpg","articleSection":["Community"],"inLanguage":"it-IT","potentialAction":[{"@type":"CommentAction","name":"Comment","target":["https:\/\/www.retedeldono.it\/magazine\/tedoforo\/#respond"]}]},{"@type":"WebPage","@id":"https:\/\/www.retedeldono.it\/magazine\/tedoforo\/","url":"https:\/\/www.retedeldono.it\/magazine\/tedoforo\/","name":"Tedoforo, chi \u00e8 e come candidarsi per le Olimpiadi 2026 - Rete del Dono Magazine","isPartOf":{"@id":"https:\/\/www.retedeldono.it\/magazine\/#website"},"primaryImageOfPage":{"@id":"https:\/\/www.retedeldono.it\/magazine\/tedoforo\/#primaryimage"},"image":{"@id":"https:\/\/www.retedeldono.it\/magazine\/tedoforo\/#primaryimage"},"thumbnailUrl":"https:\/\/magazine.retedeldono.it\/wp-content\/uploads\/2024\/07\/tedoforo-2.jpg","datePublished":"2024-07-19T15:43:03+00:00","dateModified":"2025-12-01T11:50:29+00:00","author":{"@id":"https:\/\/www.retedeldono.it\/magazine\/#\/schema\/person\/a35c81474fbabc7c769d83f87073545f"},"description":"Il tedoforo porta la fiaccola olimpica per un tratto della staffetta verso i giochi: un ruolo prestigioso al quale tutti possono ambire","breadcrumb":{"@id":"https:\/\/www.retedeldono.it\/magazine\/tedoforo\/#breadcrumb"},"inLanguage":"it-IT","potentialAction":[{"@type":"ReadAction","target":["https:\/\/www.retedeldono.it\/magazine\/tedoforo\/"]}]},{"@type":"ImageObject","inLanguage":"it-IT","@id":"https:\/\/www.retedeldono.it\/magazine\/tedoforo\/#primaryimage","url":"https:\/\/magazine.retedeldono.it\/wp-content\/uploads\/2024\/07\/tedoforo-2.jpg","contentUrl":"https:\/\/magazine.retedeldono.it\/wp-content\/uploads\/2024\/07\/tedoforo-2.jpg","width":666,"height":665,"caption":"tedoforo"},{"@type":"BreadcrumbList","@id":"https:\/\/www.retedeldono.it\/magazine\/tedoforo\/#breadcrumb","itemListElement":[{"@type":"ListItem","position":1,"name":"Home","item":"https:\/\/www.retedeldono.it\/magazine\/"},{"@type":"ListItem","position":2,"name":"Tedoforo, chi \u00e8 e come candidarsi per le Olimpiadi 2026"}]},{"@type":"WebSite","@id":"https:\/\/www.retedeldono.it\/magazine\/#website","url":"https:\/\/www.retedeldono.it\/magazine\/","name":"Rete del Dono Magazine","description":"Rete del Dono Magazine","potentialAction":[{"@type":"SearchAction","target":{"@type":"EntryPoint","urlTemplate":"https:\/\/www.retedeldono.it\/magazine\/?s={search_term_string}"},"query-input":{"@type":"PropertyValueSpecification","valueRequired":true,"valueName":"search_term_string"}}],"inLanguage":"it-IT"},{"@type":"Person","@id":"https:\/\/www.retedeldono.it\/magazine\/#\/schema\/person\/a35c81474fbabc7c769d83f87073545f","name":"Francesca Gervasoni","image":{"@type":"ImageObject","inLanguage":"it-IT","@id":"https:\/\/secure.gravatar.com\/avatar\/1825a523f3047a4b9194721a85cdea28f936ebf51e16a49a9e6504a59c37d892?s=96&d=mm&r=g","url":"https:\/\/secure.gravatar.com\/avatar\/1825a523f3047a4b9194721a85cdea28f936ebf51e16a49a9e6504a59c37d892?s=96&d=mm&r=g","contentUrl":"https:\/\/secure.gravatar.com\/avatar\/1825a523f3047a4b9194721a85cdea28f936ebf51e16a49a9e6504a59c37d892?s=96&d=mm&r=g","caption":"Francesca Gervasoni"},"description":"Laureata in Filosofia presso Universit\u00e0 degli studi di Milano, ha un\u2019esperienza di 15 anni nel mondo delle agenzie di comunicazione per il mondo profit. Nel 2012 cambia vita e approda su Rete del Dono, dove mette in pratica quello che ha imparato nella precedente vita professionale, per aiutare ONP e aziende ad attivare campagne di raccolta fondi non profit. In Rete del Dono, ricopre il ruolo di Head of Charity Program e si occupa dei rapporti con le aziende.","url":"https:\/\/www.retedeldono.it\/magazine\/author\/francesca-gervasoni\/"}]}},"_links":{"self":[{"href":"https:\/\/www.retedeldono.it\/magazine\/wp-json\/wp\/v2\/posts\/3489","targetHints":{"allow":["GET"]}}],"collection":[{"href":"https:\/\/www.retedeldono.it\/magazine\/wp-json\/wp\/v2\/posts"}],"about":[{"href":"https:\/\/www.retedeldono.it\/magazine\/wp-json\/wp\/v2\/types\/post"}],"author":[{"embeddable":true,"href":"https:\/\/www.retedeldono.it\/magazine\/wp-json\/wp\/v2\/users\/12"}],"replies":[{"embeddable":true,"href":"https:\/\/www.retedeldono.it\/magazine\/wp-json\/wp\/v2\/comments?post=3489"}],"version-history":[{"count":4,"href":"https:\/\/www.retedeldono.it\/magazine\/wp-json\/wp\/v2\/posts\/3489\/revisions"}],"predecessor-version":[{"id":4264,"href":"https:\/\/www.retedeldono.it\/magazine\/wp-json\/wp\/v2\/posts\/3489\/revisions\/4264"}],"wp:featuredmedia":[{"embeddable":true,"href":"https:\/\/www.retedeldono.it\/magazine\/wp-json\/wp\/v2\/media\/3491"}],"wp:attachment":[{"href":"https:\/\/www.retedeldono.it\/magazine\/wp-json\/wp\/v2\/media?parent=3489"}],"wp:term":[{"taxonomy":"category","embeddable":true,"href":"https:\/\/www.retedeldono.it\/magazine\/wp-json\/wp\/v2\/categories?post=3489"},{"taxonomy":"post_tag","embeddable":true,"href":"https:\/\/www.retedeldono.it\/magazine\/wp-json\/wp\/v2\/tags?post=3489"}],"curies":[{"name":"wp","href":"https:\/\/api.w.org\/{rel}","templated":true}]}}