{"id":3496,"date":"2024-07-19T15:48:54","date_gmt":"2024-07-19T15:48:54","guid":{"rendered":"https:\/\/www.retedeldono.it\/magazine\/?p=3496"},"modified":"2025-12-01T11:47:57","modified_gmt":"2025-12-01T11:47:57","slug":"staffetta-olimpica","status":"publish","type":"post","link":"https:\/\/www.retedeldono.it\/magazine\/staffetta-olimpica\/","title":{"rendered":"Staffetta olimpica"},"content":{"rendered":"<p><em>La staffetta olimpica \u00e8 il lungo percorso che la torcia olimpica compie ad ogni edizione dei giochi dall\u2019antica Olimpia, in Grecia, alla citt\u00e0 ospitante, come simbolo di pace e di unione tra i popoli<\/em><\/p>\n<p>&nbsp;<\/p>\n<h2>Che cos&#8217;\u00e8 la staffetta della torcia olimpica?<\/h2>\n<p>La <strong>fiamma olimpica<\/strong> compie ad ogni edizione dei giochi \u2013 estivi e invernali \u2013 un <strong>lungo viaggio<\/strong>. Da <strong>Olimpia<\/strong>, in <strong>Grecia<\/strong>, deve raggiungere il luogo in cui si svolgeranno i giochi, passando di mano in mano. A condurla in questo itinerario attraverso diversi Paesi sono i <a href=\"https:\/\/www.retedeldono.it\/magazine\/tedoforo\/\"><strong>tedofori<\/strong> <\/a>\u2013 veri protagonisti della staffetta olimpica &#8211; migliaia di persone nominate per compiere questo importante e simbolico rito che rappresenta l\u2019<strong>unit\u00e0 tra i popoli<\/strong> e ricorda le <strong>lontane origine<\/strong> delle Olimpiadi. I tedofori possono essere atleti, celebrit\u00e0 o persone comuni.<\/p>\n<p>&nbsp;<\/p>\n<p><strong><a class=\"wp-block-button__link has-background wp-element-button\" style=\"border-radius: 15px; background-color: #e96f27;\" href=\"https:\/\/www.retedeldono.it\/landing\/sport?utm_source=blog&amp;utm_medium=direct&amp;utm_campaign=CTA_staffetta_olimpica_top\">Attivati anche tu<\/a><\/strong><\/p>\n<p>&nbsp;<\/p>\n<p>Il primo tedoforo di ogni edizione riceve la fiamma a Olimpia e inizia il viaggio verso la citt\u00e0 ospitante percorrendo il primo tratto. Spesso il percorso \u00e8 progettato per <strong>celebrare la diversit\u00e0<\/strong> <strong>culturale<\/strong> e <strong>paesaggistica<\/strong> delle nazioni attraversate e durante il viaggio vengono <strong>organizzati eventi<\/strong> e <strong>cerimonie<\/strong> per celebrare il passaggio della torcia, coinvolgendo le <strong>comunit\u00e0 locali<\/strong>.<\/p>\n<p>La staffetta olimpica si conclude con l\u2019<strong>arrivo<\/strong> della torcia nella <strong>citt\u00e0 ospitante<\/strong>, dove la fiamma olimpica viene utilizzata per <strong>accendere il braciere olimpico<\/strong> durante la <strong>cerimonia di apertura<\/strong> dei giochi. Questo braciere rimane acceso per tutta la durata delle Olimpiadi, simboleggiando la continuit\u00e0 dello spirito che contraddistingue la manifestazione: pace, rispetto, amicizia. Lo stesso avviene, in un secondo momento, per l\u2019altrettanto importante <strong>torcia paraolimpica<\/strong>.<\/p>\n<p>&nbsp;<\/p>\n<p>&nbsp;<\/p>\n<h2>Chi porter\u00e0 la torcia olimpica 2024?<\/h2>\n<p>Per i giochi di <strong>Parigi 2024<\/strong>, il viaggio della fiamma si \u00e8 svolto nell\u2019arco di <strong>tre mesi<\/strong>. I tedofori coinvolti sono in tutto circa <strong>10.000<\/strong>. Accesa il <strong>16 aprile<\/strong> a <strong>Olimpia<\/strong>, ha attraversato la Grecia per <strong>5mila chilometri<\/strong> per poi imbarcarsi sulla <strong>nave Belem<\/strong>, fino a <strong>Marsiglia<\/strong>. Ad <strong>accoglierla Florent Manaudou<\/strong>, campione olimpico 2012 dei 50 stile libero, primo <a href=\"https:\/\/www.retedeldono.it\/magazine\/tedoforo\/\"><strong>tedoforo<\/strong><\/a> su suolo francese. Attraverso citt\u00e0, paesi e regioni, la torcia \u00e8 arrivata a <strong>Parigi<\/strong> il <strong>14 luglio<\/strong>.<\/p>\n<p>Per le strade della capitale francese si sono alternati nella staffetta olimpica <strong>Thierry Henry<\/strong>, allenatore della nazionale di calcio olimpica ed ex campione del mondo (1998), <strong>Marie-Jos\u00e9 Perec<\/strong>, tre volte primatista olimpica di atletica, <strong>David Douillet<\/strong>, atleta olimpico di judo, <strong>Laura Flessel<\/strong>, cinque volte medaglia olimpica di scherma, ma anche <strong>Nina M\u00e9tayer<\/strong>, pasticcera, e il comico <strong>Jamel Debbouze<\/strong>.<\/p>\n<p>&nbsp;<\/p>\n<p><strong><a class=\"wp-block-button__link has-background wp-element-button\" style=\"border-radius: 15px; background-color: #e96f27;\" href=\"https:\/\/www.retedeldono.it\/landing\/sport?utm_source=blog&amp;utm_medium=direct&amp;utm_campaign=CTA_staffetta_olimpica_down\">Attivati anche tu<\/a><\/strong><\/p>\n<p>&nbsp;<\/p>\n<p>Intanto si avvicina il momento di attivarsi per prendere parte alle Olimpiadi invernali <strong>Milano Cortina 2026<\/strong>. Attraverso la pagina ufficiale dei giochi ci si pu\u00f2 iscrivere al programma <strong>Team26<\/strong> e alla digital community <strong>Fan26<\/strong> per prendere parte ad una grande avventura come volontari e volontarie e candidarsi al ruolo di <a href=\"https:\/\/www.retedeldono.it\/magazine\/tedoforo\/\"><strong>tedoforo<\/strong><\/a>, percorrendo cos\u00ec una parte della <strong>staffetta olimpica<\/strong>.<\/p>\n","protected":false},"excerpt":{"rendered":"<p>La staffetta olimpica \u00e8 il lungo percorso che la torcia olimpica compie ad ogni edizione dei giochi dall\u2019antica Olimpia, in Grecia, alla citt\u00e0 ospitante, come simbolo di pace e di&#8230;<\/p>\n","protected":false},"author":12,"featured_media":3497,"comment_status":"open","ping_status":"open","sticky":false,"template":"","format":"standard","meta":{"_acf_changed":false,"footnotes":""},"categories":[1],"tags":[],"class_list":{"0":"post-3496","1":"post","2":"type-post","3":"status-publish","4":"format-standard","5":"has-post-thumbnail","7":"category-community"},"acf":{"homepage_rdd":false},"yoast_head":"<!-- This site is optimized with the Yoast SEO plugin v27.5 - https:\/\/yoast.com\/product\/yoast-seo-wordpress\/ -->\n<title>Staffetta olimpica - Rete del Dono Magazine<\/title>\n<meta name=\"description\" content=\"La staffetta olimpica \u00e8 il lungo percorso che la torcia olimpica compie ad ogni edizione dei giochi dalla Grecia alla citt\u00e0 ospitante\" \/>\n<meta name=\"robots\" content=\"index, follow, max-snippet:-1, max-image-preview:large, max-video-preview:-1\" \/>\n<link rel=\"canonical\" href=\"https:\/\/www.retedeldono.it\/magazine\/staffetta-olimpica\/\" \/>\n<meta property=\"og:locale\" content=\"it_IT\" \/>\n<meta property=\"og:type\" content=\"article\" \/>\n<meta property=\"og:title\" content=\"Staffetta olimpica\" \/>\n<meta property=\"og:description\" content=\"La staffetta olimpica \u00e8 il lungo percorso che la torcia olimpica compie ad ogni edizione dei giochi dall\u2019antica Olimpia, in Grecia, alla citt\u00e0 ospitante, come simbolo di pace e di unione tra i popoli\" \/>\n<meta property=\"og:url\" content=\"https:\/\/www.retedeldono.it\/magazine\/staffetta-olimpica\/\" \/>\n<meta property=\"og:site_name\" content=\"Rete del Dono Magazine\" \/>\n<meta property=\"article:publisher\" content=\"https:\/\/www.facebook.com\/retedeldono\/\" \/>\n<meta property=\"article:published_time\" content=\"2024-07-19T15:48:54+00:00\" \/>\n<meta property=\"article:modified_time\" content=\"2025-12-01T11:47:57+00:00\" \/>\n<meta property=\"og:image\" content=\"https:\/\/magazine.retedeldono.it\/wp-content\/uploads\/2024\/07\/staffetta-olimpica-3.jpg\" \/>\n\t<meta property=\"og:image:width\" content=\"1000\" \/>\n\t<meta property=\"og:image:height\" content=\"665\" \/>\n\t<meta property=\"og:image:type\" content=\"image\/jpeg\" \/>\n<meta name=\"author\" content=\"Francesca Gervasoni\" \/>\n<meta name=\"twitter:card\" content=\"summary_large_image\" \/>\n<meta name=\"twitter:title\" content=\"Staffetta olimpica\" \/>\n<meta name=\"twitter:description\" content=\"La staffetta olimpica \u00e8 il lungo percorso che la torcia olimpica compie ad ogni edizione dei giochi dall\u2019antica Olimpia, in Grecia, alla citt\u00e0 ospitante, come simbolo di pace e di unione tra i popoli\" \/>\n<meta name=\"twitter:image\" content=\"https:\/\/magazine.retedeldono.it\/wp-content\/uploads\/2024\/07\/staffetta-olimpica-3.jpg\" \/>\n<meta name=\"twitter:label1\" content=\"Scritto da\" \/>\n\t<meta name=\"twitter:data1\" content=\"Francesca Gervasoni\" \/>\n\t<meta name=\"twitter:label2\" content=\"Tempo di lettura stimato\" \/>\n\t<meta name=\"twitter:data2\" content=\"3 minuti\" \/>\n<script type=\"application\/ld+json\" class=\"yoast-schema-graph\">{\"@context\":\"https:\\\/\\\/schema.org\",\"@graph\":[{\"@type\":\"Article\",\"@id\":\"https:\\\/\\\/www.retedeldono.it\\\/magazine\\\/staffetta-olimpica\\\/#article\",\"isPartOf\":{\"@id\":\"https:\\\/\\\/www.retedeldono.it\\\/magazine\\\/staffetta-olimpica\\\/\"},\"author\":{\"name\":\"Francesca Gervasoni\",\"@id\":\"https:\\\/\\\/www.retedeldono.it\\\/magazine\\\/#\\\/schema\\\/person\\\/a35c81474fbabc7c769d83f87073545f\"},\"headline\":\"Staffetta olimpica\",\"datePublished\":\"2024-07-19T15:48:54+00:00\",\"dateModified\":\"2025-12-01T11:47:57+00:00\",\"mainEntityOfPage\":{\"@id\":\"https:\\\/\\\/www.retedeldono.it\\\/magazine\\\/staffetta-olimpica\\\/\"},\"wordCount\":453,\"commentCount\":0,\"image\":{\"@id\":\"https:\\\/\\\/www.retedeldono.it\\\/magazine\\\/staffetta-olimpica\\\/#primaryimage\"},\"thumbnailUrl\":\"https:\\\/\\\/magazine.retedeldono.it\\\/wp-content\\\/uploads\\\/2024\\\/07\\\/staffetta-olimpica-2.jpg\",\"articleSection\":[\"Community\"],\"inLanguage\":\"it-IT\",\"potentialAction\":[{\"@type\":\"CommentAction\",\"name\":\"Comment\",\"target\":[\"https:\\\/\\\/www.retedeldono.it\\\/magazine\\\/staffetta-olimpica\\\/#respond\"]}]},{\"@type\":\"WebPage\",\"@id\":\"https:\\\/\\\/www.retedeldono.it\\\/magazine\\\/staffetta-olimpica\\\/\",\"url\":\"https:\\\/\\\/www.retedeldono.it\\\/magazine\\\/staffetta-olimpica\\\/\",\"name\":\"Staffetta olimpica - Rete del Dono Magazine\",\"isPartOf\":{\"@id\":\"https:\\\/\\\/www.retedeldono.it\\\/magazine\\\/#website\"},\"primaryImageOfPage\":{\"@id\":\"https:\\\/\\\/www.retedeldono.it\\\/magazine\\\/staffetta-olimpica\\\/#primaryimage\"},\"image\":{\"@id\":\"https:\\\/\\\/www.retedeldono.it\\\/magazine\\\/staffetta-olimpica\\\/#primaryimage\"},\"thumbnailUrl\":\"https:\\\/\\\/magazine.retedeldono.it\\\/wp-content\\\/uploads\\\/2024\\\/07\\\/staffetta-olimpica-2.jpg\",\"datePublished\":\"2024-07-19T15:48:54+00:00\",\"dateModified\":\"2025-12-01T11:47:57+00:00\",\"author\":{\"@id\":\"https:\\\/\\\/www.retedeldono.it\\\/magazine\\\/#\\\/schema\\\/person\\\/a35c81474fbabc7c769d83f87073545f\"},\"description\":\"La staffetta olimpica \u00e8 il lungo percorso che la torcia olimpica compie ad ogni edizione dei giochi dalla Grecia alla citt\u00e0 ospitante\",\"breadcrumb\":{\"@id\":\"https:\\\/\\\/www.retedeldono.it\\\/magazine\\\/staffetta-olimpica\\\/#breadcrumb\"},\"inLanguage\":\"it-IT\",\"potentialAction\":[{\"@type\":\"ReadAction\",\"target\":[\"https:\\\/\\\/www.retedeldono.it\\\/magazine\\\/staffetta-olimpica\\\/\"]}]},{\"@type\":\"ImageObject\",\"inLanguage\":\"it-IT\",\"@id\":\"https:\\\/\\\/www.retedeldono.it\\\/magazine\\\/staffetta-olimpica\\\/#primaryimage\",\"url\":\"https:\\\/\\\/magazine.retedeldono.it\\\/wp-content\\\/uploads\\\/2024\\\/07\\\/staffetta-olimpica-2.jpg\",\"contentUrl\":\"https:\\\/\\\/magazine.retedeldono.it\\\/wp-content\\\/uploads\\\/2024\\\/07\\\/staffetta-olimpica-2.jpg\",\"width\":666,\"height\":665,\"caption\":\"staffetta olimpica\"},{\"@type\":\"BreadcrumbList\",\"@id\":\"https:\\\/\\\/www.retedeldono.it\\\/magazine\\\/staffetta-olimpica\\\/#breadcrumb\",\"itemListElement\":[{\"@type\":\"ListItem\",\"position\":1,\"name\":\"Home\",\"item\":\"https:\\\/\\\/www.retedeldono.it\\\/magazine\\\/\"},{\"@type\":\"ListItem\",\"position\":2,\"name\":\"Staffetta olimpica\"}]},{\"@type\":\"WebSite\",\"@id\":\"https:\\\/\\\/www.retedeldono.it\\\/magazine\\\/#website\",\"url\":\"https:\\\/\\\/www.retedeldono.it\\\/magazine\\\/\",\"name\":\"Rete del Dono Magazine\",\"description\":\"Rete del Dono Magazine\",\"potentialAction\":[{\"@type\":\"SearchAction\",\"target\":{\"@type\":\"EntryPoint\",\"urlTemplate\":\"https:\\\/\\\/www.retedeldono.it\\\/magazine\\\/?s={search_term_string}\"},\"query-input\":{\"@type\":\"PropertyValueSpecification\",\"valueRequired\":true,\"valueName\":\"search_term_string\"}}],\"inLanguage\":\"it-IT\"},{\"@type\":\"Person\",\"@id\":\"https:\\\/\\\/www.retedeldono.it\\\/magazine\\\/#\\\/schema\\\/person\\\/a35c81474fbabc7c769d83f87073545f\",\"name\":\"Francesca Gervasoni\",\"image\":{\"@type\":\"ImageObject\",\"inLanguage\":\"it-IT\",\"@id\":\"https:\\\/\\\/secure.gravatar.com\\\/avatar\\\/1825a523f3047a4b9194721a85cdea28f936ebf51e16a49a9e6504a59c37d892?s=96&d=mm&r=g\",\"url\":\"https:\\\/\\\/secure.gravatar.com\\\/avatar\\\/1825a523f3047a4b9194721a85cdea28f936ebf51e16a49a9e6504a59c37d892?s=96&d=mm&r=g\",\"contentUrl\":\"https:\\\/\\\/secure.gravatar.com\\\/avatar\\\/1825a523f3047a4b9194721a85cdea28f936ebf51e16a49a9e6504a59c37d892?s=96&d=mm&r=g\",\"caption\":\"Francesca Gervasoni\"},\"description\":\"Laureata in Filosofia presso Universit\u00e0 degli studi di Milano, ha un\u2019esperienza di 15 anni nel mondo delle agenzie di comunicazione per il mondo profit. Nel 2012 cambia vita e approda su Rete del Dono, dove mette in pratica quello che ha imparato nella precedente vita professionale, per aiutare ONP e aziende ad attivare campagne di raccolta fondi non profit. In Rete del Dono, ricopre il ruolo di Head of Charity Program e si occupa dei rapporti con le aziende.\",\"url\":\"https:\\\/\\\/www.retedeldono.it\\\/magazine\\\/author\\\/francesca-gervasoni\\\/\"}]}<\/script>\n<!-- \/ Yoast SEO plugin. -->","yoast_head_json":{"title":"Staffetta olimpica - Rete del Dono Magazine","description":"La staffetta olimpica \u00e8 il lungo percorso che la torcia olimpica compie ad ogni edizione dei giochi dalla Grecia alla citt\u00e0 ospitante","robots":{"index":"index","follow":"follow","max-snippet":"max-snippet:-1","max-image-preview":"max-image-preview:large","max-video-preview":"max-video-preview:-1"},"canonical":"https:\/\/www.retedeldono.it\/magazine\/staffetta-olimpica\/","og_locale":"it_IT","og_type":"article","og_title":"Staffetta olimpica","og_description":"La staffetta olimpica \u00e8 il lungo percorso che la torcia olimpica compie ad ogni edizione dei giochi dall\u2019antica Olimpia, in Grecia, alla citt\u00e0 ospitante, come simbolo di pace e di unione tra i popoli","og_url":"https:\/\/www.retedeldono.it\/magazine\/staffetta-olimpica\/","og_site_name":"Rete del Dono Magazine","article_publisher":"https:\/\/www.facebook.com\/retedeldono\/","article_published_time":"2024-07-19T15:48:54+00:00","article_modified_time":"2025-12-01T11:47:57+00:00","og_image":[{"width":1000,"height":665,"url":"https:\/\/magazine.retedeldono.it\/wp-content\/uploads\/2024\/07\/staffetta-olimpica-3.jpg","type":"image\/jpeg"}],"author":"Francesca Gervasoni","twitter_card":"summary_large_image","twitter_title":"Staffetta olimpica","twitter_description":"La staffetta olimpica \u00e8 il lungo percorso che la torcia olimpica compie ad ogni edizione dei giochi dall\u2019antica Olimpia, in Grecia, alla citt\u00e0 ospitante, come simbolo di pace e di unione tra i popoli","twitter_image":"https:\/\/magazine.retedeldono.it\/wp-content\/uploads\/2024\/07\/staffetta-olimpica-3.jpg","twitter_misc":{"Scritto da":"Francesca Gervasoni","Tempo di lettura stimato":"3 minuti"},"schema":{"@context":"https:\/\/schema.org","@graph":[{"@type":"Article","@id":"https:\/\/www.retedeldono.it\/magazine\/staffetta-olimpica\/#article","isPartOf":{"@id":"https:\/\/www.retedeldono.it\/magazine\/staffetta-olimpica\/"},"author":{"name":"Francesca Gervasoni","@id":"https:\/\/www.retedeldono.it\/magazine\/#\/schema\/person\/a35c81474fbabc7c769d83f87073545f"},"headline":"Staffetta olimpica","datePublished":"2024-07-19T15:48:54+00:00","dateModified":"2025-12-01T11:47:57+00:00","mainEntityOfPage":{"@id":"https:\/\/www.retedeldono.it\/magazine\/staffetta-olimpica\/"},"wordCount":453,"commentCount":0,"image":{"@id":"https:\/\/www.retedeldono.it\/magazine\/staffetta-olimpica\/#primaryimage"},"thumbnailUrl":"https:\/\/magazine.retedeldono.it\/wp-content\/uploads\/2024\/07\/staffetta-olimpica-2.jpg","articleSection":["Community"],"inLanguage":"it-IT","potentialAction":[{"@type":"CommentAction","name":"Comment","target":["https:\/\/www.retedeldono.it\/magazine\/staffetta-olimpica\/#respond"]}]},{"@type":"WebPage","@id":"https:\/\/www.retedeldono.it\/magazine\/staffetta-olimpica\/","url":"https:\/\/www.retedeldono.it\/magazine\/staffetta-olimpica\/","name":"Staffetta olimpica - Rete del Dono Magazine","isPartOf":{"@id":"https:\/\/www.retedeldono.it\/magazine\/#website"},"primaryImageOfPage":{"@id":"https:\/\/www.retedeldono.it\/magazine\/staffetta-olimpica\/#primaryimage"},"image":{"@id":"https:\/\/www.retedeldono.it\/magazine\/staffetta-olimpica\/#primaryimage"},"thumbnailUrl":"https:\/\/magazine.retedeldono.it\/wp-content\/uploads\/2024\/07\/staffetta-olimpica-2.jpg","datePublished":"2024-07-19T15:48:54+00:00","dateModified":"2025-12-01T11:47:57+00:00","author":{"@id":"https:\/\/www.retedeldono.it\/magazine\/#\/schema\/person\/a35c81474fbabc7c769d83f87073545f"},"description":"La staffetta olimpica \u00e8 il lungo percorso che la torcia olimpica compie ad ogni edizione dei giochi dalla Grecia alla citt\u00e0 ospitante","breadcrumb":{"@id":"https:\/\/www.retedeldono.it\/magazine\/staffetta-olimpica\/#breadcrumb"},"inLanguage":"it-IT","potentialAction":[{"@type":"ReadAction","target":["https:\/\/www.retedeldono.it\/magazine\/staffetta-olimpica\/"]}]},{"@type":"ImageObject","inLanguage":"it-IT","@id":"https:\/\/www.retedeldono.it\/magazine\/staffetta-olimpica\/#primaryimage","url":"https:\/\/magazine.retedeldono.it\/wp-content\/uploads\/2024\/07\/staffetta-olimpica-2.jpg","contentUrl":"https:\/\/magazine.retedeldono.it\/wp-content\/uploads\/2024\/07\/staffetta-olimpica-2.jpg","width":666,"height":665,"caption":"staffetta olimpica"},{"@type":"BreadcrumbList","@id":"https:\/\/www.retedeldono.it\/magazine\/staffetta-olimpica\/#breadcrumb","itemListElement":[{"@type":"ListItem","position":1,"name":"Home","item":"https:\/\/www.retedeldono.it\/magazine\/"},{"@type":"ListItem","position":2,"name":"Staffetta olimpica"}]},{"@type":"WebSite","@id":"https:\/\/www.retedeldono.it\/magazine\/#website","url":"https:\/\/www.retedeldono.it\/magazine\/","name":"Rete del Dono Magazine","description":"Rete del Dono Magazine","potentialAction":[{"@type":"SearchAction","target":{"@type":"EntryPoint","urlTemplate":"https:\/\/www.retedeldono.it\/magazine\/?s={search_term_string}"},"query-input":{"@type":"PropertyValueSpecification","valueRequired":true,"valueName":"search_term_string"}}],"inLanguage":"it-IT"},{"@type":"Person","@id":"https:\/\/www.retedeldono.it\/magazine\/#\/schema\/person\/a35c81474fbabc7c769d83f87073545f","name":"Francesca Gervasoni","image":{"@type":"ImageObject","inLanguage":"it-IT","@id":"https:\/\/secure.gravatar.com\/avatar\/1825a523f3047a4b9194721a85cdea28f936ebf51e16a49a9e6504a59c37d892?s=96&d=mm&r=g","url":"https:\/\/secure.gravatar.com\/avatar\/1825a523f3047a4b9194721a85cdea28f936ebf51e16a49a9e6504a59c37d892?s=96&d=mm&r=g","contentUrl":"https:\/\/secure.gravatar.com\/avatar\/1825a523f3047a4b9194721a85cdea28f936ebf51e16a49a9e6504a59c37d892?s=96&d=mm&r=g","caption":"Francesca Gervasoni"},"description":"Laureata in Filosofia presso Universit\u00e0 degli studi di Milano, ha un\u2019esperienza di 15 anni nel mondo delle agenzie di comunicazione per il mondo profit. Nel 2012 cambia vita e approda su Rete del Dono, dove mette in pratica quello che ha imparato nella precedente vita professionale, per aiutare ONP e aziende ad attivare campagne di raccolta fondi non profit. In Rete del Dono, ricopre il ruolo di Head of Charity Program e si occupa dei rapporti con le aziende.","url":"https:\/\/www.retedeldono.it\/magazine\/author\/francesca-gervasoni\/"}]}},"_links":{"self":[{"href":"https:\/\/www.retedeldono.it\/magazine\/wp-json\/wp\/v2\/posts\/3496","targetHints":{"allow":["GET"]}}],"collection":[{"href":"https:\/\/www.retedeldono.it\/magazine\/wp-json\/wp\/v2\/posts"}],"about":[{"href":"https:\/\/www.retedeldono.it\/magazine\/wp-json\/wp\/v2\/types\/post"}],"author":[{"embeddable":true,"href":"https:\/\/www.retedeldono.it\/magazine\/wp-json\/wp\/v2\/users\/12"}],"replies":[{"embeddable":true,"href":"https:\/\/www.retedeldono.it\/magazine\/wp-json\/wp\/v2\/comments?post=3496"}],"version-history":[{"count":3,"href":"https:\/\/www.retedeldono.it\/magazine\/wp-json\/wp\/v2\/posts\/3496\/revisions"}],"predecessor-version":[{"id":4262,"href":"https:\/\/www.retedeldono.it\/magazine\/wp-json\/wp\/v2\/posts\/3496\/revisions\/4262"}],"wp:featuredmedia":[{"embeddable":true,"href":"https:\/\/www.retedeldono.it\/magazine\/wp-json\/wp\/v2\/media\/3497"}],"wp:attachment":[{"href":"https:\/\/www.retedeldono.it\/magazine\/wp-json\/wp\/v2\/media?parent=3496"}],"wp:term":[{"taxonomy":"category","embeddable":true,"href":"https:\/\/www.retedeldono.it\/magazine\/wp-json\/wp\/v2\/categories?post=3496"},{"taxonomy":"post_tag","embeddable":true,"href":"https:\/\/www.retedeldono.it\/magazine\/wp-json\/wp\/v2\/tags?post=3496"}],"curies":[{"name":"wp","href":"https:\/\/api.w.org\/{rel}","templated":true}]}}