{"id":3910,"date":"2025-12-18T10:10:49","date_gmt":"2025-12-18T10:10:49","guid":{"rendered":"https:\/\/www.retedeldono.it\/magazine\/?p=3910"},"modified":"2025-12-18T11:09:20","modified_gmt":"2025-12-18T11:09:20","slug":"calendario-del-podismo","status":"publish","type":"post","link":"https:\/\/www.retedeldono.it\/magazine\/calendario-del-podismo\/","title":{"rendered":"Calendario del podismo 2026: scopri tutte le gare"},"content":{"rendered":"<p>Il <strong>calendario del podismo 2026<\/strong> per tutti gli appassionati di corsa e sfide sportive, con le gare pi\u00f9 attese dell\u2019anno. Dalle mezze <a href=\"https:\/\/www.retedeldono.it\/magazine\/maratone-2025\/\">maratone <\/a>cittadine alle corse immerse nella natura, il nuovo anno si preannuncia ricco di appuntamenti <strong>runner<\/strong> di ogni livello. Ecco quindi una panoramica delle principali competizioni in programma. \u00a0<\/p>\r\n<p>&nbsp;<\/p>\r\n<!-- \/wp:post-content -->\r\n\r\n<!-- wp:buttons -->\r\n<div class=\"wp-block-buttons\"><!-- wp:button {\"style\":{\"border\":{\"radius\":\"15px\"},\"color\":{\"background\":\"#00a8c4\"}}} -->\r\n<div class=\"wp-block-button\"><strong><a class=\"wp-block-button__link has-background wp-element-button\" style=\"border-radius: 15px; background-color: #e96f27;\" href=\"https:\/\/www.retedeldono.it\/landing\/sport?utm_source=blog&amp;utm_medium=direct&amp;utm_campaign=CTA_calendario_del_podismo_top\">Corri per una buona causa: scopri come!<\/a><\/strong><\/div>\r\n<\/div>\r\n<p>&nbsp;<\/p>\r\n<h2>Gare podismo gennaio 2026<\/h2>\r\n<p><span style=\"font-weight: 400;\">La stagione podistica inizia a gennaio con alcuni trail classici.<\/span><\/p>\r\n<ul>\r\n<li style=\"font-weight: 400;\" aria-level=\"1\"><span style=\"font-weight: 400;\">Il <\/span><b>4 gennaio <\/b>a Trieste<span style=\"font-weight: 400;\"> si corre la <\/span><i><span style=\"font-weight: 400;\">Corsa della Bora<\/span><\/i><span style=\"font-weight: 400;\">, un evento su due giorni con percorsi sulla Carso triestino da 4 fino a 105 km.<\/span><\/li>\r\n<li style=\"font-weight: 400;\" aria-level=\"1\"><span style=\"font-weight: 400;\">Nello stesso weekend, <\/span><b>11 gennaio<\/b><span style=\"font-weight: 400;\"> a Traversara di Bagnacavallo (RA) si tiene l\u2019<\/span><i><span style=\"font-weight: 400;\">Ultramaratona della Pace sul Lamone<\/span><\/i><span style=\"font-weight: 400;\">, gara di 45 km a circuito.<\/span><\/li>\r\n<li style=\"font-weight: 400;\" aria-level=\"1\"><span style=\"font-weight: 400;\">L\u2019<strong>11 gennaio<\/strong> aprono anche due trail: il <\/span><i><span style=\"font-weight: 400;\">Trail del Poggiolo<\/span><\/i><span style=\"font-weight: 400;\"> (20 km, a Palazzuolo sul Senio, FI) e altre corse autogestite non competitive.<\/span><\/li>\r\n<li style=\"font-weight: 400;\" aria-level=\"1\"><span style=\"font-weight: 400;\">Il <strong>18 gennaio<\/strong> Grosseto ospita la <\/span><em>6 Ore della Maremma<\/em><span style=\"font-weight: 400;\"> su strada, una gara di durata competitiva su circuito.<\/span><\/li>\r\n<li style=\"font-weight: 400;\" aria-level=\"1\"><span style=\"font-weight: 400;\">Infine, il <\/span><b>25 gennaio<\/b><span style=\"font-weight: 400;\"> a Volpago del Montello (TV) il <\/span><i><span style=\"font-weight: 400;\">Trail delle Terre Rosse<\/span><\/i><span style=\"font-weight: 400;\"> offre percorsi di 15 e 27 km immersi nei boschi.<\/span><\/li>\r\n<\/ul>\r\n<h2>Calendario del podismo febbraio 2026<\/h2>\r\n<p><span style=\"font-weight: 400;\">Anche febbraio propone gare tecniche e di endurance.<\/span><\/p>\r\n<ul>\r\n<li style=\"font-weight: 400;\" aria-level=\"1\"><span style=\"font-weight: 400;\">L\u2019<\/span><b>8 febbraio<\/b><span style=\"font-weight: 400;\"> si corre il <\/span><i><span style=\"font-weight: 400;\">Winter Brich Trail<\/span><\/i><span style=\"font-weight: 400;\"> a Valdengo (BI), con quattro percorsi in collina (42 km, 23 km, 13 km e 9 km).<\/span><\/li>\r\n<li style=\"font-weight: 400;\" aria-level=\"1\"><span style=\"font-weight: 400;\">La <\/span><i><span style=\"font-weight: 400;\">Brunello Crossing<\/span><\/i><span style=\"font-weight: 400;\"> a Montalcino, gara trail su varie distanze il\u00a0 <\/span><b>7 e 8 febbraio<\/b><span style=\"font-weight: 400;\">.<\/span><\/li>\r\n<li style=\"font-weight: 400;\" aria-level=\"1\">Il <b>22 febbraio<\/b> a Malo (VI) torna l\u2019<i>AIM Marathon Trail<\/i> di 43 km (1850 m D+)<\/li>\r\n<\/ul>\r\n<h2>Gare podismo marzo 2026<\/h2>\r\n<p><span style=\"font-weight: 400;\">Marzo vede l\u2019avvio delle gare primaverili.<\/span><\/p>\r\n<ul>\r\n<li style=\"font-weight: 400;\" aria-level=\"1\"><span style=\"font-weight: 400;\">Il <\/span><b>1 marzo<\/b><span style=\"font-weight: 400;\"> si corre la <\/span><i><span style=\"font-weight: 400;\">Terre di Siena Ultramarathon<\/span><\/i><span style=\"font-weight: 400;\"> (50 km da San Gimignano a Siena, percorso restaurato alle origini).<\/span><\/li>\r\n<li style=\"font-weight: 400;\" aria-level=\"1\"><span style=\"font-weight: 400;\">L\u2019<\/span><b>8 marzo<\/b><span style=\"font-weight: 400;\"> va in scena la <\/span><i><span style=\"font-weight: 400;\">24 Ore di Torino<\/span><\/i><span style=\"font-weight: 400;\">, ultramaratona su pista in notturna a Torino.<\/span><\/li>\r\n<li style=\"font-weight: 400;\" aria-level=\"1\"><span style=\"font-weight: 400;\">Il weekend del <\/span><b>7-8 marzo<\/b><span style=\"font-weight: 400;\"> a Gavirate (VA) si terr\u00e0 il <\/span><i><span style=\"font-weight: 400;\">Campo dei Fiori Trail<\/span><\/i><span style=\"font-weight: 400;\">, con percorsi da 12 a 75 km.<\/span><\/li>\r\n<li style=\"font-weight: 400;\" aria-level=\"1\"><span style=\"font-weight: 400;\">Domenica <\/span><b>15 marzo<\/b><span style=\"font-weight: 400;\"> Sanremo ospita l\u2019<\/span><i><span style=\"font-weight: 400;\">Urban &amp; Trail<\/span><\/i><span style=\"font-weight: 400;\"> (SUT), gara urbana e trail con distanze da 5 a 32 km.<\/span><\/li>\r\n<\/ul>\r\n<p><span style=\"font-weight: 400;\">Sabato <\/span><b>21 marzo<\/b><span style=\"font-weight: 400;\"> si corre a Monterosso al Mare (SP) lo <\/span><i><span style=\"font-weight: 400;\">SciaccheTrail<\/span><\/i><span style=\"font-weight: 400;\">, trail di montagna di 47 km tra le Cinque Terre.<\/span><\/p>\r\n<h2>Aprile 2026<\/h2>\r\n<p><span style=\"font-weight: 400;\">Aprile \u00e8 uno dei mesi pi\u00f9 attivi per il podismo in Italia. Le temperature miti e i calendari ormai consolidati favoriscono gare su strada, trail collinari e ultradistanze, spesso inserite in contesti naturalistici o storici di grande richiamo.<\/span><\/p>\r\n<ul>\r\n<li style=\"font-weight: 400;\" aria-level=\"1\"><b>Domenica 5 aprile <\/b>2026<span style=\"font-weight: 400;\"> si apre il mese con diversi appuntamenti tradizionali. Sul Lago di Garda \u00e8 in programma la <\/span><i><span style=\"font-weight: 400;\">Lake Garda 42 \u2013 versione podistica,<\/span><\/i><span style=\"font-weight: 400;\"> con distanze alternative su tracciato panoramico tra Limone e Arco, molto partecipata anche da runner non competitivi. Nella stessa giornata si corre anche il <\/span><i><span style=\"font-weight: 400;\">Trail del Patriarca <\/span><\/i><span style=\"font-weight: 400;\">a Villa di Villa (Treviso), evento trail di inizio stagione con percorsi tecnici e ben organizzati.<\/span><\/li>\r\n<li style=\"font-weight: 400;\" aria-level=\"1\"><b>Nel secondo weekend di aprile<\/b><span style=\"font-weight: 400;\"> tornano gare urbane e su strada molto radicate. A Firenze \u00e8 attesa la<\/span><i><span style=\"font-weight: 400;\"> Half Marathon Firenze \u2013 edizioni podistiche collaterali <\/span><\/i><span style=\"font-weight: 400;\">(10 km e non competitiva), mentre in Emilia-Romagna si svolge la <\/span><i><span style=\"font-weight: 400;\">Maratonina dei Colli Bolognesi,<\/span><\/i><span style=\"font-weight: 400;\"> evento storico che alterna asfalto e saliscendi collinari. In Sardegna, nello stesso periodo, \u00e8 tradizionalmente in calendario la <\/span><i><span style=\"font-weight: 400;\">Mezza del Sulcis<\/span><\/i><span style=\"font-weight: 400;\">, affiancata da prove podistiche pi\u00f9 brevi.<\/span><\/li>\r\n<li style=\"font-weight: 400;\" aria-level=\"1\"><b>Tra venerd\u00ec 10 e sabato 11 aprile 2026<\/b><span style=\"font-weight: 400;\"> \u00e8 prevista la <\/span><i><span style=\"font-weight: 400;\">Tuscany Crossing <\/span><\/i><span style=\"font-weight: 400;\">a Castiglione d\u2019Orcia (SI), ultramaratona a tappe e camminate podistiche che attraversano la Val d\u2019Orcia. L\u2019evento \u00e8 confermato come format anche per il 2026, con date ufficiali attese nei primi mesi dell\u2019anno.<\/span><\/li>\r\n<li style=\"font-weight: 400;\" aria-level=\"1\"><b>Domenica 12 aprile 2026<\/b><span style=\"font-weight: 400;\"> \u00e8 uno dei giorni pi\u00f9 densi del mese. In Toscana si corre la <\/span><i><span style=\"font-weight: 400;\">Prato Half Marathon \u2013 eventi collaterali<\/span><\/i><span style=\"font-weight: 400;\">, mentre in Liguria \u00e8 attesa la <\/span><i><span style=\"font-weight: 400;\">Mezza di Genova \u2013 versioni podistiche brevi<\/span><\/i><span style=\"font-weight: 400;\">, molto partecipata anche da runner amatoriali. In Piemonte si svolge la <\/span><i><span style=\"font-weight: 400;\">Mezza di Torino \u2013 10 km cittadina<\/span><\/i><span style=\"font-weight: 400;\">, gara veloce e centrale nel calendario primaverile.<\/span><\/li>\r\n<li style=\"font-weight: 400;\" aria-level=\"1\"><b>Dopo la pausa pasquale<\/b><span style=\"font-weight: 400;\">, il calendario riprende con eventi misti strada\u2013natura. <\/span><b>Domenica 26 aprile 2026<\/b><span style=\"font-weight: 400;\"> \u00e8 in programma la <\/span><i><span style=\"font-weight: 400;\">Pedagnalonga <\/span><\/i><span style=\"font-weight: 400;\">in provincia di Latina, manifestazione storica non competitiva su pi\u00f9 distanze, molto amata per l\u2019atmosfera rurale e inclusiva. Nello stesso weekend si svolge anche l\u2019<\/span><i><span style=\"font-weight: 400;\">Ultra Trail del Mugello<\/span><\/i><span style=\"font-weight: 400;\">, che propone distanze trail accessibili anche ai podisti esperti ma non ultrarunner.<\/span><\/li>\r\n<\/ul>\r\n<h2>Gare podismo maggio 2026<\/h2>\r\n<p><span style=\"font-weight: 400;\">Il mese di maggio \u00e8 tradizionalmente uno dei pi\u00f9 ricchi per il podismo italiano, grazie al clima favorevole e alla variet\u00e0 di format proposti, soprattutto su strada e trail medio-lunghi.<\/span><\/p>\r\n<ul>\r\n<li style=\"font-weight: 400;\" aria-level=\"1\"><span style=\"font-weight: 400;\">Il <\/span><b>1\u00b0 maggio<\/b><span style=\"font-weight: 400;\"> a Benevento si corre la <\/span><i><span style=\"font-weight: 400;\">Strabenevento<\/span><\/i><span style=\"font-weight: 400;\">, storica gara su strada di 10 km che apre simbolicamente la stagione primaverile nel Sud Italia.<\/span><\/li>\r\n<li style=\"font-weight: 400;\" aria-level=\"1\"><span style=\"font-weight: 400;\">Domenica <\/span><b>10 maggio<\/b><span style=\"font-weight: 400;\"> \u00e8 in programma la <\/span><i><span style=\"font-weight: 400;\">Treviso Run for the Cure<\/span><\/i><span style=\"font-weight: 400;\">, evento non competitivo e competitivo su distanze brevi, con forte valenza solidale.<\/span><\/li>\r\n<li style=\"font-weight: 400;\" aria-level=\"1\"><span style=\"font-weight: 400;\">Il <\/span><b>17 maggio<\/b><span style=\"font-weight: 400;\"> a Pescara si svolge la <\/span><i><span style=\"font-weight: 400;\">Pescara City Run<\/span><\/i><span style=\"font-weight: 400;\">, gara su strada con percorsi da 5 e 10 km lungo il lungomare.<\/span><\/li>\r\n<li style=\"font-weight: 400;\" aria-level=\"1\"><span style=\"font-weight: 400;\">Nel weekend del <\/span><b>23 &#8211; 24 maggio<\/b><span style=\"font-weight: 400;\"> a Castel del Rio (BO) si corre la <\/span><i><span style=\"font-weight: 400;\">50 Miglia dei Castelli<\/span><\/i><span style=\"font-weight: 400;\">, ultratrail appenninico con distanze da 25, 50 e 80 km.<\/span><\/li>\r\n<li style=\"font-weight: 400;\" aria-level=\"1\"><span style=\"font-weight: 400;\">Sempre il <\/span><b>24 maggio<\/b><span style=\"font-weight: 400;\"> si tiene la <\/span><i><span style=\"font-weight: 400;\">StraLugano<\/span><\/i><span style=\"font-weight: 400;\"> (Svizzera), gara internazionale su strada di 10 km e corsa popolare.<\/span><\/li>\r\n<li style=\"font-weight: 400;\" aria-level=\"1\">Il mese si chiude il <b>31 maggio<\/b> con la <i>Corsa dei Tre Rifugi<\/i> in Valle d\u2019Aosta, competizione di corsa in montagna su percorso tecnico e panoramico.<\/li>\r\n<\/ul>\r\n<p>&nbsp;<\/p>\r\n<p><strong><a class=\"wp-block-button__link has-background wp-element-button\" style=\"border-radius: 15px; background-color: #e96f27;\" href=\"https:\/\/www.retedeldono.it\/landing\/sport?utm_source=blog&amp;utm_medium=direct&amp;utm_campaign=CTA_calendario_del_podismo_top\">Corri per una buona causa: scopri come!<\/a><\/strong><\/p>\r\n<h2>\u00a0<\/h2>\r\n<h2>Calendario del podismo giugno &#8211; agosto 2026<\/h2>\r\n<p><span style=\"font-weight: 400;\">Con l\u2019estate si concentrano le competizioni pi\u00f9 estreme.<\/span><\/p>\r\n<ul>\r\n<li style=\"font-weight: 400;\" aria-level=\"1\"><span style=\"font-weight: 400;\">A met\u00e0 <\/span><b>giugno<\/b><span style=\"font-weight: 400;\"> (12-14) in Veneto si svolge il <\/span><i><span style=\"font-weight: 400;\">Dolomiti Extreme Trail<\/span><\/i><span style=\"font-weight: 400;\"> (Val di Zoldo, BL): ben 7 percorsi da 11 a 103 km in ambiente dolomitico.<\/span><\/li>\r\n<li style=\"font-weight: 400;\" aria-level=\"1\"><span style=\"font-weight: 400;\">A fine <\/span><b>agosto<\/b><span style=\"font-weight: 400;\"> \u00e8 invece il turno del re degli ultra in Europa: il <\/span><i><span style=\"font-weight: 400;\">UTMB\u00ae Mont-Blanc<\/span><\/i><span style=\"font-weight: 400;\"> (Chamonix, FRA) dal 24 al 30 agosto 2026, con gara regina di 171 km.<\/span><\/li>\r\n<\/ul>\r\n<p><span style=\"font-weight: 400;\">Queste corse attraggono migliaia di runner da tutto il mondo grazie all\u2019altissimo profilo tecnico e paesaggistico. Nei prossimi mesi, aggiornamenti in arrivo.<\/span><\/p>\r\n<h2>Calendario del podismo settembre 2026<\/h2>\r\n<p><span style=\"font-weight: 400;\">Settembre segna il rientro ufficiale della stagione podistica dopo la pausa estiva. Le temperature pi\u00f9 miti e il ritorno agli eventi cittadini rendono questo mese particolarmente amato sia dai runner amatoriali sia da chi cerca gare pi\u00f9 impegnative in natura.<\/span><\/p>\r\n<ul>\r\n<li style=\"font-weight: 400;\" aria-level=\"1\"><span style=\"font-weight: 400;\">Nel <\/span><b>primo weekend di settembre<\/b><span style=\"font-weight: 400;\"> si corre la <\/span><i><span style=\"font-weight: 400;\">Marcialonga Running Coop<\/span><\/i><span style=\"font-weight: 400;\"> tra Moena e Cavalese (TN), gara su strada e pista ciclabile con percorsi da 21 e 26 km, apprezzata per il tracciato veloce in leggera discesa.<\/span><\/li>\r\n<li style=\"font-weight: 400;\" aria-level=\"1\"><span style=\"font-weight: 400;\">Il <\/span><b>6 settembre<\/b><span style=\"font-weight: 400;\"> \u00e8 in programma la <\/span><i><span style=\"font-weight: 400;\">RunRivieraRun<\/span><\/i><span style=\"font-weight: 400;\"> a Pietra Ligure (SV), corsa su strada di 10 km affacciata sul mare, molto partecipata anche da runner non competitivi.<\/span><\/li>\r\n<li style=\"font-weight: 400;\" aria-level=\"1\"><span style=\"font-weight: 400;\">Sabato <\/span><b>12 settembre<\/b><span style=\"font-weight: 400;\"> a Malegno (BS) si svolge la <\/span><i><span style=\"font-weight: 400;\">Vallecamonica Vertical<\/span><\/i><span style=\"font-weight: 400;\">, cronoscalata serale di circa 4 km, evento spettacolare per formato e atmosfera.<\/span><\/li>\r\n<li style=\"font-weight: 400;\" aria-level=\"1\"><span style=\"font-weight: 400;\">Domenica <\/span><b>13 settembre<\/b><span style=\"font-weight: 400;\"> doppio appuntamento trail: la <\/span><i><span style=\"font-weight: 400;\">Lessinia Legend Run<\/span><\/i><span style=\"font-weight: 400;\"> (VR), con percorsi di 22 e 42 km tra pascoli e sentieri montani, e il <\/span><i><span style=\"font-weight: 400;\">Trail delle Due Aquile<\/span><\/i><span style=\"font-weight: 400;\"> a Ronco Scrivia (GE), gara tecnica con distanze da 11, 21 e 41 km.<\/span><\/li>\r\n<li style=\"font-weight: 400;\" aria-level=\"1\"><span style=\"font-weight: 400;\">\u00a0Dal <\/span><b>13 al 20 settembre<\/b><span style=\"font-weight: 400;\"> torna il leggendario <\/span><i><span style=\"font-weight: 400;\">Tor des G\u00e9ants<\/span><\/i><span style=\"font-weight: 400;\"> in Valle d\u2019Aosta, una delle ultratrail pi\u00f9 dure al mondo, con circa 330 km e oltre 24.000 metri di dislivello positivo.<\/span><\/li>\r\n<li style=\"font-weight: 400;\" aria-level=\"1\"><span style=\"font-weight: 400;\">\u00a0Il <\/span><b>20 settembre<\/b><span style=\"font-weight: 400;\"> al Lido di Venezia si corre il <\/span><i><span style=\"font-weight: 400;\">Venice Lido Beach Trail<\/span><\/i><span style=\"font-weight: 400;\">, evento su sabbia e sterrato con percorsi da 5 e 11 km, ideale per chi ama unire corsa e paesaggi marini.<\/span><\/li>\r\n<li style=\"font-weight: 400;\" aria-level=\"1\"><span style=\"font-weight: 400;\">Il <\/span><b>21 settembre<\/b><span style=\"font-weight: 400;\"> a Ferrara \u00e8 in programma la <\/span><i><span style=\"font-weight: 400;\">Ferrara Run<\/span><\/i><span style=\"font-weight: 400;\">, gara cittadina con distanze da 10, 21 e 30 km attraverso il centro storico rinascimentale.<\/span><\/li>\r\n<li style=\"font-weight: 400;\" aria-level=\"1\"><span style=\"font-weight: 400;\">Il mese si chiude il <\/span><b>27 settembre<\/b><span style=\"font-weight: 400;\"> con la <\/span><i><span style=\"font-weight: 400;\">Monza21 non competitiva<\/span><\/i><span style=\"font-weight: 400;\"> e le gare collaterali da 5 e 10 km nel Parco di Monza, appuntamento molto partecipato anche da famiglie e runner occasionali.<\/span><\/li>\r\n<\/ul>\r\n<h2>Gare podismo ottobre 2026<\/h2>\r\n<p><span style=\"font-weight: 400;\">Ottobre \u00e8 uno dei mesi pi\u00f9 amati dai runner, grazie alle temperature ideali e a un calendario fittissimo di eventi urbani e trail.<\/span><\/p>\r\n<ul>\r\n<li style=\"font-weight: 400;\" aria-level=\"1\"><span style=\"font-weight: 400;\">Il <\/span><b>4 ottobre<\/b><span style=\"font-weight: 400;\"> si corre la <\/span><i><span style=\"font-weight: 400;\">EcoMaratona del Chianti<\/span><\/i><span style=\"font-weight: 400;\"> (Greve in Chianti, FI), che propone anche percorsi non maratona da 10 e 18 km tra vigneti e strade bianche.<\/span><\/li>\r\n<li style=\"font-weight: 400;\" aria-level=\"1\"><span style=\"font-weight: 400;\">\u00a0L\u2019<\/span><b>11 ottobre<\/b><span style=\"font-weight: 400;\"> a Parma \u00e8 in programma la <\/span><i><span style=\"font-weight: 400;\">Parma Urban Night Run<\/span><\/i><span style=\"font-weight: 400;\">, gara serale su tracciato cittadino di 10 km.<\/span><\/li>\r\n<li style=\"font-weight: 400;\" aria-level=\"1\"><span style=\"font-weight: 400;\">\u00a0Il <\/span><b>18 ottobre<\/b><span style=\"font-weight: 400;\"> torna la <\/span><i><span style=\"font-weight: 400;\">Vertical Nasego<\/span><\/i><span style=\"font-weight: 400;\"> a Casto (BS), gara di corsa in montagna con forte dislivello, valida spesso per circuiti internazionali.<\/span><\/li>\r\n<li style=\"font-weight: 400;\" aria-level=\"1\"><span style=\"font-weight: 400;\">\u00a0Sempre il <\/span><b>18 ottobre<\/b><span style=\"font-weight: 400;\"> si corre anche la <\/span><i><span style=\"font-weight: 400;\">Trail del Monte Soglio<\/span><\/i><span style=\"font-weight: 400;\"> (Canavese, TO), con distanze tecniche da 15, 44 e 73 km.<\/span><\/li>\r\n<li style=\"font-weight: 400;\" aria-level=\"1\"><span style=\"font-weight: 400;\">\u00a0Il <\/span><b>25 ottobre<\/b><span style=\"font-weight: 400;\"> a Milano si svolge la <\/span><i><span style=\"font-weight: 400;\">Run Fast \u2013 Sempione<\/span><\/i><span style=\"font-weight: 400;\">, corsa su strada di 10 km molto partecipata, ideale anche per amatori.<\/span><\/li>\r\n<\/ul>\r\n<h2>Calendario del podismo novembre 2026<\/h2>\r\n<p><span style=\"font-weight: 400;\">Novembre segna la transizione verso la stagione invernale, ma resta molto attivo soprattutto per le gare su strada e i trail collinari.<\/span><\/p>\r\n<ul>\r\n<li style=\"font-weight: 400;\" aria-level=\"1\"><span style=\"font-weight: 400;\">Il <\/span><b>1\u00b0 novembre<\/b><span style=\"font-weight: 400;\"> a Roma si corre la <\/span><i><span style=\"font-weight: 400;\">Corsa dei Santi<\/span><\/i><span style=\"font-weight: 400;\">, gara su strada di 10 km nel centro storico, tra le pi\u00f9 partecipate d\u2019Italia.<\/span><\/li>\r\n<li style=\"font-weight: 400;\" aria-level=\"1\"><span style=\"font-weight: 400;\">L\u2019<\/span><b>8 novembre<\/b><span style=\"font-weight: 400;\"> a Riva del Garda \u00e8 in programma la <\/span><i><span style=\"font-weight: 400;\">Garda Trentino 10K<\/span><\/i><span style=\"font-weight: 400;\">, evento collaterale della pi\u00f9 nota mezza, dedicato alle distanze brevi.<\/span><\/li>\r\n<li style=\"font-weight: 400;\" aria-level=\"1\"><span style=\"font-weight: 400;\">Il <\/span><b>15 novembre<\/b><span style=\"font-weight: 400;\"> a Palermo si tiene la <\/span><i><span style=\"font-weight: 400;\">Palermo International Road Race<\/span><\/i><span style=\"font-weight: 400;\">, gara cittadina di 10 km con percorso pianeggiante.<\/span><\/li>\r\n<li style=\"font-weight: 400;\" aria-level=\"1\"><span style=\"font-weight: 400;\">Il <\/span><b>22 novembre<\/b><span style=\"font-weight: 400;\"> a Firenze si corre la <\/span><i><span style=\"font-weight: 400;\">Firenze Urban Trail<\/span><\/i><span style=\"font-weight: 400;\">, evento che unisce centro storico e colline circostanti su percorsi da 10 e 20 km.<\/span><\/li>\r\n<li style=\"font-weight: 400;\" aria-level=\"1\">Il mese si chiude il <b>29 novembre<\/b> con la <i>Monza Park Run<\/i>, corsa competitiva e non competitiva di 10 km all\u2019interno del Parco di Monza.<\/li>\r\n<\/ul>\r\n<h2>Calendario del podismo dicembre 2026<\/h2>\r\n<p><span style=\"font-weight: 400;\">Dicembre \u00e8 il mese delle corse festive, spesso non competitive ma molto partecipate, ideali per chiudere l\u2019anno sportivo in modo conviviale.<\/span><\/p>\r\n<ul>\r\n<li style=\"font-weight: 400;\" aria-level=\"1\"><span style=\"font-weight: 400;\">Il <\/span><b>6 dicembre<\/b><span style=\"font-weight: 400;\"> a Castiglion Fiorentino (AR) si corre il <\/span><i><span style=\"font-weight: 400;\">Trail delle Valli Etrusche<\/span><\/i><span style=\"font-weight: 400;\">, con percorsi trail da 15 e 26 km tra colline e sentieri storici.<\/span><\/li>\r\n<li style=\"font-weight: 400;\" aria-level=\"1\"><span style=\"font-weight: 400;\">Il <\/span><b>13 dicembre<\/b><span style=\"font-weight: 400;\"> a Torbole (TN) \u00e8 in programma il <\/span><i><span style=\"font-weight: 400;\">Garda Trentino Xmas Trail<\/span><\/i><span style=\"font-weight: 400;\">, evento invernale con distanze da 10 e 30 km.<\/span><\/li>\r\n<li style=\"font-weight: 400;\" aria-level=\"1\"><span style=\"font-weight: 400;\">Il <\/span><b>26 dicembre<\/b><span style=\"font-weight: 400;\"> si svolge la tradizionale <\/span><i><span style=\"font-weight: 400;\">Corsa di Santo Stefano<\/span><\/i><span style=\"font-weight: 400;\"> a Bolzano, gara su strada cittadina molto sentita a livello locale.<\/span><\/li>\r\n<li style=\"font-weight: 400;\" aria-level=\"1\"><span style=\"font-weight: 400;\">L\u2019anno podistico si chiude il <\/span><b>31 dicembre<\/b><span style=\"font-weight: 400;\"> con la <\/span><i><span style=\"font-weight: 400;\">We Run Rome<\/span><\/i><span style=\"font-weight: 400;\">, corsa urbana di 5 e 10 km nel cuore della capitale, simbolo del saluto sportivo al nuovo anno.<\/span><\/li>\r\n<\/ul>\r\n<p>&nbsp;<\/p>\r\n<p><strong>\u00a0 <a class=\"wp-block-button__link has-background wp-element-button\" style=\"border-radius: 15px; background-color: #e96f27;\" href=\"https:\/\/www.retedeldono.it\/landing\/sport?utm_source=blog&amp;utm_medium=direct&amp;utm_campaign=CTA_calendario_del_podismo_down\">Corri per una buona causa: scopri come!<\/a><\/strong><\/p><!-- \/wp:button -->","protected":false},"excerpt":{"rendered":"<p>Il calendario del podismo 2026 per tutti gli appassionati di corsa e sfide sportive, con le gare pi\u00f9 attese dell\u2019anno. Dalle mezze maratone cittadine alle corse immerse nella natura, il&#8230;<\/p>\n","protected":false},"author":10,"featured_media":3903,"comment_status":"open","ping_status":"open","sticky":false,"template":"","format":"standard","meta":{"_acf_changed":false,"footnotes":""},"categories":[1],"tags":[],"class_list":{"0":"post-3910","1":"post","2":"type-post","3":"status-publish","4":"format-standard","5":"has-post-thumbnail","7":"category-community"},"acf":{"homepage_rdd":false},"yoast_head":"<!-- This site is optimized with the Yoast SEO plugin v27.5 - https:\/\/yoast.com\/product\/yoast-seo-wordpress\/ -->\n<title>Calendario del podismo 2026: scopri tutte le gare - Rete del Dono Magazine<\/title>\n<meta name=\"description\" content=\"Il calendario del podismo con tutte le gare del 2025, dalle mezze maratone cittadine ai percorsi nella natura.\" \/>\n<meta name=\"robots\" content=\"index, follow, max-snippet:-1, max-image-preview:large, max-video-preview:-1\" \/>\n<link rel=\"canonical\" href=\"https:\/\/www.retedeldono.it\/magazine\/calendario-del-podismo\/\" \/>\n<meta property=\"og:locale\" content=\"it_IT\" \/>\n<meta property=\"og:type\" content=\"article\" \/>\n<meta property=\"og:title\" content=\"Calendario del podismo 2025: scopri tutte le gare\" \/>\n<meta property=\"og:description\" content=\"Il calendario del podismo con tutte le gare del 2025, dalle mezze maratone cittadine ai percorsi nella natura.\" \/>\n<meta property=\"og:url\" content=\"https:\/\/www.retedeldono.it\/magazine\/calendario-del-podismo\/\" \/>\n<meta property=\"og:site_name\" content=\"Rete del Dono Magazine\" \/>\n<meta property=\"article:publisher\" content=\"https:\/\/www.facebook.com\/retedeldono\/\" \/>\n<meta property=\"article:published_time\" content=\"2025-12-18T10:10:49+00:00\" \/>\n<meta property=\"article:modified_time\" content=\"2025-12-18T11:09:20+00:00\" \/>\n<meta property=\"og:image\" content=\"https:\/\/magazine.retedeldono.it\/wp-content\/uploads\/2025\/03\/calendario-del-podismo-scaled.jpg\" \/>\n\t<meta property=\"og:image:width\" content=\"2560\" \/>\n\t<meta property=\"og:image:height\" content=\"1440\" \/>\n\t<meta property=\"og:image:type\" content=\"image\/jpeg\" \/>\n<meta name=\"author\" content=\"Lorenzo Bordoni\" \/>\n<meta name=\"twitter:card\" content=\"summary_large_image\" \/>\n<meta name=\"twitter:title\" content=\"Calendario del podismo 2025: scopri tutte le gare\" \/>\n<meta name=\"twitter:description\" content=\"Il calendario del podismo con tutte le gare del 2025, dalle mezze maratone cittadine ai percorsi nella natura.\" \/>\n<meta name=\"twitter:image\" content=\"https:\/\/magazine.retedeldono.it\/wp-content\/uploads\/2025\/03\/calendario-del-podismo-scaled.jpg\" \/>\n<meta name=\"twitter:label1\" content=\"Scritto da\" \/>\n\t<meta name=\"twitter:data1\" content=\"Lorenzo Bordoni\" \/>\n\t<meta name=\"twitter:label2\" content=\"Tempo di lettura stimato\" \/>\n\t<meta name=\"twitter:data2\" content=\"10 minuti\" \/>\n<script type=\"application\/ld+json\" class=\"yoast-schema-graph\">{\"@context\":\"https:\\\/\\\/schema.org\",\"@graph\":[{\"@type\":\"Article\",\"@id\":\"https:\\\/\\\/www.retedeldono.it\\\/magazine\\\/calendario-del-podismo\\\/#article\",\"isPartOf\":{\"@id\":\"https:\\\/\\\/www.retedeldono.it\\\/magazine\\\/calendario-del-podismo\\\/\"},\"author\":{\"name\":\"Lorenzo Bordoni\",\"@id\":\"https:\\\/\\\/www.retedeldono.it\\\/magazine\\\/#\\\/schema\\\/person\\\/16791bfed946266640553906f45418e1\"},\"headline\":\"Calendario del podismo 2026: scopri tutte le gare\",\"datePublished\":\"2025-12-18T10:10:49+00:00\",\"dateModified\":\"2025-12-18T11:09:20+00:00\",\"mainEntityOfPage\":{\"@id\":\"https:\\\/\\\/www.retedeldono.it\\\/magazine\\\/calendario-del-podismo\\\/\"},\"wordCount\":1597,\"commentCount\":0,\"image\":{\"@id\":\"https:\\\/\\\/www.retedeldono.it\\\/magazine\\\/calendario-del-podismo\\\/#primaryimage\"},\"thumbnailUrl\":\"https:\\\/\\\/magazine.retedeldono.it\\\/wp-content\\\/uploads\\\/2025\\\/03\\\/calendario-del-podismo-scaled.jpg\",\"articleSection\":[\"Community\"],\"inLanguage\":\"it-IT\",\"potentialAction\":[{\"@type\":\"CommentAction\",\"name\":\"Comment\",\"target\":[\"https:\\\/\\\/www.retedeldono.it\\\/magazine\\\/calendario-del-podismo\\\/#respond\"]}]},{\"@type\":\"WebPage\",\"@id\":\"https:\\\/\\\/www.retedeldono.it\\\/magazine\\\/calendario-del-podismo\\\/\",\"url\":\"https:\\\/\\\/www.retedeldono.it\\\/magazine\\\/calendario-del-podismo\\\/\",\"name\":\"Calendario del podismo 2026: scopri tutte le gare - Rete del Dono Magazine\",\"isPartOf\":{\"@id\":\"https:\\\/\\\/www.retedeldono.it\\\/magazine\\\/#website\"},\"primaryImageOfPage\":{\"@id\":\"https:\\\/\\\/www.retedeldono.it\\\/magazine\\\/calendario-del-podismo\\\/#primaryimage\"},\"image\":{\"@id\":\"https:\\\/\\\/www.retedeldono.it\\\/magazine\\\/calendario-del-podismo\\\/#primaryimage\"},\"thumbnailUrl\":\"https:\\\/\\\/magazine.retedeldono.it\\\/wp-content\\\/uploads\\\/2025\\\/03\\\/calendario-del-podismo-scaled.jpg\",\"datePublished\":\"2025-12-18T10:10:49+00:00\",\"dateModified\":\"2025-12-18T11:09:20+00:00\",\"author\":{\"@id\":\"https:\\\/\\\/www.retedeldono.it\\\/magazine\\\/#\\\/schema\\\/person\\\/16791bfed946266640553906f45418e1\"},\"description\":\"Il calendario del podismo con tutte le gare del 2025, dalle mezze maratone cittadine ai percorsi nella natura.\",\"breadcrumb\":{\"@id\":\"https:\\\/\\\/www.retedeldono.it\\\/magazine\\\/calendario-del-podismo\\\/#breadcrumb\"},\"inLanguage\":\"it-IT\",\"potentialAction\":[{\"@type\":\"ReadAction\",\"target\":[\"https:\\\/\\\/www.retedeldono.it\\\/magazine\\\/calendario-del-podismo\\\/\"]}]},{\"@type\":\"ImageObject\",\"inLanguage\":\"it-IT\",\"@id\":\"https:\\\/\\\/www.retedeldono.it\\\/magazine\\\/calendario-del-podismo\\\/#primaryimage\",\"url\":\"https:\\\/\\\/magazine.retedeldono.it\\\/wp-content\\\/uploads\\\/2025\\\/03\\\/calendario-del-podismo-scaled.jpg\",\"contentUrl\":\"https:\\\/\\\/magazine.retedeldono.it\\\/wp-content\\\/uploads\\\/2025\\\/03\\\/calendario-del-podismo-scaled.jpg\",\"width\":2560,\"height\":1440,\"caption\":\"calendario del podismo\"},{\"@type\":\"BreadcrumbList\",\"@id\":\"https:\\\/\\\/www.retedeldono.it\\\/magazine\\\/calendario-del-podismo\\\/#breadcrumb\",\"itemListElement\":[{\"@type\":\"ListItem\",\"position\":1,\"name\":\"Home\",\"item\":\"https:\\\/\\\/www.retedeldono.it\\\/magazine\\\/\"},{\"@type\":\"ListItem\",\"position\":2,\"name\":\"Calendario del podismo 2026: scopri tutte le gare\"}]},{\"@type\":\"WebSite\",\"@id\":\"https:\\\/\\\/www.retedeldono.it\\\/magazine\\\/#website\",\"url\":\"https:\\\/\\\/www.retedeldono.it\\\/magazine\\\/\",\"name\":\"Rete del Dono Magazine\",\"description\":\"Rete del Dono Magazine\",\"potentialAction\":[{\"@type\":\"SearchAction\",\"target\":{\"@type\":\"EntryPoint\",\"urlTemplate\":\"https:\\\/\\\/www.retedeldono.it\\\/magazine\\\/?s={search_term_string}\"},\"query-input\":{\"@type\":\"PropertyValueSpecification\",\"valueRequired\":true,\"valueName\":\"search_term_string\"}}],\"inLanguage\":\"it-IT\"},{\"@type\":\"Person\",\"@id\":\"https:\\\/\\\/www.retedeldono.it\\\/magazine\\\/#\\\/schema\\\/person\\\/16791bfed946266640553906f45418e1\",\"name\":\"Lorenzo Bordoni\",\"image\":{\"@type\":\"ImageObject\",\"inLanguage\":\"it-IT\",\"@id\":\"https:\\\/\\\/secure.gravatar.com\\\/avatar\\\/334481c8fc74af93c4b6cf753d2218a69e9a5fe551dda466a044d8beee884fca?s=96&d=mm&r=g\",\"url\":\"https:\\\/\\\/secure.gravatar.com\\\/avatar\\\/334481c8fc74af93c4b6cf753d2218a69e9a5fe551dda466a044d8beee884fca?s=96&d=mm&r=g\",\"contentUrl\":\"https:\\\/\\\/secure.gravatar.com\\\/avatar\\\/334481c8fc74af93c4b6cf753d2218a69e9a5fe551dda466a044d8beee884fca?s=96&d=mm&r=g\",\"caption\":\"Lorenzo Bordoni\"},\"url\":\"https:\\\/\\\/www.retedeldono.it\\\/magazine\\\/author\\\/lorenzo-bordoni\\\/\"}]}<\/script>\n<!-- \/ Yoast SEO plugin. -->","yoast_head_json":{"title":"Calendario del podismo 2026: scopri tutte le gare - Rete del Dono Magazine","description":"Il calendario del podismo con tutte le gare del 2025, dalle mezze maratone cittadine ai percorsi nella natura.","robots":{"index":"index","follow":"follow","max-snippet":"max-snippet:-1","max-image-preview":"max-image-preview:large","max-video-preview":"max-video-preview:-1"},"canonical":"https:\/\/www.retedeldono.it\/magazine\/calendario-del-podismo\/","og_locale":"it_IT","og_type":"article","og_title":"Calendario del podismo 2025: scopri tutte le gare","og_description":"Il calendario del podismo con tutte le gare del 2025, dalle mezze maratone cittadine ai percorsi nella natura.","og_url":"https:\/\/www.retedeldono.it\/magazine\/calendario-del-podismo\/","og_site_name":"Rete del Dono Magazine","article_publisher":"https:\/\/www.facebook.com\/retedeldono\/","article_published_time":"2025-12-18T10:10:49+00:00","article_modified_time":"2025-12-18T11:09:20+00:00","og_image":[{"width":2560,"height":1440,"url":"https:\/\/magazine.retedeldono.it\/wp-content\/uploads\/2025\/03\/calendario-del-podismo-scaled.jpg","type":"image\/jpeg"}],"author":"Lorenzo Bordoni","twitter_card":"summary_large_image","twitter_title":"Calendario del podismo 2025: scopri tutte le gare","twitter_description":"Il calendario del podismo con tutte le gare del 2025, dalle mezze maratone cittadine ai percorsi nella natura.","twitter_image":"https:\/\/magazine.retedeldono.it\/wp-content\/uploads\/2025\/03\/calendario-del-podismo-scaled.jpg","twitter_misc":{"Scritto da":"Lorenzo Bordoni","Tempo di lettura stimato":"10 minuti"},"schema":{"@context":"https:\/\/schema.org","@graph":[{"@type":"Article","@id":"https:\/\/www.retedeldono.it\/magazine\/calendario-del-podismo\/#article","isPartOf":{"@id":"https:\/\/www.retedeldono.it\/magazine\/calendario-del-podismo\/"},"author":{"name":"Lorenzo Bordoni","@id":"https:\/\/www.retedeldono.it\/magazine\/#\/schema\/person\/16791bfed946266640553906f45418e1"},"headline":"Calendario del podismo 2026: scopri tutte le gare","datePublished":"2025-12-18T10:10:49+00:00","dateModified":"2025-12-18T11:09:20+00:00","mainEntityOfPage":{"@id":"https:\/\/www.retedeldono.it\/magazine\/calendario-del-podismo\/"},"wordCount":1597,"commentCount":0,"image":{"@id":"https:\/\/www.retedeldono.it\/magazine\/calendario-del-podismo\/#primaryimage"},"thumbnailUrl":"https:\/\/magazine.retedeldono.it\/wp-content\/uploads\/2025\/03\/calendario-del-podismo-scaled.jpg","articleSection":["Community"],"inLanguage":"it-IT","potentialAction":[{"@type":"CommentAction","name":"Comment","target":["https:\/\/www.retedeldono.it\/magazine\/calendario-del-podismo\/#respond"]}]},{"@type":"WebPage","@id":"https:\/\/www.retedeldono.it\/magazine\/calendario-del-podismo\/","url":"https:\/\/www.retedeldono.it\/magazine\/calendario-del-podismo\/","name":"Calendario del podismo 2026: scopri tutte le gare - Rete del Dono Magazine","isPartOf":{"@id":"https:\/\/www.retedeldono.it\/magazine\/#website"},"primaryImageOfPage":{"@id":"https:\/\/www.retedeldono.it\/magazine\/calendario-del-podismo\/#primaryimage"},"image":{"@id":"https:\/\/www.retedeldono.it\/magazine\/calendario-del-podismo\/#primaryimage"},"thumbnailUrl":"https:\/\/magazine.retedeldono.it\/wp-content\/uploads\/2025\/03\/calendario-del-podismo-scaled.jpg","datePublished":"2025-12-18T10:10:49+00:00","dateModified":"2025-12-18T11:09:20+00:00","author":{"@id":"https:\/\/www.retedeldono.it\/magazine\/#\/schema\/person\/16791bfed946266640553906f45418e1"},"description":"Il calendario del podismo con tutte le gare del 2025, dalle mezze maratone cittadine ai percorsi nella natura.","breadcrumb":{"@id":"https:\/\/www.retedeldono.it\/magazine\/calendario-del-podismo\/#breadcrumb"},"inLanguage":"it-IT","potentialAction":[{"@type":"ReadAction","target":["https:\/\/www.retedeldono.it\/magazine\/calendario-del-podismo\/"]}]},{"@type":"ImageObject","inLanguage":"it-IT","@id":"https:\/\/www.retedeldono.it\/magazine\/calendario-del-podismo\/#primaryimage","url":"https:\/\/magazine.retedeldono.it\/wp-content\/uploads\/2025\/03\/calendario-del-podismo-scaled.jpg","contentUrl":"https:\/\/magazine.retedeldono.it\/wp-content\/uploads\/2025\/03\/calendario-del-podismo-scaled.jpg","width":2560,"height":1440,"caption":"calendario del podismo"},{"@type":"BreadcrumbList","@id":"https:\/\/www.retedeldono.it\/magazine\/calendario-del-podismo\/#breadcrumb","itemListElement":[{"@type":"ListItem","position":1,"name":"Home","item":"https:\/\/www.retedeldono.it\/magazine\/"},{"@type":"ListItem","position":2,"name":"Calendario del podismo 2026: scopri tutte le gare"}]},{"@type":"WebSite","@id":"https:\/\/www.retedeldono.it\/magazine\/#website","url":"https:\/\/www.retedeldono.it\/magazine\/","name":"Rete del Dono Magazine","description":"Rete del Dono Magazine","potentialAction":[{"@type":"SearchAction","target":{"@type":"EntryPoint","urlTemplate":"https:\/\/www.retedeldono.it\/magazine\/?s={search_term_string}"},"query-input":{"@type":"PropertyValueSpecification","valueRequired":true,"valueName":"search_term_string"}}],"inLanguage":"it-IT"},{"@type":"Person","@id":"https:\/\/www.retedeldono.it\/magazine\/#\/schema\/person\/16791bfed946266640553906f45418e1","name":"Lorenzo Bordoni","image":{"@type":"ImageObject","inLanguage":"it-IT","@id":"https:\/\/secure.gravatar.com\/avatar\/334481c8fc74af93c4b6cf753d2218a69e9a5fe551dda466a044d8beee884fca?s=96&d=mm&r=g","url":"https:\/\/secure.gravatar.com\/avatar\/334481c8fc74af93c4b6cf753d2218a69e9a5fe551dda466a044d8beee884fca?s=96&d=mm&r=g","contentUrl":"https:\/\/secure.gravatar.com\/avatar\/334481c8fc74af93c4b6cf753d2218a69e9a5fe551dda466a044d8beee884fca?s=96&d=mm&r=g","caption":"Lorenzo Bordoni"},"url":"https:\/\/www.retedeldono.it\/magazine\/author\/lorenzo-bordoni\/"}]}},"_links":{"self":[{"href":"https:\/\/www.retedeldono.it\/magazine\/wp-json\/wp\/v2\/posts\/3910","targetHints":{"allow":["GET"]}}],"collection":[{"href":"https:\/\/www.retedeldono.it\/magazine\/wp-json\/wp\/v2\/posts"}],"about":[{"href":"https:\/\/www.retedeldono.it\/magazine\/wp-json\/wp\/v2\/types\/post"}],"author":[{"embeddable":true,"href":"https:\/\/www.retedeldono.it\/magazine\/wp-json\/wp\/v2\/users\/10"}],"replies":[{"embeddable":true,"href":"https:\/\/www.retedeldono.it\/magazine\/wp-json\/wp\/v2\/comments?post=3910"}],"version-history":[{"count":7,"href":"https:\/\/www.retedeldono.it\/magazine\/wp-json\/wp\/v2\/posts\/3910\/revisions"}],"predecessor-version":[{"id":4461,"href":"https:\/\/www.retedeldono.it\/magazine\/wp-json\/wp\/v2\/posts\/3910\/revisions\/4461"}],"wp:featuredmedia":[{"embeddable":true,"href":"https:\/\/www.retedeldono.it\/magazine\/wp-json\/wp\/v2\/media\/3903"}],"wp:attachment":[{"href":"https:\/\/www.retedeldono.it\/magazine\/wp-json\/wp\/v2\/media?parent=3910"}],"wp:term":[{"taxonomy":"category","embeddable":true,"href":"https:\/\/www.retedeldono.it\/magazine\/wp-json\/wp\/v2\/categories?post=3910"},{"taxonomy":"post_tag","embeddable":true,"href":"https:\/\/www.retedeldono.it\/magazine\/wp-json\/wp\/v2\/tags?post=3910"}],"curies":[{"name":"wp","href":"https:\/\/api.w.org\/{rel}","templated":true}]}}