{"id":4032,"date":"2025-09-03T13:41:50","date_gmt":"2025-09-03T13:41:50","guid":{"rendered":"https:\/\/www.retedeldono.it\/magazine\/?p=4032"},"modified":"2025-09-09T08:29:23","modified_gmt":"2025-09-09T08:29:23","slug":"dono-e-imprese-dalla-csr-alla-comunita-perche-la-solidarieta-ha-bisogno-di-personenon-solo-di-budget","status":"publish","type":"post","link":"https:\/\/www.retedeldono.it\/magazine\/dono-e-imprese-dalla-csr-alla-comunita-perche-la-solidarieta-ha-bisogno-di-personenon-solo-di-budget\/","title":{"rendered":"Dono e Aziende: dalla CSR alla comunit\u00e0. Perch\u00e9 la solidariet\u00e0 ha bisogno di persone, non solo di budget!"},"content":{"rendered":"<p><span data-contrast=\"auto\"><img loading=\"lazy\" decoding=\"async\" class=\"alignnone size-large wp-image-4037\" src=\"https:\/\/magazine.retedeldono.it\/wp-content\/uploads\/2025\/09\/Donare3.0_aziende_25-950x1024.jpg\" alt=\"A che punto siamo\" width=\"950\" height=\"1024\" srcset=\"https:\/\/magazine.retedeldono.it\/wp-content\/uploads\/2025\/09\/Donare3.0_aziende_25-950x1024.jpg 950w, https:\/\/magazine.retedeldono.it\/wp-content\/uploads\/2025\/09\/Donare3.0_aziende_25-278x300.jpg 278w, https:\/\/magazine.retedeldono.it\/wp-content\/uploads\/2025\/09\/Donare3.0_aziende_25-768x828.jpg 768w, https:\/\/magazine.retedeldono.it\/wp-content\/uploads\/2025\/09\/Donare3.0_aziende_25.jpg 960w\" sizes=\"auto, (max-width: 950px) 100vw, 950px\" \/><\/span><\/p>\n<p><span data-contrast=\"auto\">C\u2019\u00e8 un dato, tra quelli emersi dall\u2019ultima edizione di <\/span><b><span data-contrast=\"auto\">Donare 3.0<\/span><\/b><span data-contrast=\"auto\">, che dice pi\u00f9 di tante slide:<\/span><br \/>\n<b><span data-contrast=\"auto\">un dipendente su tre sa che la propria azienda dona, ma solo la met\u00e0 sa per cosa.<\/span><\/b><br \/>\n<span data-contrast=\"auto\">Un segnale chiaro: la responsabilit\u00e0 sociale non pu\u00f2 pi\u00f9 restare chiusa in un cassetto, confinata a un reparto o a un report di fine anno.<\/span><span data-ccp-props=\"{&quot;134233117&quot;:true,&quot;134233118&quot;:true}\">\u00a0<\/span><\/p>\n<p><b><span data-contrast=\"auto\">Il dono non \u00e8 pi\u00f9 un gesto solitario ma collettivo<\/span><\/b><span data-ccp-props=\"{&quot;134233117&quot;:true,&quot;134233118&quot;:true}\">\u00a0<\/span><\/p>\n<p><span data-contrast=\"auto\">Nel 2025 il <\/span><b><span data-contrast=\"auto\">crowdfunding<\/span><\/b><span data-contrast=\"auto\"> ha raggiunto il suo massimo storico: il 23% dei donatori digitali lo ha scelto.<\/span><br \/>\n<span data-contrast=\"auto\">Il 32% degli italiani ha donato almeno una volta durante un acquisto online. Lo smartphone \u00e8 ormai lo strumento principale per donare \u2014 segno che la solidariet\u00e0 \u00e8 diventata parte della nostra quotidianit\u00e0, semplice come un click. Ma non solo.<\/span><br \/>\n<b><span data-contrast=\"auto\">Otto persone su dieci vogliono sapere concretamente quale impatto ha generato la propria donazione.<\/span><\/b><br \/>\n<span data-contrast=\"auto\">Le persone non si limitano pi\u00f9 a dare: vogliono vedere, capire, sentirsi parte.<\/span><span data-ccp-props=\"{&quot;134233117&quot;:true,&quot;134233118&quot;:true}\">\u00a0<\/span><\/p>\n<p><b><span data-contrast=\"auto\">Le ONP devono uscire allo scoperto.<\/span><\/b><span data-ccp-props=\"{&quot;134233117&quot;:true,&quot;134233118&quot;:true}\">\u00a0<\/span><\/p>\n<p><span data-contrast=\"auto\">In questo scenario, le <\/span><b><span data-contrast=\"auto\">Organizzazioni Non Profit<\/span><\/b><span data-contrast=\"auto\"> hanno un compito urgente: <\/span><b><span data-contrast=\"auto\">abbandonare la sindrome dell\u2019impostore<\/span><\/b><span data-contrast=\"auto\">.<\/span><br \/>\n<span data-contrast=\"auto\">Non si pu\u00f2 pi\u00f9 aspettare di essere \u201cscelte\u201d dalle aziende.<\/span><br \/>\n<span data-contrast=\"auto\">Serve il coraggio di proporsi, di portare storie vere, dati trasparenti, momenti di incontro in azienda.<\/span><br \/>\n<span data-contrast=\"auto\">Non per raccogliere e basta, ma per <\/span><b><span data-contrast=\"auto\">raccontare il valore reale che un progetto genera sul territorio e nella comunit\u00e0<\/span><\/b><span data-contrast=\"auto\">.<\/span><span data-ccp-props=\"{&quot;134233117&quot;:true,&quot;134233118&quot;:true}\">\u00a0<\/span><\/p>\n<p><span data-contrast=\"auto\">Lo dice Donare 3.0: l\u2019analisi dei dati \u00e8 ormai vitale.<\/span><br \/>\n<span data-contrast=\"auto\">Chi misura l\u2019impatto, chi rende visibile ogni euro raccolto, costruisce fiducia.<\/span><br \/>\n<span data-contrast=\"auto\">E chi racconta bene il proprio lavoro, attiva reti di alleanze: perch\u00e9 la generosit\u00e0 \u00e8 contagiosa, ma solo se qualcuno la fa vedere.<\/span><span data-ccp-props=\"{&quot;134233117&quot;:true,&quot;134233118&quot;:true}\">\u00a0<\/span><\/p>\n<p><b><span data-contrast=\"auto\">Le aziende devono coinvolgere partendo dai dipendenti<\/span><\/b><span data-ccp-props=\"{&quot;134233117&quot;:true,&quot;134233118&quot;:true}\">\u00a0<\/span><\/p>\n<p><span data-contrast=\"auto\">Dall\u2019altra parte, le <\/span><b><span data-contrast=\"auto\">aziende<\/span><\/b><span data-contrast=\"auto\"> hanno un\u2019enorme opportunit\u00e0: <\/span><b><span data-contrast=\"auto\">non limitare la CSR a un piano annuale<\/span><\/b><span data-contrast=\"auto\">.<\/span><br \/>\n<span data-contrast=\"auto\">Non lasciarla chiusa in un ufficio tecnico.<\/span><br \/>\n<span data-contrast=\"auto\">Il dono, per generare valore autentico, deve diventare parte della cultura aziendale, <\/span><b><span data-contrast=\"auto\">un\u2019esperienza partecipata<\/span><\/b><span data-contrast=\"auto\">.<\/span><span data-ccp-props=\"{&quot;134233117&quot;:true,&quot;134233118&quot;:true}\">\u00a0<\/span><\/p>\n<p><span data-contrast=\"auto\">I dati parlano chiaro:<\/span><span data-ccp-props=\"{&quot;134233117&quot;:true,&quot;134233118&quot;:true}\">\u00a0<\/span><\/p>\n<ul>\n<li aria-setsize=\"-1\" data-leveltext=\"\uf0b7\" data-font=\"Symbol\" data-listid=\"1\" data-list-defn-props=\"{&quot;335552541&quot;:1,&quot;335559685&quot;:720,&quot;335559991&quot;:360,&quot;469769226&quot;:&quot;Symbol&quot;,&quot;469769242&quot;:[8226],&quot;469777803&quot;:&quot;left&quot;,&quot;469777804&quot;:&quot;\uf0b7&quot;,&quot;469777815&quot;:&quot;multilevel&quot;}\" data-aria-posinset=\"1\" data-aria-level=\"1\"><span data-contrast=\"auto\">Il <\/span><b><span data-contrast=\"auto\">34% degli italiani<\/span><\/b><span data-contrast=\"auto\"> \u00e8 pronto a diventare Ambassador per una causa in cui crede.<\/span><span data-ccp-props=\"{&quot;134233117&quot;:true,&quot;134233118&quot;:true}\">\u00a0<\/span><\/li>\n<\/ul>\n<ul>\n<li aria-setsize=\"-1\" data-leveltext=\"\uf0b7\" data-font=\"Symbol\" data-listid=\"1\" data-list-defn-props=\"{&quot;335552541&quot;:1,&quot;335559685&quot;:720,&quot;335559991&quot;:360,&quot;469769226&quot;:&quot;Symbol&quot;,&quot;469769242&quot;:[8226],&quot;469777803&quot;:&quot;left&quot;,&quot;469777804&quot;:&quot;\uf0b7&quot;,&quot;469777815&quot;:&quot;multilevel&quot;}\" data-aria-posinset=\"2\" data-aria-level=\"1\"><span data-contrast=\"auto\">Il <\/span><b><span data-contrast=\"auto\">personal fundraising aziendale cresce <\/span><\/b><span data-contrast=\"auto\">a doppia cifra (+31%), segno che quando i dipendenti diventano protagonisti, la solidariet\u00e0 fa un salto di qualit\u00e0.<\/span><span data-ccp-props=\"{&quot;134233117&quot;:true,&quot;134233118&quot;:true}\">\u00a0<\/span><\/li>\n<\/ul>\n<ul>\n<li aria-setsize=\"-1\" data-leveltext=\"\uf0b7\" data-font=\"Symbol\" data-listid=\"1\" data-list-defn-props=\"{&quot;335552541&quot;:1,&quot;335559685&quot;:720,&quot;335559991&quot;:360,&quot;469769226&quot;:&quot;Symbol&quot;,&quot;469769242&quot;:[8226],&quot;469777803&quot;:&quot;left&quot;,&quot;469777804&quot;:&quot;\uf0b7&quot;,&quot;469777815&quot;:&quot;multilevel&quot;}\" data-aria-posinset=\"3\" data-aria-level=\"1\"><span data-contrast=\"auto\">L\u2019<\/span><b><span data-contrast=\"auto\">86% dei dipendenti di aziende che promuovono iniziative di CSR<\/span><\/b><span data-contrast=\"auto\"> si dichiarano <\/span><b><span data-contrast=\"auto\">orgogliosi <\/span><\/b><span data-contrast=\"auto\">della loro azienda, contro il 43% dei dipendenti di aziende che non prevedono iniziative nell\u2019ambito della Responsabilit\u00e0 Sociale d\u2019Impresa<\/span><span data-ccp-props=\"{&quot;134233117&quot;:true,&quot;134233118&quot;:true}\">\u00a0<\/span><\/li>\n<\/ul>\n<p><span data-ccp-props=\"{&quot;134233117&quot;:true,&quot;134233118&quot;:true}\">\u00a0<\/span><\/p>\n<p><img loading=\"lazy\" decoding=\"async\" class=\"size-large wp-image-4034 aligncenter\" src=\"https:\/\/magazine.retedeldono.it\/wp-content\/uploads\/2025\/09\/06-Donare30_dipendenti_04-25_14-831x1024.png\" alt=\"Donare30 dipendenti\" width=\"831\" height=\"1024\" srcset=\"https:\/\/magazine.retedeldono.it\/wp-content\/uploads\/2025\/09\/06-Donare30_dipendenti_04-25_14-831x1024.png 831w, https:\/\/magazine.retedeldono.it\/wp-content\/uploads\/2025\/09\/06-Donare30_dipendenti_04-25_14-243x300.png 243w, https:\/\/magazine.retedeldono.it\/wp-content\/uploads\/2025\/09\/06-Donare30_dipendenti_04-25_14-768x946.png 768w, https:\/\/magazine.retedeldono.it\/wp-content\/uploads\/2025\/09\/06-Donare30_dipendenti_04-25_14.png 960w\" sizes=\"auto, (max-width: 831px) 100vw, 831px\" \/><\/p>\n<p><b><span data-contrast=\"none\">Che forma pu\u00f2 avere questo coinvolgimento?<\/span><\/b><span data-contrast=\"auto\"> Charity program, bandi per sostenere associazioni locali votati dai dipendenti, team challenge solidali. Tutto ci\u00f2 che trasforma la donazione in <\/span><b><span data-contrast=\"auto\">esperienza di gruppo<\/span><\/b><span data-contrast=\"auto\">, in occasione di coesione e orgoglio.<\/span><span data-ccp-props=\"{&quot;134233117&quot;:true,&quot;134233118&quot;:true}\">\u00a0<\/span><\/p>\n<p><span data-contrast=\"auto\">Un esempio virtuoso \u00e8 rappresentato dai charity program legati alle maratone, in particolare quelli con formula a staffetta, ideale per le aziende: quattro colleghi formano una squadra e si alternano lungo il percorso, condividendo un obiettivo sportivo e solidale.<\/span><span data-ccp-props=\"{&quot;335559738&quot;:240,&quot;335559739&quot;:240}\">\u00a0<\/span><\/p>\n<p><span data-contrast=\"auto\">Nel solo 2025, oltre 200 aziende hanno partecipato a questi programmi, coinvolgendo i propri dipendenti e raccogliendo, attraverso le loro reti e quelle dei collaboratori, oltre 700 mila euro. Un dato significativo: oggi circa un terzo della raccolta fondi dei charity program proviene proprio dal coinvolgimento aziendale.<\/span><span data-ccp-props=\"{&quot;335559738&quot;:240,&quot;335559739&quot;:240}\">\u00a0<\/span><\/p>\n<p><span data-contrast=\"auto\">Un numero in costante crescita, favorito dalla possibilit\u00e0 di coniugare benessere, sport e solidariet\u00e0 in un\u2019esperienza collettiva ad alto impatto.<\/span><span data-ccp-props=\"{&quot;335559738&quot;:240,&quot;335559739&quot;:240}\">\u00a0<\/span><\/p>\n<p><span data-contrast=\"auto\">Partecipare a un progetto sociale insieme ad altri colleghi crea legami, stimola il senso di appartenenza e offre alle organizzazioni una grande opportunit\u00e0 per cementare il dono in qualcosa di pi\u00f9 importante e significativo<\/span><span data-ccp-props=\"{&quot;335559738&quot;:240,&quot;335559739&quot;:240}\">\u00a0<\/span><\/p>\n<p><b><span data-contrast=\"auto\">Il nodo comune \u00e8 la relazione<\/span><\/b><br \/>\n<b><span data-contrast=\"auto\">\u201cIl dono non \u00e8 transazione, ma relazione.\u201d<\/span><\/b><br \/>\n<span data-contrast=\"auto\">Le persone vogliono capire, sentirsi parte di una storia, diventare moltiplicatori di valore.<\/span> <span data-contrast=\"auto\">Vale per i donatori, per i dipendenti, per le comunit\u00e0.<\/span><br \/>\n<span data-contrast=\"auto\">Non \u00e8 un caso che i progetti locali siano quelli pi\u00f9 sostenuti: oltre 2 su 3 piattaforme come Rete del Dono nascono per rispondere a un bisogno vicino, tangibile, riconoscibile.<\/span><br \/>\n<span data-contrast=\"auto\">Progetti dove il \u201cnoi\u201d conta pi\u00f9 del \u201cquanto\u201d.<\/span><span data-ccp-props=\"{&quot;134233117&quot;:true,&quot;134233118&quot;:true}\">\u00a0<\/span><\/p>\n<p><span data-ccp-props=\"{&quot;134233117&quot;:true,&quot;134233118&quot;:true}\">\u00a0<\/span><\/p>\n<p><b><span data-contrast=\"auto\">Una sfida e un invito per tutti<\/span><\/b><span data-ccp-props=\"{&quot;134233117&quot;:true,&quot;134233118&quot;:true}\">\u00a0<\/span><\/p>\n<p><span data-contrast=\"auto\">Per le organizzazioni: avere il coraggio di entrare in azienda, non solo per raccogliere fondi ma per raccontare il <\/span><b><span data-contrast=\"auto\">vero impatto<\/span><\/b><span data-contrast=\"auto\"> generato, fa la differenza.<\/span><br \/>\n<span data-contrast=\"auto\">Per le aziende: far <\/span><b><span data-contrast=\"auto\">vivere<\/span><\/b><span data-contrast=\"auto\"> la CSR ai propri collaboratori, lasciando spazio a iniziative partecipative, trasparenti e co-progettate, \u00e8 vincente. Perch\u00e9 in fondo \u2014 e i numeri lo dimostrano \u2014 <\/span><b><span data-contrast=\"auto\">le persone sono pronte<\/span><\/b><span data-contrast=\"auto\"> a donare, a mettersi in gioco e a diventare ambasciatori di un cambiamento collettivo.<\/span><span data-ccp-props=\"{&quot;134233117&quot;:true,&quot;134233118&quot;:true}\">\u00a0<\/span><\/p>\n<p><b><span data-contrast=\"auto\">Il dono \u00e8 costruire. Insieme.<\/span><\/b><span data-ccp-props=\"{&quot;134233117&quot;:true,&quot;134233118&quot;:true}\">\u00a0<\/span><\/p>\n","protected":false},"excerpt":{"rendered":"<p>C\u2019\u00e8 un dato, tra quelli emersi dall\u2019ultima edizione di Donare 3.0, che dice pi\u00f9 di tante slide: un dipendente su tre sa che la propria azienda dona, ma solo la&#8230;<\/p>\n","protected":false},"author":6,"featured_media":4037,"comment_status":"closed","ping_status":"open","sticky":true,"template":"","format":"standard","meta":{"_acf_changed":false,"footnotes":""},"categories":[1,13],"tags":[35,31,37,29,39,28,36,34,33,30,32,38],"class_list":{"0":"post-4032","1":"post","2":"type-post","3":"status-publish","4":"format-standard","5":"has-post-thumbnail","7":"category-community","8":"category-crowdfunding","9":"tag-charity-program-aziendali","10":"tag-coinvolgimento-dipendenti-csr","11":"tag-crowdfunding-e-csr","12":"tag-csr-e-comunita","13":"tag-cultura-del-dono-in-azienda","14":"tag-dono-e-aziende","15":"tag-impatto-sociale-delle-donazioni","16":"tag-personal-fundraising-aziendale","17":"tag-progetti-sociali-aziendali","18":"tag-responsabilita-sociale-dimpresa","19":"tag-solidarieta-aziendale","20":"tag-storytelling-per-il-non-profit"},"acf":{"homepage_rdd":true},"yoast_head":"<!-- This site is optimized with the Yoast SEO plugin v27.5 - https:\/\/yoast.com\/product\/yoast-seo-wordpress\/ -->\n<title>Dono e Aziende: dalla CSR alla comunit\u00e0. Perch\u00e9 la solidariet\u00e0 ha bisogno di persone, non solo di budget! - Rete del Dono Magazine<\/title>\n<meta name=\"description\" content=\"Scopri come le aziende possono trasformare la CSR in esperienze condivise e creare valore reale per comunit\u00e0 e dipendenti. La solidariet\u00e0 non \u00e8 solo budget: servono persone, storie e relazioni autentiche.\" \/>\n<meta name=\"robots\" content=\"index, follow, max-snippet:-1, max-image-preview:large, max-video-preview:-1\" \/>\n<link rel=\"canonical\" href=\"https:\/\/www.retedeldono.it\/magazine\/dono-e-imprese-dalla-csr-alla-comunita-perche-la-solidarieta-ha-bisogno-di-personenon-solo-di-budget\/\" \/>\n<meta property=\"og:locale\" content=\"it_IT\" \/>\n<meta property=\"og:type\" content=\"article\" \/>\n<meta property=\"og:title\" content=\"Dono e Aziende: dalla CSR alla comunit\u00e0. Perch\u00e9 la solidariet\u00e0 ha bisogno di persone, non solo di budget!\" \/>\n<meta property=\"og:description\" content=\"Scopri come le aziende possono trasformare la CSR in esperienze condivise e creare valore reale per comunit\u00e0 e dipendenti. La solidariet\u00e0 non \u00e8 solo budget: servono persone, storie e relazioni autentiche.\" \/>\n<meta property=\"og:url\" content=\"https:\/\/www.retedeldono.it\/magazine\/dono-e-imprese-dalla-csr-alla-comunita-perche-la-solidarieta-ha-bisogno-di-personenon-solo-di-budget\/\" \/>\n<meta property=\"og:site_name\" content=\"Rete del Dono Magazine\" \/>\n<meta property=\"article:publisher\" content=\"https:\/\/www.facebook.com\/retedeldono\/\" \/>\n<meta property=\"article:published_time\" content=\"2025-09-03T13:41:50+00:00\" \/>\n<meta property=\"article:modified_time\" content=\"2025-09-09T08:29:23+00:00\" \/>\n<meta property=\"og:image\" content=\"https:\/\/magazine.retedeldono.it\/wp-content\/uploads\/2025\/09\/Donare3.0_aziende_25.jpg\" \/>\n\t<meta property=\"og:image:width\" content=\"960\" \/>\n\t<meta property=\"og:image:height\" content=\"1035\" \/>\n\t<meta property=\"og:image:type\" content=\"image\/jpeg\" \/>\n<meta name=\"author\" content=\"Valeria Vitali\" \/>\n<meta name=\"twitter:card\" content=\"summary_large_image\" \/>\n<meta name=\"twitter:label1\" content=\"Scritto da\" \/>\n\t<meta name=\"twitter:data1\" content=\"Valeria Vitali\" \/>\n\t<meta name=\"twitter:label2\" content=\"Tempo di lettura stimato\" \/>\n\t<meta name=\"twitter:data2\" content=\"5 minuti\" \/>\n<script type=\"application\/ld+json\" class=\"yoast-schema-graph\">{\"@context\":\"https:\\\/\\\/schema.org\",\"@graph\":[{\"@type\":\"Article\",\"@id\":\"https:\\\/\\\/www.retedeldono.it\\\/magazine\\\/dono-e-imprese-dalla-csr-alla-comunita-perche-la-solidarieta-ha-bisogno-di-personenon-solo-di-budget\\\/#article\",\"isPartOf\":{\"@id\":\"https:\\\/\\\/www.retedeldono.it\\\/magazine\\\/dono-e-imprese-dalla-csr-alla-comunita-perche-la-solidarieta-ha-bisogno-di-personenon-solo-di-budget\\\/\"},\"author\":{\"name\":\"Valeria Vitali\",\"@id\":\"https:\\\/\\\/www.retedeldono.it\\\/magazine\\\/#\\\/schema\\\/person\\\/c6beeb7b05f412d2823480967d76ad54\"},\"headline\":\"Dono e Aziende: dalla CSR alla comunit\u00e0. Perch\u00e9 la solidariet\u00e0 ha bisogno di persone, non solo di budget!\",\"datePublished\":\"2025-09-03T13:41:50+00:00\",\"dateModified\":\"2025-09-09T08:29:23+00:00\",\"mainEntityOfPage\":{\"@id\":\"https:\\\/\\\/www.retedeldono.it\\\/magazine\\\/dono-e-imprese-dalla-csr-alla-comunita-perche-la-solidarieta-ha-bisogno-di-personenon-solo-di-budget\\\/\"},\"wordCount\":716,\"image\":{\"@id\":\"https:\\\/\\\/www.retedeldono.it\\\/magazine\\\/dono-e-imprese-dalla-csr-alla-comunita-perche-la-solidarieta-ha-bisogno-di-personenon-solo-di-budget\\\/#primaryimage\"},\"thumbnailUrl\":\"https:\\\/\\\/magazine.retedeldono.it\\\/wp-content\\\/uploads\\\/2025\\\/09\\\/Donare3.0_aziende_25.jpg\",\"keywords\":[\"charity program aziendali\",\"coinvolgimento dipendenti CSR\",\"crowdfunding e CSR\",\"CSR e comunit\u00e0\",\"cultura del dono in azienda\",\"dono e aziende\",\"impatto sociale delle donazioni\",\"personal fundraising aziendale\",\"progetti sociali aziendali\",\"responsabilit\u00e0 sociale d\u2019impresa\",\"solidariet\u00e0 aziendale\",\"storytelling per il non profit\"],\"articleSection\":[\"Community\",\"Crowdfunding\"],\"inLanguage\":\"it-IT\"},{\"@type\":\"WebPage\",\"@id\":\"https:\\\/\\\/www.retedeldono.it\\\/magazine\\\/dono-e-imprese-dalla-csr-alla-comunita-perche-la-solidarieta-ha-bisogno-di-personenon-solo-di-budget\\\/\",\"url\":\"https:\\\/\\\/www.retedeldono.it\\\/magazine\\\/dono-e-imprese-dalla-csr-alla-comunita-perche-la-solidarieta-ha-bisogno-di-personenon-solo-di-budget\\\/\",\"name\":\"Dono e Aziende: dalla CSR alla comunit\u00e0. Perch\u00e9 la solidariet\u00e0 ha bisogno di persone, non solo di budget! - Rete del Dono Magazine\",\"isPartOf\":{\"@id\":\"https:\\\/\\\/www.retedeldono.it\\\/magazine\\\/#website\"},\"primaryImageOfPage\":{\"@id\":\"https:\\\/\\\/www.retedeldono.it\\\/magazine\\\/dono-e-imprese-dalla-csr-alla-comunita-perche-la-solidarieta-ha-bisogno-di-personenon-solo-di-budget\\\/#primaryimage\"},\"image\":{\"@id\":\"https:\\\/\\\/www.retedeldono.it\\\/magazine\\\/dono-e-imprese-dalla-csr-alla-comunita-perche-la-solidarieta-ha-bisogno-di-personenon-solo-di-budget\\\/#primaryimage\"},\"thumbnailUrl\":\"https:\\\/\\\/magazine.retedeldono.it\\\/wp-content\\\/uploads\\\/2025\\\/09\\\/Donare3.0_aziende_25.jpg\",\"datePublished\":\"2025-09-03T13:41:50+00:00\",\"dateModified\":\"2025-09-09T08:29:23+00:00\",\"author\":{\"@id\":\"https:\\\/\\\/www.retedeldono.it\\\/magazine\\\/#\\\/schema\\\/person\\\/c6beeb7b05f412d2823480967d76ad54\"},\"description\":\"Scopri come le aziende possono trasformare la CSR in esperienze condivise e creare valore reale per comunit\u00e0 e dipendenti. La solidariet\u00e0 non \u00e8 solo budget: servono persone, storie e relazioni autentiche.\",\"breadcrumb\":{\"@id\":\"https:\\\/\\\/www.retedeldono.it\\\/magazine\\\/dono-e-imprese-dalla-csr-alla-comunita-perche-la-solidarieta-ha-bisogno-di-personenon-solo-di-budget\\\/#breadcrumb\"},\"inLanguage\":\"it-IT\",\"potentialAction\":[{\"@type\":\"ReadAction\",\"target\":[\"https:\\\/\\\/www.retedeldono.it\\\/magazine\\\/dono-e-imprese-dalla-csr-alla-comunita-perche-la-solidarieta-ha-bisogno-di-personenon-solo-di-budget\\\/\"]}]},{\"@type\":\"ImageObject\",\"inLanguage\":\"it-IT\",\"@id\":\"https:\\\/\\\/www.retedeldono.it\\\/magazine\\\/dono-e-imprese-dalla-csr-alla-comunita-perche-la-solidarieta-ha-bisogno-di-personenon-solo-di-budget\\\/#primaryimage\",\"url\":\"https:\\\/\\\/magazine.retedeldono.it\\\/wp-content\\\/uploads\\\/2025\\\/09\\\/Donare3.0_aziende_25.jpg\",\"contentUrl\":\"https:\\\/\\\/magazine.retedeldono.it\\\/wp-content\\\/uploads\\\/2025\\\/09\\\/Donare3.0_aziende_25.jpg\",\"width\":960,\"height\":1035,\"caption\":\"A che punto siamo\"},{\"@type\":\"BreadcrumbList\",\"@id\":\"https:\\\/\\\/www.retedeldono.it\\\/magazine\\\/dono-e-imprese-dalla-csr-alla-comunita-perche-la-solidarieta-ha-bisogno-di-personenon-solo-di-budget\\\/#breadcrumb\",\"itemListElement\":[{\"@type\":\"ListItem\",\"position\":1,\"name\":\"Home\",\"item\":\"https:\\\/\\\/www.retedeldono.it\\\/magazine\\\/\"},{\"@type\":\"ListItem\",\"position\":2,\"name\":\"Dono e Aziende: dalla CSR alla comunit\u00e0. Perch\u00e9 la solidariet\u00e0 ha bisogno di persone, non solo di budget!\"}]},{\"@type\":\"WebSite\",\"@id\":\"https:\\\/\\\/www.retedeldono.it\\\/magazine\\\/#website\",\"url\":\"https:\\\/\\\/www.retedeldono.it\\\/magazine\\\/\",\"name\":\"Rete del Dono Magazine\",\"description\":\"Rete del Dono Magazine\",\"potentialAction\":[{\"@type\":\"SearchAction\",\"target\":{\"@type\":\"EntryPoint\",\"urlTemplate\":\"https:\\\/\\\/www.retedeldono.it\\\/magazine\\\/?s={search_term_string}\"},\"query-input\":{\"@type\":\"PropertyValueSpecification\",\"valueRequired\":true,\"valueName\":\"search_term_string\"}}],\"inLanguage\":\"it-IT\"},{\"@type\":\"Person\",\"@id\":\"https:\\\/\\\/www.retedeldono.it\\\/magazine\\\/#\\\/schema\\\/person\\\/c6beeb7b05f412d2823480967d76ad54\",\"name\":\"Valeria Vitali\",\"image\":{\"@type\":\"ImageObject\",\"inLanguage\":\"it-IT\",\"@id\":\"https:\\\/\\\/secure.gravatar.com\\\/avatar\\\/ed06510965ea97eb2f14540fc0327ce5bf65b10d085192ae3b38003a07ff151a?s=96&d=mm&r=g\",\"url\":\"https:\\\/\\\/secure.gravatar.com\\\/avatar\\\/ed06510965ea97eb2f14540fc0327ce5bf65b10d085192ae3b38003a07ff151a?s=96&d=mm&r=g\",\"contentUrl\":\"https:\\\/\\\/secure.gravatar.com\\\/avatar\\\/ed06510965ea97eb2f14540fc0327ce5bf65b10d085192ae3b38003a07ff151a?s=96&d=mm&r=g\",\"caption\":\"Valeria Vitali\"},\"description\":\"Dopo una laurea in Scienze Politiche presso Universit\u00e0 degli studi di Pavia e un Master in Cooperazione e Sviluppo a Barcellona, ha iniziato il suo percorso professionale in Italia, occupandosi di comunicazione, per poi allargare i suoi orizzonti all\u2019estero. \u00c8 proprio qui che nasce l\u2019idea di Rete del Dono, l\u2019idea di diffondere in Italia una rivoluzione culturale che avvicini le persone al dono, inteso come gesto di impegno civile. L\u2019innovazione digitale ha fatto la sua parte, facilitando e dando maggior concretezza a questo progetto costruito insieme ad Anna Siccardi.\",\"url\":\"https:\\\/\\\/www.retedeldono.it\\\/magazine\\\/author\\\/valeria-vitali\\\/\"}]}<\/script>\n<!-- \/ Yoast SEO plugin. -->","yoast_head_json":{"title":"Dono e Aziende: dalla CSR alla comunit\u00e0. Perch\u00e9 la solidariet\u00e0 ha bisogno di persone, non solo di budget! - Rete del Dono Magazine","description":"Scopri come le aziende possono trasformare la CSR in esperienze condivise e creare valore reale per comunit\u00e0 e dipendenti. La solidariet\u00e0 non \u00e8 solo budget: servono persone, storie e relazioni autentiche.","robots":{"index":"index","follow":"follow","max-snippet":"max-snippet:-1","max-image-preview":"max-image-preview:large","max-video-preview":"max-video-preview:-1"},"canonical":"https:\/\/www.retedeldono.it\/magazine\/dono-e-imprese-dalla-csr-alla-comunita-perche-la-solidarieta-ha-bisogno-di-personenon-solo-di-budget\/","og_locale":"it_IT","og_type":"article","og_title":"Dono e Aziende: dalla CSR alla comunit\u00e0. Perch\u00e9 la solidariet\u00e0 ha bisogno di persone, non solo di budget!","og_description":"Scopri come le aziende possono trasformare la CSR in esperienze condivise e creare valore reale per comunit\u00e0 e dipendenti. La solidariet\u00e0 non \u00e8 solo budget: servono persone, storie e relazioni autentiche.","og_url":"https:\/\/www.retedeldono.it\/magazine\/dono-e-imprese-dalla-csr-alla-comunita-perche-la-solidarieta-ha-bisogno-di-personenon-solo-di-budget\/","og_site_name":"Rete del Dono Magazine","article_publisher":"https:\/\/www.facebook.com\/retedeldono\/","article_published_time":"2025-09-03T13:41:50+00:00","article_modified_time":"2025-09-09T08:29:23+00:00","og_image":[{"width":960,"height":1035,"url":"https:\/\/magazine.retedeldono.it\/wp-content\/uploads\/2025\/09\/Donare3.0_aziende_25.jpg","type":"image\/jpeg"}],"author":"Valeria Vitali","twitter_card":"summary_large_image","twitter_misc":{"Scritto da":"Valeria Vitali","Tempo di lettura stimato":"5 minuti"},"schema":{"@context":"https:\/\/schema.org","@graph":[{"@type":"Article","@id":"https:\/\/www.retedeldono.it\/magazine\/dono-e-imprese-dalla-csr-alla-comunita-perche-la-solidarieta-ha-bisogno-di-personenon-solo-di-budget\/#article","isPartOf":{"@id":"https:\/\/www.retedeldono.it\/magazine\/dono-e-imprese-dalla-csr-alla-comunita-perche-la-solidarieta-ha-bisogno-di-personenon-solo-di-budget\/"},"author":{"name":"Valeria Vitali","@id":"https:\/\/www.retedeldono.it\/magazine\/#\/schema\/person\/c6beeb7b05f412d2823480967d76ad54"},"headline":"Dono e Aziende: dalla CSR alla comunit\u00e0. Perch\u00e9 la solidariet\u00e0 ha bisogno di persone, non solo di budget!","datePublished":"2025-09-03T13:41:50+00:00","dateModified":"2025-09-09T08:29:23+00:00","mainEntityOfPage":{"@id":"https:\/\/www.retedeldono.it\/magazine\/dono-e-imprese-dalla-csr-alla-comunita-perche-la-solidarieta-ha-bisogno-di-personenon-solo-di-budget\/"},"wordCount":716,"image":{"@id":"https:\/\/www.retedeldono.it\/magazine\/dono-e-imprese-dalla-csr-alla-comunita-perche-la-solidarieta-ha-bisogno-di-personenon-solo-di-budget\/#primaryimage"},"thumbnailUrl":"https:\/\/magazine.retedeldono.it\/wp-content\/uploads\/2025\/09\/Donare3.0_aziende_25.jpg","keywords":["charity program aziendali","coinvolgimento dipendenti CSR","crowdfunding e CSR","CSR e comunit\u00e0","cultura del dono in azienda","dono e aziende","impatto sociale delle donazioni","personal fundraising aziendale","progetti sociali aziendali","responsabilit\u00e0 sociale d\u2019impresa","solidariet\u00e0 aziendale","storytelling per il non profit"],"articleSection":["Community","Crowdfunding"],"inLanguage":"it-IT"},{"@type":"WebPage","@id":"https:\/\/www.retedeldono.it\/magazine\/dono-e-imprese-dalla-csr-alla-comunita-perche-la-solidarieta-ha-bisogno-di-personenon-solo-di-budget\/","url":"https:\/\/www.retedeldono.it\/magazine\/dono-e-imprese-dalla-csr-alla-comunita-perche-la-solidarieta-ha-bisogno-di-personenon-solo-di-budget\/","name":"Dono e Aziende: dalla CSR alla comunit\u00e0. Perch\u00e9 la solidariet\u00e0 ha bisogno di persone, non solo di budget! - Rete del Dono Magazine","isPartOf":{"@id":"https:\/\/www.retedeldono.it\/magazine\/#website"},"primaryImageOfPage":{"@id":"https:\/\/www.retedeldono.it\/magazine\/dono-e-imprese-dalla-csr-alla-comunita-perche-la-solidarieta-ha-bisogno-di-personenon-solo-di-budget\/#primaryimage"},"image":{"@id":"https:\/\/www.retedeldono.it\/magazine\/dono-e-imprese-dalla-csr-alla-comunita-perche-la-solidarieta-ha-bisogno-di-personenon-solo-di-budget\/#primaryimage"},"thumbnailUrl":"https:\/\/magazine.retedeldono.it\/wp-content\/uploads\/2025\/09\/Donare3.0_aziende_25.jpg","datePublished":"2025-09-03T13:41:50+00:00","dateModified":"2025-09-09T08:29:23+00:00","author":{"@id":"https:\/\/www.retedeldono.it\/magazine\/#\/schema\/person\/c6beeb7b05f412d2823480967d76ad54"},"description":"Scopri come le aziende possono trasformare la CSR in esperienze condivise e creare valore reale per comunit\u00e0 e dipendenti. La solidariet\u00e0 non \u00e8 solo budget: servono persone, storie e relazioni autentiche.","breadcrumb":{"@id":"https:\/\/www.retedeldono.it\/magazine\/dono-e-imprese-dalla-csr-alla-comunita-perche-la-solidarieta-ha-bisogno-di-personenon-solo-di-budget\/#breadcrumb"},"inLanguage":"it-IT","potentialAction":[{"@type":"ReadAction","target":["https:\/\/www.retedeldono.it\/magazine\/dono-e-imprese-dalla-csr-alla-comunita-perche-la-solidarieta-ha-bisogno-di-personenon-solo-di-budget\/"]}]},{"@type":"ImageObject","inLanguage":"it-IT","@id":"https:\/\/www.retedeldono.it\/magazine\/dono-e-imprese-dalla-csr-alla-comunita-perche-la-solidarieta-ha-bisogno-di-personenon-solo-di-budget\/#primaryimage","url":"https:\/\/magazine.retedeldono.it\/wp-content\/uploads\/2025\/09\/Donare3.0_aziende_25.jpg","contentUrl":"https:\/\/magazine.retedeldono.it\/wp-content\/uploads\/2025\/09\/Donare3.0_aziende_25.jpg","width":960,"height":1035,"caption":"A che punto siamo"},{"@type":"BreadcrumbList","@id":"https:\/\/www.retedeldono.it\/magazine\/dono-e-imprese-dalla-csr-alla-comunita-perche-la-solidarieta-ha-bisogno-di-personenon-solo-di-budget\/#breadcrumb","itemListElement":[{"@type":"ListItem","position":1,"name":"Home","item":"https:\/\/www.retedeldono.it\/magazine\/"},{"@type":"ListItem","position":2,"name":"Dono e Aziende: dalla CSR alla comunit\u00e0. Perch\u00e9 la solidariet\u00e0 ha bisogno di persone, non solo di budget!"}]},{"@type":"WebSite","@id":"https:\/\/www.retedeldono.it\/magazine\/#website","url":"https:\/\/www.retedeldono.it\/magazine\/","name":"Rete del Dono Magazine","description":"Rete del Dono Magazine","potentialAction":[{"@type":"SearchAction","target":{"@type":"EntryPoint","urlTemplate":"https:\/\/www.retedeldono.it\/magazine\/?s={search_term_string}"},"query-input":{"@type":"PropertyValueSpecification","valueRequired":true,"valueName":"search_term_string"}}],"inLanguage":"it-IT"},{"@type":"Person","@id":"https:\/\/www.retedeldono.it\/magazine\/#\/schema\/person\/c6beeb7b05f412d2823480967d76ad54","name":"Valeria Vitali","image":{"@type":"ImageObject","inLanguage":"it-IT","@id":"https:\/\/secure.gravatar.com\/avatar\/ed06510965ea97eb2f14540fc0327ce5bf65b10d085192ae3b38003a07ff151a?s=96&d=mm&r=g","url":"https:\/\/secure.gravatar.com\/avatar\/ed06510965ea97eb2f14540fc0327ce5bf65b10d085192ae3b38003a07ff151a?s=96&d=mm&r=g","contentUrl":"https:\/\/secure.gravatar.com\/avatar\/ed06510965ea97eb2f14540fc0327ce5bf65b10d085192ae3b38003a07ff151a?s=96&d=mm&r=g","caption":"Valeria Vitali"},"description":"Dopo una laurea in Scienze Politiche presso Universit\u00e0 degli studi di Pavia e un Master in Cooperazione e Sviluppo a Barcellona, ha iniziato il suo percorso professionale in Italia, occupandosi di comunicazione, per poi allargare i suoi orizzonti all\u2019estero. \u00c8 proprio qui che nasce l\u2019idea di Rete del Dono, l\u2019idea di diffondere in Italia una rivoluzione culturale che avvicini le persone al dono, inteso come gesto di impegno civile. L\u2019innovazione digitale ha fatto la sua parte, facilitando e dando maggior concretezza a questo progetto costruito insieme ad Anna Siccardi.","url":"https:\/\/www.retedeldono.it\/magazine\/author\/valeria-vitali\/"}]}},"_links":{"self":[{"href":"https:\/\/www.retedeldono.it\/magazine\/wp-json\/wp\/v2\/posts\/4032","targetHints":{"allow":["GET"]}}],"collection":[{"href":"https:\/\/www.retedeldono.it\/magazine\/wp-json\/wp\/v2\/posts"}],"about":[{"href":"https:\/\/www.retedeldono.it\/magazine\/wp-json\/wp\/v2\/types\/post"}],"author":[{"embeddable":true,"href":"https:\/\/www.retedeldono.it\/magazine\/wp-json\/wp\/v2\/users\/6"}],"replies":[{"embeddable":true,"href":"https:\/\/www.retedeldono.it\/magazine\/wp-json\/wp\/v2\/comments?post=4032"}],"version-history":[{"count":8,"href":"https:\/\/www.retedeldono.it\/magazine\/wp-json\/wp\/v2\/posts\/4032\/revisions"}],"predecessor-version":[{"id":4047,"href":"https:\/\/www.retedeldono.it\/magazine\/wp-json\/wp\/v2\/posts\/4032\/revisions\/4047"}],"wp:featuredmedia":[{"embeddable":true,"href":"https:\/\/www.retedeldono.it\/magazine\/wp-json\/wp\/v2\/media\/4037"}],"wp:attachment":[{"href":"https:\/\/www.retedeldono.it\/magazine\/wp-json\/wp\/v2\/media?parent=4032"}],"wp:term":[{"taxonomy":"category","embeddable":true,"href":"https:\/\/www.retedeldono.it\/magazine\/wp-json\/wp\/v2\/categories?post=4032"},{"taxonomy":"post_tag","embeddable":true,"href":"https:\/\/www.retedeldono.it\/magazine\/wp-json\/wp\/v2\/tags?post=4032"}],"curies":[{"name":"wp","href":"https:\/\/api.w.org\/{rel}","templated":true}]}}