{"id":547,"date":"2022-03-19T07:33:00","date_gmt":"2022-03-19T07:33:00","guid":{"rendered":"https:\/\/www.retedeldono.it\/magazine\/?p=547"},"modified":"2025-12-05T16:37:47","modified_gmt":"2025-12-05T16:37:47","slug":"personal-fundraising","status":"publish","type":"post","link":"https:\/\/www.retedeldono.it\/magazine\/personal-fundraising\/","title":{"rendered":"Personal fundraising: cos&#8217;\u00e8 e come farlo in modo efficace"},"content":{"rendered":"[vc_row type=&#8221;in_container&#8221; full_screen_row_position=&#8221;middle&#8221; column_margin=&#8221;default&#8221; column_direction=&#8221;default&#8221; column_direction_tablet=&#8221;default&#8221; column_direction_phone=&#8221;default&#8221; scene_position=&#8221;center&#8221; text_color=&#8221;dark&#8221; text_align=&#8221;left&#8221; row_border_radius=&#8221;none&#8221; row_border_radius_applies=&#8221;bg&#8221; overflow=&#8221;visible&#8221; overlay_strength=&#8221;0.3&#8243; gradient_direction=&#8221;left_to_right&#8221; shape_divider_position=&#8221;bottom&#8221; bg_image_animation=&#8221;none&#8221;][vc_column column_padding=&#8221;no-extra-padding&#8221; column_padding_tablet=&#8221;inherit&#8221; column_padding_phone=&#8221;inherit&#8221; column_padding_position=&#8221;all&#8221; column_element_spacing=&#8221;default&#8221; background_color_opacity=&#8221;1&#8243; background_hover_color_opacity=&#8221;1&#8243; column_shadow=&#8221;none&#8221; column_border_radius=&#8221;none&#8221; column_link_target=&#8221;_self&#8221; column_position=&#8221;default&#8221; gradient_direction=&#8221;left_to_right&#8221; overlay_strength=&#8221;0.3&#8243; width=&#8221;1\/1&#8243; tablet_width_inherit=&#8221;default&#8221; tablet_text_alignment=&#8221;default&#8221; phone_text_alignment=&#8221;default&#8221; animation_type=&#8221;default&#8221; bg_image_animation=&#8221;none&#8221; border_type=&#8221;simple&#8221; column_border_width=&#8221;none&#8221; column_border_style=&#8221;solid&#8221;][vc_column_text]\r\n<h2 class=\"wp-block-heading\">Il personal fundraising rappresenta il motore delle campagne di crowdfunding. Un contributo fondamentale da parte di un donatore che sceglie di attivarsi in prima persona con la propria raccolta fondi, coinvolgendo la sua rete di conoscenze per raggiungere un obiettivo<\/h2>\r\n\r\n<p>&nbsp;<\/p>\r\n\r\n<div class=\"wp-block-spacer\" style=\"height: 50px;\" aria-hidden=\"true\">\u00a0<\/div>\r\n\r\n<p>Il <strong>personal fundraising<\/strong> \u00e8 una <strong>campagna di raccolta fondi<\/strong> attivata e portata avanti da una <strong>singola persona<\/strong>, o da un piccolo <strong>gruppo di persone<\/strong>, per promuovere un <strong>proprio progetto<\/strong> o per raccogliere fondi per una <strong>organizzazione non profit<\/strong>. Si tratta di un metodo molto efficace perch\u00e9 si basa sulla <strong>forte motivazione<\/strong> del personal fundraiser. E sulla sua capacit\u00e0 di attivare una <strong>rete di relazioni<\/strong>. Il personal fundraising pu\u00f2 essere considerato il <strong>motore<\/strong> delle <strong>campagne di crowdfunding<\/strong>. Va oltre la semplice <strong>beneficenza<\/strong>, perch\u00e9 attiva una <strong>sfera progettuale<\/strong> e la voglia di <strong>lavorare insieme<\/strong> per un progetto dall\u2019impatto positivo sulla societ\u00e0. Rappresenta quindi un\u2019attivit\u00e0 che merita di essere <strong>coltivata<\/strong> in quanto funzionale e benefica sia per chi la fa, sia per il riscontro che ha all\u2019esterno.<\/p>\r\n\r\n<p>&nbsp;<\/p>\r\n\r\n<div class=\"wp-block-spacer\" style=\"height: 50px;\" aria-hidden=\"true\">\u00a0<\/div>\r\n\r\n<p>&nbsp;<\/p>\r\n\r\n<div class=\"wp-block-buttons is-layout-flex wp-block-buttons-is-layout-flex\">\r\n<div class=\"wp-block-button\"><strong><a class=\"wp-block-button__link has-background\" style=\"border-radius: 15px; background-color: #e96f27;\" href=\"https:\/\/www.retedeldono.it\/search?utm_source=Blog&amp;utm_medium=direct&amp;utm_campaign=CTA_personal_fundraising_top\">Crea la tua raccolta fondi<\/a><\/strong><\/div>\r\n<\/div>\r\n\r\n<p>&nbsp;<\/p>\r\n\r\n<div class=\"wp-block-spacer\" style=\"height: 50px;\" aria-hidden=\"true\">\u00a0<\/div>\r\n\r\n<p>&nbsp;<\/p>\r\n\r\n<h2 class=\"wp-block-heading\">Chi \u00e8 il personal fundraiser<\/h2>\r\n\r\n<p>Il <strong>personal fundraiser<\/strong> \u00e8 una persona che, attivandosi in<strong> prima persona<\/strong>, decide di aprire una <strong>raccolta fondi<\/strong> per un progetto di <strong>utilit\u00e0 sociale<\/strong> a sostegno di un\u2019organizzazione non profit o ente del <strong><a href=\"https:\/\/www.retedeldono.it\/magazine\/terzo-settore\/\">Terzo settore<\/a><\/strong>. Il personal fundraiser \u00e8 una persona <strong>profondamente motivata<\/strong>. Un volontario che sceglie liberamente di dedicare il suo tempo ad una buona causa e che crede nel <strong>valore del dono<\/strong>. Non si limita, infatti, ad effettuare una <strong>donazione online<\/strong>, ma dona anche il suo <strong>tempo<\/strong>, le sue <strong>competenze<\/strong> e i suoi <strong>contatti<\/strong>. Perch\u00e9 lo fa? Prima di tutto, perch\u00e9 \u00e8 guidato da un forte <strong>senso civico<\/strong> e dai valori di <strong>condivisione<\/strong>, <strong>fratellanza<\/strong>, sostegno, ma anche <strong>autorealizzazione<\/strong>. Infatti, impegnarsi per fare del bene fa stare bene! In questa attivit\u00e0 c\u2019\u00e8 quindi sicuramente anche una componente di <strong>appagamento<\/strong> e di sano <strong>divertimento<\/strong>.<\/p>\r\n\r\n<p>&nbsp;<\/p>\r\n\r\n<div class=\"wp-block-spacer\" style=\"height: 50px;\" aria-hidden=\"true\">\u00a0<\/div>\r\n\r\n<p>&nbsp;<\/p>\r\n\r\n<h2 class=\"wp-block-heading\">Crowdfunding e personal fundraising<\/h2>\r\n\r\n<p>Il personal fundraising \u00e8 pi\u00f9 importante di quanto si possa immaginare. In molti casi risulta <strong>fondamentale<\/strong> per raggiungere l\u2019<strong>obiettivo<\/strong> prefissato da una <strong>campagna di crowdfunding<\/strong>. Per un\u2019organizzazione \u00e8 quindi molto importante fidelizzare i donatori e individuare i <strong>potenziali<\/strong> <strong>personal fundraiser<\/strong>. Pu\u00f2 essere sicuramente utile offrire loro <strong>strumenti<\/strong> per muoversi pi\u00f9 agilmente nel mondo del fundraising e sul web. Anche se l\u2019aspetto pi\u00f9 importante sul quale puntare \u00e8 la loro abilit\u00e0 nel <strong>connettere le persone<\/strong>, per portare avanti un\u2019attivit\u00e0 di fundraising \u00e8 sempre necessario saper <strong>pianificare<\/strong> e <strong>progettare<\/strong> in modo strategico.<\/p>\r\n\r\n<p>Cos\u00ec, il fundraiser sar\u00e0 in grado di <strong>coinvolgere<\/strong> la sua comunit\u00e0 di riferimento, online e offline, ampliando la <strong>platea<\/strong> di <strong>potenziali donatori<\/strong>. Infine, occorre anche occuparsi dell\u2019attivit\u00e0 di <strong>rendicontazione<\/strong>, in modo da mantenere attiva la <strong>relazione con i donatori<\/strong>. Si deve imparare a ragionare sul <strong>lungo periodo<\/strong>, pi\u00f9 che puntare al raggiungimento di un obiettivo immediato. Il <strong>dialogo<\/strong> intrapreso con i donatori in occasione di una campagna di crowdfunding deve essere portato avanti e coltivato con grande cura perch\u00e9 rappresenta il <strong>bene pi\u00f9 prezioso<\/strong>.<\/p>\r\n\r\n<p>&nbsp;<\/p>\r\n\r\n<div class=\"wp-block-spacer\" style=\"height: 50px;\" aria-hidden=\"true\">\u00a0<\/div>\r\n\r\n<p>&nbsp;<\/p>\r\n\r\n<div class=\"wp-block-buttons is-layout-flex wp-block-buttons-is-layout-flex\">\r\n<div class=\"wp-block-button\"><strong><a class=\"wp-block-button__link has-background\" style=\"border-radius: 15px; background-color: #e96f27;\" href=\"https:\/\/www.retedeldono.it\/search?utm_source=Blog&amp;utm_medium=direct&amp;utm_campaign=CTA_personal_fundraising_central\">Crea la tua raccolta fondi<\/a><\/strong><\/div>\r\n<\/div>\r\n\r\n<p>&nbsp;<\/p>\r\n\r\n<div class=\"wp-block-spacer\" style=\"height: 50px;\" aria-hidden=\"true\">\u00a0<\/div>\r\n\r\n<p>&nbsp;<\/p>\r\n\r\n<h2 class=\"wp-block-heading\">Come attivare una campagna<\/h2>\r\n\r\n<p>Il personal fundraiser si appoggia normalmente alle <strong>piattaforme di crowdfunding online<\/strong>, tramite le quali pu\u00f2 scegliere se attivare una campagna dedicata ad un suo <strong>progetto autonomo<\/strong> oppure sostenere un progetto promosso da un\u2019<strong>altra organizzazione<\/strong>. In questo secondo caso, il personal fundraiser crea una raccolta fondi online \u201c<strong>mettendoci la faccia<\/strong>\u201d. La condivide tramite i <strong>social network<\/strong>, ne parla con amici e conoscenti e si dedica ad una vera e propria attivit\u00e0 di <strong>pubbliche relazioni<\/strong>. Poi devolve il ricavato all\u2019organizzazione con la quale ha deciso di collaborare. Spesso il personal fundraiser sostiene anche <strong>pi\u00f9 progetti contemporaneamente<\/strong>, essendo motivato non tanto a raggiungere uno specifico obiettivo, quanto a fare del bene e ad offrire il proprio contributo.<\/p>\r\n\r\n<p>&nbsp;<\/p>\r\n\r\n<div class=\"wp-block-spacer\" style=\"height: 50px;\" aria-hidden=\"true\">\u00a0<\/div>\r\n\r\n<p>&nbsp;<\/p>\r\n\r\n<h2 class=\"wp-block-heading\">Chi pu\u00f2 fare personal fundraising<\/h2>\r\n\r\n<p>La risposta \u00e8 semplice: <strong>chiunque<\/strong> pu\u00f2 fare personal fundraising online. Basta sapersi orientare minimamente nel mondo delle <strong>piattaforme di crowdfunding<\/strong>, che comunque forniscono sempre tutte le <strong>informazioni necessarie<\/strong> per attivarsi e dare il proprio contributo. La prima scelta, per chi voglia intraprendere questa strada, \u00e8 se promuovere un <strong>progetto personale<\/strong> oppure sostenere una realt\u00e0 <strong>gi\u00e0 presente<\/strong> sulle piattaforme. Naturalmente una scelta non esclude l\u2019altra. Dal punto di vista delle organizzazioni, \u00e8 sicuramente pi\u00f9 facile per le realt\u00e0 attorno alle quali ruota un <strong>grande numero<\/strong> di <strong>volontari<\/strong> e una <strong>comunit\u00e0 attiva<\/strong> e radicata individuare dei potenziali <strong>personal fundraiser<\/strong>.<\/p>\r\n\r\n<p>Tuttavia, anche le <strong>associazioni pi\u00f9 piccole<\/strong> possono riuscirci, specialmente se hanno attivato un legame con il <strong>territorio<\/strong>. L\u2019online \u00e8 sempre molto utile, ma si pu\u00f2 iniziare a lavorare ad un progetto condiviso anche <strong>incontrandosi di persona<\/strong>. Lo stesso fundraiser dovr\u00e0 poi attivarsi su entrambi i fronti, anche parlando <strong>faccia a faccia<\/strong> con conoscenti e abitanti della sua citt\u00e0. Da non sottovalutare infine il ruolo che possono svolgere le <strong>aziende<\/strong>: spesso, tramite lo strumento del <strong><a href=\"https:\/\/www.retedeldono.it\/magazine\/volontariato-aziendale\/\">volontariato aziendale<\/a><\/strong>, i datori di lavoro si mostrano interessati a dedicare una parte del tempo dei propri dipendenti ad una buona causa.<\/p>\r\n\r\n<p>&nbsp;<\/p>\r\n\r\n<div class=\"wp-block-spacer\" style=\"height: 50px;\" aria-hidden=\"true\">\u00a0<\/div>\r\n\r\n<p>&nbsp;<\/p>\r\n\r\n<div class=\"wp-block-buttons is-layout-flex wp-block-buttons-is-layout-flex\">\r\n<div class=\"wp-block-button\"><strong><a class=\"wp-block-button__link has-background\" style=\"border-radius: 15px; background-color: #e96f27;\" href=\"https:\/\/www.retedeldono.it\/search?utm_source=Blog&amp;utm_medium=direct&amp;utm_campaign=CTA_personal_fundraising_down\">Crea la tua raccolta fondi<\/a><\/strong><\/div>\r\n<\/div>\r\n\r\n<p>&nbsp;<\/p>\r\n[\/vc_column_text][\/vc_column][\/vc_row]","protected":false},"excerpt":{"rendered":"<p>[vc_row type=&#8221;in_container&#8221; full_screen_row_position=&#8221;middle&#8221; column_margin=&#8221;default&#8221; column_direction=&#8221;default&#8221; column_direction_tablet=&#8221;default&#8221; column_direction_phone=&#8221;default&#8221; scene_position=&#8221;center&#8221; text_color=&#8221;dark&#8221; text_align=&#8221;left&#8221; row_border_radius=&#8221;none&#8221; row_border_radius_applies=&#8221;bg&#8221; overflow=&#8221;visible&#8221; overlay_strength=&#8221;0.3&#8243; gradient_direction=&#8221;left_to_right&#8221; shape_divider_position=&#8221;bottom&#8221; bg_image_animation=&#8221;none&#8221;][vc_column column_padding=&#8221;no-extra-padding&#8221; column_padding_tablet=&#8221;inherit&#8221; column_padding_phone=&#8221;inherit&#8221; column_padding_position=&#8221;all&#8221; column_element_spacing=&#8221;default&#8221; background_color_opacity=&#8221;1&#8243; background_hover_color_opacity=&#8221;1&#8243; column_shadow=&#8221;none&#8221; column_border_radius=&#8221;none&#8221; column_link_target=&#8221;_self&#8221; column_position=&#8221;default&#8221; gradient_direction=&#8221;left_to_right&#8221; overlay_strength=&#8221;0.3&#8243;&#8230;<\/p>\n","protected":false},"author":7,"featured_media":726,"comment_status":"open","ping_status":"open","sticky":false,"template":"","format":"standard","meta":{"_acf_changed":false,"footnotes":""},"categories":[17],"tags":[],"class_list":{"0":"post-547","1":"post","2":"type-post","3":"status-publish","4":"format-standard","5":"has-post-thumbnail","7":"category-fundraising"},"acf":{"homepage_rdd":false},"yoast_head":"<!-- This site is optimized with the Yoast SEO plugin v27.5 - https:\/\/yoast.com\/product\/yoast-seo-wordpress\/ -->\n<title>Personal fundraising: cos&#039;\u00e8 e come farlo in modo efficace -<\/title>\n<meta name=\"description\" content=\"Il personal fundraising \u00e8 un contributo fondamentale da parte di un donatore che sceglie di attivarsi in prima persona\" \/>\n<meta name=\"robots\" content=\"index, follow, max-snippet:-1, max-image-preview:large, max-video-preview:-1\" \/>\n<link rel=\"canonical\" href=\"https:\/\/www.retedeldono.it\/magazine\/personal-fundraising\/\" \/>\n<meta property=\"og:locale\" content=\"it_IT\" \/>\n<meta property=\"og:type\" content=\"article\" \/>\n<meta property=\"og:title\" content=\"Personal fundraising: cos&#039;\u00e8 e come farlo in modo efficace -\" \/>\n<meta property=\"og:description\" content=\"Il personal fundraising \u00e8 un contributo fondamentale da parte di un donatore che sceglie di attivarsi in prima persona\" \/>\n<meta property=\"og:url\" content=\"https:\/\/www.retedeldono.it\/magazine\/personal-fundraising\/\" \/>\n<meta property=\"og:site_name\" content=\"Rete del Dono Magazine\" \/>\n<meta property=\"article:publisher\" content=\"https:\/\/www.facebook.com\/retedeldono\/\" \/>\n<meta property=\"article:published_time\" content=\"2022-03-19T07:33:00+00:00\" \/>\n<meta property=\"article:modified_time\" content=\"2025-12-05T16:37:47+00:00\" \/>\n<meta property=\"og:image\" content=\"https:\/\/magazine.retedeldono.it\/wp-content\/uploads\/2022\/03\/rete-del-dono-personal-fundraising-magazine.png\" \/>\n\t<meta property=\"og:image:width\" content=\"1000\" \/>\n\t<meta property=\"og:image:height\" content=\"700\" \/>\n\t<meta property=\"og:image:type\" content=\"image\/png\" \/>\n<meta name=\"author\" content=\"Aldo Lubrani\" \/>\n<meta name=\"twitter:card\" content=\"summary_large_image\" \/>\n<meta name=\"twitter:label1\" content=\"Scritto da\" \/>\n\t<meta name=\"twitter:data1\" content=\"Aldo Lubrani\" \/>\n\t<meta name=\"twitter:label2\" content=\"Tempo di lettura stimato\" \/>\n\t<meta name=\"twitter:data2\" content=\"5 minuti\" \/>\n<script type=\"application\/ld+json\" class=\"yoast-schema-graph\">{\"@context\":\"https:\\\/\\\/schema.org\",\"@graph\":[{\"@type\":\"Article\",\"@id\":\"https:\\\/\\\/www.retedeldono.it\\\/magazine\\\/personal-fundraising\\\/#article\",\"isPartOf\":{\"@id\":\"https:\\\/\\\/www.retedeldono.it\\\/magazine\\\/personal-fundraising\\\/\"},\"author\":{\"name\":\"Aldo Lubrani\",\"@id\":\"https:\\\/\\\/www.retedeldono.it\\\/magazine\\\/#\\\/schema\\\/person\\\/19118fc3b527ea22d276cc2b446f7353\"},\"headline\":\"Personal fundraising: cos&#8217;\u00e8 e come farlo in modo efficace\",\"datePublished\":\"2022-03-19T07:33:00+00:00\",\"dateModified\":\"2025-12-05T16:37:47+00:00\",\"mainEntityOfPage\":{\"@id\":\"https:\\\/\\\/www.retedeldono.it\\\/magazine\\\/personal-fundraising\\\/\"},\"wordCount\":985,\"commentCount\":0,\"image\":{\"@id\":\"https:\\\/\\\/www.retedeldono.it\\\/magazine\\\/personal-fundraising\\\/#primaryimage\"},\"thumbnailUrl\":\"https:\\\/\\\/magazine.retedeldono.it\\\/wp-content\\\/uploads\\\/2022\\\/03\\\/rete-del-dono-personal-fundraising-magazine.png\",\"articleSection\":[\"Fundraising\"],\"inLanguage\":\"it-IT\",\"potentialAction\":[{\"@type\":\"CommentAction\",\"name\":\"Comment\",\"target\":[\"https:\\\/\\\/www.retedeldono.it\\\/magazine\\\/personal-fundraising\\\/#respond\"]}]},{\"@type\":\"WebPage\",\"@id\":\"https:\\\/\\\/www.retedeldono.it\\\/magazine\\\/personal-fundraising\\\/\",\"url\":\"https:\\\/\\\/www.retedeldono.it\\\/magazine\\\/personal-fundraising\\\/\",\"name\":\"Personal fundraising: cos'\u00e8 e come farlo in modo efficace -\",\"isPartOf\":{\"@id\":\"https:\\\/\\\/www.retedeldono.it\\\/magazine\\\/#website\"},\"primaryImageOfPage\":{\"@id\":\"https:\\\/\\\/www.retedeldono.it\\\/magazine\\\/personal-fundraising\\\/#primaryimage\"},\"image\":{\"@id\":\"https:\\\/\\\/www.retedeldono.it\\\/magazine\\\/personal-fundraising\\\/#primaryimage\"},\"thumbnailUrl\":\"https:\\\/\\\/magazine.retedeldono.it\\\/wp-content\\\/uploads\\\/2022\\\/03\\\/rete-del-dono-personal-fundraising-magazine.png\",\"datePublished\":\"2022-03-19T07:33:00+00:00\",\"dateModified\":\"2025-12-05T16:37:47+00:00\",\"author\":{\"@id\":\"https:\\\/\\\/www.retedeldono.it\\\/magazine\\\/#\\\/schema\\\/person\\\/19118fc3b527ea22d276cc2b446f7353\"},\"description\":\"Il personal fundraising \u00e8 un contributo fondamentale da parte di un donatore che sceglie di attivarsi in prima persona\",\"breadcrumb\":{\"@id\":\"https:\\\/\\\/www.retedeldono.it\\\/magazine\\\/personal-fundraising\\\/#breadcrumb\"},\"inLanguage\":\"it-IT\",\"potentialAction\":[{\"@type\":\"ReadAction\",\"target\":[\"https:\\\/\\\/www.retedeldono.it\\\/magazine\\\/personal-fundraising\\\/\"]}]},{\"@type\":\"ImageObject\",\"inLanguage\":\"it-IT\",\"@id\":\"https:\\\/\\\/www.retedeldono.it\\\/magazine\\\/personal-fundraising\\\/#primaryimage\",\"url\":\"https:\\\/\\\/magazine.retedeldono.it\\\/wp-content\\\/uploads\\\/2022\\\/03\\\/rete-del-dono-personal-fundraising-magazine.png\",\"contentUrl\":\"https:\\\/\\\/magazine.retedeldono.it\\\/wp-content\\\/uploads\\\/2022\\\/03\\\/rete-del-dono-personal-fundraising-magazine.png\",\"width\":1000,\"height\":700,\"caption\":\"Personal Fundraising Rete del Dono\"},{\"@type\":\"BreadcrumbList\",\"@id\":\"https:\\\/\\\/www.retedeldono.it\\\/magazine\\\/personal-fundraising\\\/#breadcrumb\",\"itemListElement\":[{\"@type\":\"ListItem\",\"position\":1,\"name\":\"Home\",\"item\":\"https:\\\/\\\/www.retedeldono.it\\\/magazine\\\/\"},{\"@type\":\"ListItem\",\"position\":2,\"name\":\"Personal fundraising: cos&#8217;\u00e8 e come farlo in modo efficace\"}]},{\"@type\":\"WebSite\",\"@id\":\"https:\\\/\\\/www.retedeldono.it\\\/magazine\\\/#website\",\"url\":\"https:\\\/\\\/www.retedeldono.it\\\/magazine\\\/\",\"name\":\"Rete del Dono Magazine\",\"description\":\"Rete del Dono Magazine\",\"potentialAction\":[{\"@type\":\"SearchAction\",\"target\":{\"@type\":\"EntryPoint\",\"urlTemplate\":\"https:\\\/\\\/www.retedeldono.it\\\/magazine\\\/?s={search_term_string}\"},\"query-input\":{\"@type\":\"PropertyValueSpecification\",\"valueRequired\":true,\"valueName\":\"search_term_string\"}}],\"inLanguage\":\"it-IT\"},{\"@type\":\"Person\",\"@id\":\"https:\\\/\\\/www.retedeldono.it\\\/magazine\\\/#\\\/schema\\\/person\\\/19118fc3b527ea22d276cc2b446f7353\",\"name\":\"Aldo Lubrani\",\"image\":{\"@type\":\"ImageObject\",\"inLanguage\":\"it-IT\",\"@id\":\"https:\\\/\\\/secure.gravatar.com\\\/avatar\\\/e948991b445298d4342a4a232b29e90adbf8a4af10151e265f6e6f3e9a10f68c?s=96&d=mm&r=g\",\"url\":\"https:\\\/\\\/secure.gravatar.com\\\/avatar\\\/e948991b445298d4342a4a232b29e90adbf8a4af10151e265f6e6f3e9a10f68c?s=96&d=mm&r=g\",\"contentUrl\":\"https:\\\/\\\/secure.gravatar.com\\\/avatar\\\/e948991b445298d4342a4a232b29e90adbf8a4af10151e265f6e6f3e9a10f68c?s=96&d=mm&r=g\",\"caption\":\"Aldo Lubrani\"},\"description\":\"Laureato con lode in Relazioni Internazionali presso Universit\u00e0 degli studi Roma Tre, Master in Europrogettazione presso Europa Business School di Bologna. Google Digital Training Certificate. Lavoro da anni nel settore Digital, Fundraising e Non Profit. Su Rete del Dono ricopro il ruolo di Project Manager nell'ambito Comunicazione, Digital e Personal Fundraising. Appassionato di viaggi, natura, pittura.\",\"sameAs\":[\"https:\\\/\\\/www.retedeldono.it\"],\"url\":\"https:\\\/\\\/www.retedeldono.it\\\/magazine\\\/author\\\/aldo-lubrani\\\/\"}]}<\/script>\n<!-- \/ Yoast SEO plugin. -->","yoast_head_json":{"title":"Personal fundraising: cos'\u00e8 e come farlo in modo efficace -","description":"Il personal fundraising \u00e8 un contributo fondamentale da parte di un donatore che sceglie di attivarsi in prima persona","robots":{"index":"index","follow":"follow","max-snippet":"max-snippet:-1","max-image-preview":"max-image-preview:large","max-video-preview":"max-video-preview:-1"},"canonical":"https:\/\/www.retedeldono.it\/magazine\/personal-fundraising\/","og_locale":"it_IT","og_type":"article","og_title":"Personal fundraising: cos'\u00e8 e come farlo in modo efficace -","og_description":"Il personal fundraising \u00e8 un contributo fondamentale da parte di un donatore che sceglie di attivarsi in prima persona","og_url":"https:\/\/www.retedeldono.it\/magazine\/personal-fundraising\/","og_site_name":"Rete del Dono Magazine","article_publisher":"https:\/\/www.facebook.com\/retedeldono\/","article_published_time":"2022-03-19T07:33:00+00:00","article_modified_time":"2025-12-05T16:37:47+00:00","og_image":[{"width":1000,"height":700,"url":"https:\/\/magazine.retedeldono.it\/wp-content\/uploads\/2022\/03\/rete-del-dono-personal-fundraising-magazine.png","type":"image\/png"}],"author":"Aldo Lubrani","twitter_card":"summary_large_image","twitter_misc":{"Scritto da":"Aldo Lubrani","Tempo di lettura stimato":"5 minuti"},"schema":{"@context":"https:\/\/schema.org","@graph":[{"@type":"Article","@id":"https:\/\/www.retedeldono.it\/magazine\/personal-fundraising\/#article","isPartOf":{"@id":"https:\/\/www.retedeldono.it\/magazine\/personal-fundraising\/"},"author":{"name":"Aldo Lubrani","@id":"https:\/\/www.retedeldono.it\/magazine\/#\/schema\/person\/19118fc3b527ea22d276cc2b446f7353"},"headline":"Personal fundraising: cos&#8217;\u00e8 e come farlo in modo efficace","datePublished":"2022-03-19T07:33:00+00:00","dateModified":"2025-12-05T16:37:47+00:00","mainEntityOfPage":{"@id":"https:\/\/www.retedeldono.it\/magazine\/personal-fundraising\/"},"wordCount":985,"commentCount":0,"image":{"@id":"https:\/\/www.retedeldono.it\/magazine\/personal-fundraising\/#primaryimage"},"thumbnailUrl":"https:\/\/magazine.retedeldono.it\/wp-content\/uploads\/2022\/03\/rete-del-dono-personal-fundraising-magazine.png","articleSection":["Fundraising"],"inLanguage":"it-IT","potentialAction":[{"@type":"CommentAction","name":"Comment","target":["https:\/\/www.retedeldono.it\/magazine\/personal-fundraising\/#respond"]}]},{"@type":"WebPage","@id":"https:\/\/www.retedeldono.it\/magazine\/personal-fundraising\/","url":"https:\/\/www.retedeldono.it\/magazine\/personal-fundraising\/","name":"Personal fundraising: cos'\u00e8 e come farlo in modo efficace -","isPartOf":{"@id":"https:\/\/www.retedeldono.it\/magazine\/#website"},"primaryImageOfPage":{"@id":"https:\/\/www.retedeldono.it\/magazine\/personal-fundraising\/#primaryimage"},"image":{"@id":"https:\/\/www.retedeldono.it\/magazine\/personal-fundraising\/#primaryimage"},"thumbnailUrl":"https:\/\/magazine.retedeldono.it\/wp-content\/uploads\/2022\/03\/rete-del-dono-personal-fundraising-magazine.png","datePublished":"2022-03-19T07:33:00+00:00","dateModified":"2025-12-05T16:37:47+00:00","author":{"@id":"https:\/\/www.retedeldono.it\/magazine\/#\/schema\/person\/19118fc3b527ea22d276cc2b446f7353"},"description":"Il personal fundraising \u00e8 un contributo fondamentale da parte di un donatore che sceglie di attivarsi in prima persona","breadcrumb":{"@id":"https:\/\/www.retedeldono.it\/magazine\/personal-fundraising\/#breadcrumb"},"inLanguage":"it-IT","potentialAction":[{"@type":"ReadAction","target":["https:\/\/www.retedeldono.it\/magazine\/personal-fundraising\/"]}]},{"@type":"ImageObject","inLanguage":"it-IT","@id":"https:\/\/www.retedeldono.it\/magazine\/personal-fundraising\/#primaryimage","url":"https:\/\/magazine.retedeldono.it\/wp-content\/uploads\/2022\/03\/rete-del-dono-personal-fundraising-magazine.png","contentUrl":"https:\/\/magazine.retedeldono.it\/wp-content\/uploads\/2022\/03\/rete-del-dono-personal-fundraising-magazine.png","width":1000,"height":700,"caption":"Personal Fundraising Rete del Dono"},{"@type":"BreadcrumbList","@id":"https:\/\/www.retedeldono.it\/magazine\/personal-fundraising\/#breadcrumb","itemListElement":[{"@type":"ListItem","position":1,"name":"Home","item":"https:\/\/www.retedeldono.it\/magazine\/"},{"@type":"ListItem","position":2,"name":"Personal fundraising: cos&#8217;\u00e8 e come farlo in modo efficace"}]},{"@type":"WebSite","@id":"https:\/\/www.retedeldono.it\/magazine\/#website","url":"https:\/\/www.retedeldono.it\/magazine\/","name":"Rete del Dono Magazine","description":"Rete del Dono Magazine","potentialAction":[{"@type":"SearchAction","target":{"@type":"EntryPoint","urlTemplate":"https:\/\/www.retedeldono.it\/magazine\/?s={search_term_string}"},"query-input":{"@type":"PropertyValueSpecification","valueRequired":true,"valueName":"search_term_string"}}],"inLanguage":"it-IT"},{"@type":"Person","@id":"https:\/\/www.retedeldono.it\/magazine\/#\/schema\/person\/19118fc3b527ea22d276cc2b446f7353","name":"Aldo Lubrani","image":{"@type":"ImageObject","inLanguage":"it-IT","@id":"https:\/\/secure.gravatar.com\/avatar\/e948991b445298d4342a4a232b29e90adbf8a4af10151e265f6e6f3e9a10f68c?s=96&d=mm&r=g","url":"https:\/\/secure.gravatar.com\/avatar\/e948991b445298d4342a4a232b29e90adbf8a4af10151e265f6e6f3e9a10f68c?s=96&d=mm&r=g","contentUrl":"https:\/\/secure.gravatar.com\/avatar\/e948991b445298d4342a4a232b29e90adbf8a4af10151e265f6e6f3e9a10f68c?s=96&d=mm&r=g","caption":"Aldo Lubrani"},"description":"Laureato con lode in Relazioni Internazionali presso Universit\u00e0 degli studi Roma Tre, Master in Europrogettazione presso Europa Business School di Bologna. Google Digital Training Certificate. Lavoro da anni nel settore Digital, Fundraising e Non Profit. Su Rete del Dono ricopro il ruolo di Project Manager nell'ambito Comunicazione, Digital e Personal Fundraising. Appassionato di viaggi, natura, pittura.","sameAs":["https:\/\/www.retedeldono.it"],"url":"https:\/\/www.retedeldono.it\/magazine\/author\/aldo-lubrani\/"}]}},"_links":{"self":[{"href":"https:\/\/www.retedeldono.it\/magazine\/wp-json\/wp\/v2\/posts\/547","targetHints":{"allow":["GET"]}}],"collection":[{"href":"https:\/\/www.retedeldono.it\/magazine\/wp-json\/wp\/v2\/posts"}],"about":[{"href":"https:\/\/www.retedeldono.it\/magazine\/wp-json\/wp\/v2\/types\/post"}],"author":[{"embeddable":true,"href":"https:\/\/www.retedeldono.it\/magazine\/wp-json\/wp\/v2\/users\/7"}],"replies":[{"embeddable":true,"href":"https:\/\/www.retedeldono.it\/magazine\/wp-json\/wp\/v2\/comments?post=547"}],"version-history":[{"count":2,"href":"https:\/\/www.retedeldono.it\/magazine\/wp-json\/wp\/v2\/posts\/547\/revisions"}],"predecessor-version":[{"id":4451,"href":"https:\/\/www.retedeldono.it\/magazine\/wp-json\/wp\/v2\/posts\/547\/revisions\/4451"}],"wp:featuredmedia":[{"embeddable":true,"href":"https:\/\/www.retedeldono.it\/magazine\/wp-json\/wp\/v2\/media\/726"}],"wp:attachment":[{"href":"https:\/\/www.retedeldono.it\/magazine\/wp-json\/wp\/v2\/media?parent=547"}],"wp:term":[{"taxonomy":"category","embeddable":true,"href":"https:\/\/www.retedeldono.it\/magazine\/wp-json\/wp\/v2\/categories?post=547"},{"taxonomy":"post_tag","embeddable":true,"href":"https:\/\/www.retedeldono.it\/magazine\/wp-json\/wp\/v2\/tags?post=547"}],"curies":[{"name":"wp","href":"https:\/\/api.w.org\/{rel}","templated":true}]}}