{"id":851,"date":"2023-11-27T14:52:28","date_gmt":"2023-11-27T14:52:28","guid":{"rendered":"https:\/\/www.retedeldono.it\/magazine\/?p=851"},"modified":"2025-12-02T16:03:39","modified_gmt":"2025-12-02T16:03:39","slug":"riforma-terzo-settore","status":"publish","type":"post","link":"https:\/\/www.retedeldono.it\/magazine\/riforma-terzo-settore\/","title":{"rendered":"Riforma del Terzo settore: tutto quello che c&#8217;\u00e8 da sapere"},"content":{"rendered":"\r\n<h2 class=\"wp-block-heading\">Le Riforma del Terzo Settore ha riorganizzato, rafforzato e reso pi\u00f9 trasparenti le attivit\u00e0 delle molteplici realt\u00e0 che operano nell\u2019ambito del non profit: ecco in che cosa consiste e quali cambiamenti ha determinato<\/h2>\r\n\r\n\r\n\r\n<div class=\"wp-block-spacer\" style=\"height: 50px;\" aria-hidden=\"true\">\u00a0<\/div>\r\n\r\n\r\n\r\n<p>La <strong>Riforma del <a href=\"https:\/\/www.retedeldono.it\/magazine\/terzo-settore\/\">Terzo settore<\/a><\/strong> \u00e8 stata pubblicata in <strong>Gazzetta Ufficiale<\/strong> nell\u2019agosto del 2017, ma l\u2019introduzione operativa \u00e8 stata molto <strong>graduale<\/strong>. In particolare, dal <strong>23 novembre 2021<\/strong> \u00e8 iniziato il processo di <strong>trasmigrazione<\/strong> delle organizzazioni di <strong><a href=\"https:\/\/www.retedeldono.it\/magazine\/volontariato-di-impresa\/\">volontariato <\/a><\/strong>(Odv) e associazioni di promozione sociale (Aps) iscritte nei registri attuali. A <strong>ottobre 2023<\/strong>, sono circa <strong>115mila <\/strong>gli enti che hanno effettuato l&#8217;iscrizione al <strong>Registro unico nazionale del Terzo settore\u00a0 (RUNTS)<\/strong>. Vediamo in che cosa consiste la Riforma, quali sono le principali <strong>novit\u00e0<\/strong> e alcuni consigli per aggiornarsi e organizzarsi nel migliore dei modi.<\/p>\r\n\r\n\r\n\r\n<div class=\"wp-block-spacer\" style=\"height: 50px;\" aria-hidden=\"true\">\u00a0<\/div>\r\n\r\n\r\n\r\n<div class=\"wp-block-buttons is-layout-flex wp-block-buttons-is-layout-flex\">\r\n<div class=\"wp-block-button\"><strong><a class=\"wp-block-button__link has-background wp-element-button\" style=\"border-radius: 15px; background-color: #e96f27;\" href=\"https:\/\/www.retedeldono.it\/search\">Dona anche tu<\/a><\/strong><\/div>\r\n<\/div>\r\n\r\n\r\n\r\n<div class=\"wp-block-spacer\" style=\"height: 50px;\" aria-hidden=\"true\">\u00a0<\/div>\r\n\r\n\r\n\r\n<h2 class=\"wp-block-heading\">In che cosa consiste la riforma del Terzo settore?<\/h2>\r\n\r\n\r\n\r\n<p>La riforma del Terzo Settore \u00e8 un insieme di <strong>provvedimenti normativi<\/strong> e di <strong>cambiamenti strutturali<\/strong> volti a promuovere e rafforzare il ruolo delle organizzazioni non profit e di volontariato in Italia. La riforma del Terzo Settore \u00e8 stata attuata con la <strong>legge n. 106\/2016<\/strong>, nota anche come \u201c<strong>Legge delega per il riordino del Terzo Settore<\/strong>\u201d, dalla quale \u00e8 stato poi estrapolato il <strong>Codice del Terzo Settore<\/strong> (attuato con il Decreto legislativo 3 luglio 2017 n.117).<\/p>\r\n\r\n\r\n\r\n<p>Scopo della legge \u00e8 <strong>unificare la normativa<\/strong> relativa al Terzo Settore, includendo e ordinando tante realt\u00e0 tra le quali associazioni di promozione sociale (APS), associazioni e reti associative che svolgono una o pi\u00f9 attivit\u00e0 con finalit\u00e0 civiche solidaristiche e di utilit\u00e0 sociale, societ\u00e0 di mutuo soccorso, enti filantropici, fondazioni e altri enti di volontariato. Oggi, tutti questi enti si chiamano <strong>Enti del Terzo Settore (ETS)<\/strong>, una nuova forma giuridica istituita dalla Riforma.<\/p>\r\n\r\n\r\n\r\n<p>In generale, l\u2019obiettivo della Riforma del Terzo Settore \u00e8 quello di rafforzare il ruolo delle organizzazioni nonprofit nella societ\u00e0, facilitando la loro attivit\u00e0, aumentando la trasparenza e promuovendo la partecipazione attiva dei cittadini. In particolare:<\/p>\r\n\r\n\r\n\r\n<ul class=\"wp-block-list\">\r\n<li>attraverso l\u2019obbligo per le organizzazioni del Terzo Settore di <strong>rendere pubbliche<\/strong> le proprie attivit\u00e0 e i propri <strong>bilanci<\/strong>;<\/li>\r\n\r\n\r\n\r\n<li>con l\u2019introduzione di nuovi <strong>incentivi fiscali<\/strong> per le <strong>donazioni<\/strong> alle organizzazioni del Terzo Settore;<\/li>\r\n\r\n\r\n\r\n<li>promuovendo la <strong>partecipazione<\/strong> e la <strong>democrazia<\/strong> <strong>interna<\/strong> alle organizzazioni del Terzo Settore, tramite regole per l\u2019elezione degli organi dirigenti e la partecipazione dei volontari nelle decisioni strategiche;<\/li>\r\n\r\n\r\n\r\n<li><strong>semplificando<\/strong> le procedure <strong>amministrative<\/strong> e <strong>burocratiche<\/strong> per le organizzazioni del Terzo Settore, al fine di agevolare la gestione delle attivit\u00e0 e favorirne la crescita.<\/li>\r\n<\/ul>\r\n\r\n\r\n\r\n<div class=\"wp-block-spacer\" style=\"height: 50px;\" aria-hidden=\"true\">\u00a0<\/div>\r\n\r\n\r\n\r\n<div class=\"wp-block-buttons is-layout-flex wp-block-buttons-is-layout-flex\">\r\n<div class=\"wp-block-button\"><strong><a class=\"wp-block-button__link has-background wp-element-button\" style=\"border-radius: 15px; background-color: #e96f27;\" href=\"https:\/\/www.retedeldono.it\/search\">Scopri i progetti di Rete del Dono<\/a><\/strong><\/div>\r\n<\/div>\r\n\r\n\r\n\r\n<div class=\"wp-block-spacer\" style=\"height: 50px;\" aria-hidden=\"true\">\u00a0<\/div>\r\n\r\n\r\n\r\n<h2 class=\"wp-block-heading\">Gli errori da non fare<\/h2>\r\n\r\n\r\n\r\n<p>Per molti enti senza fini di lucro la possibilit\u00e0 di acquisire la qualifica di <strong>ente del Terzo settore<\/strong> sta rappresentando uno <strong>snodo fondamentale<\/strong> nella pianificazione delle proprie attivit\u00e0. Numerose <strong>proroghe<\/strong> hanno permesso a Onlus, ODV, APS ed imprese sociali di adeguare i propri statuti utilizzando le maggioranze \u201csemplificate\u201d. Sicuramente \u00e8 <strong><a href=\"https:\/\/www.retedeldono.it\/magazine\/fare-del-bene\/\">bene <\/a><\/strong>non guardare all\u2019acquisizione della qualifica di ente del Terzo settore come ad un <strong>mero adempimento<\/strong>. Se da un lato per alcune categorie di enti il passaggio potrebbe essere meno articolato, si pensi ad esempio alle Associazioni di Promozione Sociale o alle Organizzazioni di Volontariato, per altri &#8211; prime fra tutte le Onlus &#8211; assume una <strong>rilevanza fondamentale<\/strong>, e deve essere ragionato da un punto di vista strategico.<\/p>\r\n\r\n\r\n\r\n<div class=\"wp-block-spacer\" style=\"height: 50px;\" aria-hidden=\"true\">\u00a0<\/div>\r\n\r\n\r\n\r\n<h2 class=\"wp-block-heading\">Quali impatti al di l\u00e0 del riordinamento giuridico<\/h2>\r\n\r\n\r\n\r\n<p>La riforma aiuta a fare un po&#8217; di chiarezza nel <strong>variegato mondo<\/strong> del <strong>Terzo settore<\/strong> che, secondo una esplicativa definizione di Giovanni Moro, rappresenta \u201cuna categoria del pensiero economico diventata prima teoria sociale, poi provvedimento legislativo di carattere tributario e ora spazio protetto di azione in cui tutto \u00e8 possibile, dai ristoranti alle palestre, dalle cliniche alle polisportive\u201d. Ai nuovi <strong>ETS<\/strong> viene ora richiesto uno <strong>sforzo di trasparenza<\/strong> ed <strong>accountability<\/strong> non secondario, anche rispetto all\u2019attivit\u00e0 di <strong>rendicontazione economica<\/strong> e sociale. Occorre quindi in primo luogo essere consapevoli di cosa vorr\u00e0 dire diventare (o non diventare) degli ETS in modo da poter sfruttare a pieno in vantaggi e le opportunit\u00e0 che la riforma offre.<\/p>\r\n\r\n\r\n\r\n<div class=\"wp-block-spacer\" style=\"height: 50px;\" aria-hidden=\"true\">\u00a0<\/div>\r\n\r\n\r\n\r\n<h2 class=\"wp-block-heading\">Riforma Terzo settore: qualche consiglio pratico<\/h2>\r\n\r\n\r\n\r\n<p>In primis \u00e8 importante non limitarsi a fare una valutazione di pura \u201c<strong>convenienza<\/strong>\u201d , ragionando magari in un\u2019ottica esclusivamente <strong>fiscale<\/strong> ad esempio, quanto piuttosto di \u201c<strong>appartenenza<\/strong>\u201d. Si dovrebbe quindi sfruttare l\u2019occasione fornita dalla riforma per <strong>ripensare la struttura<\/strong> dei singoli enti al fine di assumere una <strong>conformazione coerente<\/strong> con il proprio modello organizzativo, la propria governance e la natura delle attivit\u00e0 svolte.\u00a0 Un esempio concreto sono le <strong>Onlus<\/strong> che dovranno fare una <strong>scelta di campo<\/strong> per decidere cosa diventare all\u2019interno del nuovo ecosistema, optando ad esempio per una dimensione <strong>associativa\/volontaristica<\/strong> o piuttosto assumere un profilo <strong>imprenditoriale<\/strong>, virando verso l\u2019impresa sociale.<\/p>\r\n\r\n\r\n\r\n<div class=\"wp-block-spacer\" style=\"height: 50px;\" aria-hidden=\"true\">\u00a0<\/div>\r\n\r\n\r\n\r\n<h2 class=\"wp-block-heading\">Quando entrer\u00e0 in vigore la Riforma del Terzo settore?<\/h2>\r\n\r\n\r\n\r\n<p>La Riforma del Terzo Settore \u00e8 <strong>gi\u00e0 entrata in vigore<\/strong>, ma sono ancora in corso alcuni <strong>adattamenti<\/strong> e <strong>aggiornamenti<\/strong>. Ad esempio, \u00e8 stata recentemente prorogata l\u2019entrata in vigore di una nuova <strong>norma sull\u2019Iva<\/strong> per gli enti non commerciali, pervista ora per il <strong>1\u00b0 luglio 2024<\/strong>. In sostanza, questa norma obbliga le associazioni all\u2019assoggettamento al regime dell\u2019Iva, anche se non operano a scopo di lucro. Si passa dall\u2019attuale regime di esclusione Iva ad un <strong>regime di esenzione Iva<\/strong>. Questo cambiamento non comporta variazioni dal punto di vista economico, in modo diretto, ma determina l\u2019insorgere di costi per la tenuta della contabilit\u00e0 Iva e di altri adempimenti burocratici.<\/p>\r\n\r\n\r\n\r\n<div class=\"wp-block-spacer\" style=\"height: 50px;\" aria-hidden=\"true\">\u00a0<\/div>\r\n\r\n\r\n\r\n<h2 class=\"wp-block-heading\">Cosa succede a chi non si iscrive al Runts?<\/h2>\r\n\r\n\r\n\r\n<p>Il Registro Unico Nazionale del Terzo Settore (RUNTS) \u00e8 uno strumento introdotto con la Riforma del Terzo Settore. La sua finalit\u00e0 \u00e8 quella di costituire un <strong>registro<\/strong> che raccolga informazioni sulle organizzazioni del Terzo Settore, come associazioni, fondazioni e enti di volontariato. L\u2019iscrizione al RUNTS \u00e8 <strong>obbligatoria<\/strong> per tutte le organizzazioni del Terzo Settore. Dunque, chi non si iscrive non pu\u00f2 fare parte del Terzo Settore, o pi\u00f9 precisamente non pu\u00f2 essere denominato Ente del Terzo Settore.<\/p>\r\n\r\n\r\n\r\n<div class=\"wp-block-spacer\" style=\"height: 50px;\" aria-hidden=\"true\">\u00a0<\/div>\r\n\r\n\r\n\r\n<h2 class=\"wp-block-heading\">Quali sono gli enti che non fanno parte del Terzo settore?<\/h2>\r\n\r\n\r\n\r\n<p>Non possono essere riconosciuti come Enti del Terzo Settore<\/p>\r\n\r\n\r\n\r\n<ul class=\"wp-block-list\">\r\n<li>amministrazioni pubbliche ed enti da esse controllati<\/li>\r\n\r\n\r\n\r\n<li>enti privati con finalit\u00e0 economiche come associazioni di categoria o professionali<\/li>\r\n\r\n\r\n\r\n<li>sindacati<\/li>\r\n\r\n\r\n\r\n<li>partiti politici<\/li>\r\n\r\n\r\n\r\n<li>societ\u00e0 commerciali non riconosciute come Imprese Sociali.<\/li>\r\n<\/ul>\r\n\r\n\r\n\r\n<div class=\"wp-block-spacer\" style=\"height: 50px;\" aria-hidden=\"true\">\u00a0<\/div>\r\n\r\n\r\n\r\n<h2 class=\"wp-block-heading\">Che fine fanno le Onlus con la riforma del Terzo Settore?<\/h2>\r\n\r\n\r\n\r\n<p>Le Onlus, con la Riforma del Terzo Settore sostanzialmente <strong>cambiano nome<\/strong>, diventando semplicemente <strong>ETS, Enti del Terzo Settore<\/strong>. Non esiste pi\u00f9 il termine Onlus, anche se spesso per abitudine si continua ad usarlo, ma le realt\u00e0 che operavano sotto questo nome potranno continuare a svolgere le proprie attivit\u00e0 <strong>iscrivendosi al RUNTS<\/strong> e adeguandosi alla nuova normativa. Pi\u00f9 nello specifico, poich\u00e9 il RUNTS prevede sei categorie, le ex Onlus devono scegliere in quale collocarsi tra:<\/p>\r\n\r\n\r\n\r\n<ul class=\"wp-block-list\">\r\n<li>Organizzazioni di volontariato<\/li>\r\n\r\n\r\n\r\n<li>Associazioni di promozione sociale<\/li>\r\n\r\n\r\n\r\n<li>Enti filantropici<\/li>\r\n\r\n\r\n\r\n<li>Imprese sociali<\/li>\r\n\r\n\r\n\r\n<li>Reti associative<\/li>\r\n\r\n\r\n\r\n<li>Societ\u00e0 di mutuo soccorso<\/li>\r\n\r\n\r\n\r\n<li>Altri Enti del Terzo Settore.<\/li>\r\n<\/ul>\r\n\r\n\r\n\r\n<div class=\"wp-block-spacer\" style=\"height: 50px;\" aria-hidden=\"true\">\u00a0<\/div>\r\n\r\n\r\n\r\n<div class=\"wp-block-buttons is-layout-flex wp-block-buttons-is-layout-flex\">\r\n<div class=\"wp-block-button\"><strong><a class=\"wp-block-button__link has-background wp-element-button\" style=\"border-radius: 15px; background-color: #e96f27;\" href=\"https:\/\/www.retedeldono.it\/search\/?utm_source=Blog&amp;utm_medium=direct&amp;utm_campaign=CTA_riforma_terzo_settore_2022_down\">Dona anche tu<\/a><\/strong><\/div>\r\n<\/div>\r\n","protected":false},"excerpt":{"rendered":"<p>Le Riforma del Terzo Settore ha riorganizzato, rafforzato e reso pi\u00f9 trasparenti le attivit\u00e0 delle molteplici realt\u00e0 che operano nell\u2019ambito del non profit: ecco in che cosa consiste e quali&#8230;<\/p>\n","protected":false},"author":13,"featured_media":852,"comment_status":"open","ping_status":"open","sticky":false,"template":"","format":"standard","meta":{"_acf_changed":false,"footnotes":""},"categories":[1],"tags":[],"class_list":{"0":"post-851","1":"post","2":"type-post","3":"status-publish","4":"format-standard","5":"has-post-thumbnail","7":"category-community"},"acf":{"homepage_rdd":false},"yoast_head":"<!-- This site is optimized with the Yoast SEO plugin v27.5 - https:\/\/yoast.com\/product\/yoast-seo-wordpress\/ -->\n<title>Riforma del Terzo settore: tutto quello che c&#039;\u00e8 da sapere - Rete del Dono Magazine<\/title>\n<meta name=\"description\" content=\"Riforma Terzo settore: tutte le novit\u00e0 e gli adempimenti per essere in regola con le normative introdotte e le ultime scadenze\" \/>\n<meta name=\"robots\" content=\"index, follow, max-snippet:-1, max-image-preview:large, max-video-preview:-1\" \/>\n<link rel=\"canonical\" href=\"https:\/\/www.retedeldono.it\/magazine\/riforma-terzo-settore\/\" \/>\n<meta property=\"og:locale\" content=\"it_IT\" \/>\n<meta property=\"og:type\" content=\"article\" \/>\n<meta property=\"og:title\" content=\"Riforma del Terzo settore: tutto quello che c&#039;\u00e8 da sapere - Rete del Dono Magazine\" \/>\n<meta property=\"og:description\" content=\"Riforma Terzo settore: tutte le novit\u00e0 e gli adempimenti per essere in regola con le normative introdotte e le ultime scadenze\" \/>\n<meta property=\"og:url\" content=\"https:\/\/www.retedeldono.it\/magazine\/riforma-terzo-settore\/\" \/>\n<meta property=\"og:site_name\" content=\"Rete del Dono Magazine\" \/>\n<meta property=\"article:publisher\" content=\"https:\/\/www.facebook.com\/retedeldono\/\" \/>\n<meta property=\"article:published_time\" content=\"2023-11-27T14:52:28+00:00\" \/>\n<meta property=\"article:modified_time\" content=\"2025-12-02T16:03:39+00:00\" \/>\n<meta property=\"og:image\" content=\"https:\/\/magazine.retedeldono.it\/wp-content\/uploads\/2022\/04\/riforma-terzo-settore-2022-scaled-e1649779463212.jpg\" \/>\n\t<meta property=\"og:image:width\" content=\"1000\" \/>\n\t<meta property=\"og:image:height\" content=\"432\" \/>\n\t<meta property=\"og:image:type\" content=\"image\/jpeg\" \/>\n<meta name=\"author\" content=\"Anna Maria Siccardi\" \/>\n<meta name=\"twitter:card\" content=\"summary_large_image\" \/>\n<meta name=\"twitter:label1\" content=\"Scritto da\" \/>\n\t<meta name=\"twitter:data1\" content=\"Anna Maria Siccardi\" \/>\n\t<meta name=\"twitter:label2\" content=\"Tempo di lettura stimato\" \/>\n\t<meta name=\"twitter:data2\" content=\"7 minuti\" \/>\n<script type=\"application\/ld+json\" class=\"yoast-schema-graph\">{\"@context\":\"https:\\\/\\\/schema.org\",\"@graph\":[{\"@type\":\"Article\",\"@id\":\"https:\\\/\\\/www.retedeldono.it\\\/magazine\\\/riforma-terzo-settore\\\/#article\",\"isPartOf\":{\"@id\":\"https:\\\/\\\/www.retedeldono.it\\\/magazine\\\/riforma-terzo-settore\\\/\"},\"author\":{\"name\":\"Anna Maria Siccardi\",\"@id\":\"https:\\\/\\\/www.retedeldono.it\\\/magazine\\\/#\\\/schema\\\/person\\\/0f904c608fbb6c6d3c63d87e86241ff6\"},\"headline\":\"Riforma del Terzo settore: tutto quello che c&#8217;\u00e8 da sapere\",\"datePublished\":\"2023-11-27T14:52:28+00:00\",\"dateModified\":\"2025-12-02T16:03:39+00:00\",\"mainEntityOfPage\":{\"@id\":\"https:\\\/\\\/www.retedeldono.it\\\/magazine\\\/riforma-terzo-settore\\\/\"},\"wordCount\":1123,\"commentCount\":0,\"image\":{\"@id\":\"https:\\\/\\\/www.retedeldono.it\\\/magazine\\\/riforma-terzo-settore\\\/#primaryimage\"},\"thumbnailUrl\":\"https:\\\/\\\/magazine.retedeldono.it\\\/wp-content\\\/uploads\\\/2022\\\/04\\\/riforma-terzo-settore-2022-scaled-e1649779463212.jpg\",\"articleSection\":[\"Community\"],\"inLanguage\":\"it-IT\",\"potentialAction\":[{\"@type\":\"CommentAction\",\"name\":\"Comment\",\"target\":[\"https:\\\/\\\/www.retedeldono.it\\\/magazine\\\/riforma-terzo-settore\\\/#respond\"]}]},{\"@type\":\"WebPage\",\"@id\":\"https:\\\/\\\/www.retedeldono.it\\\/magazine\\\/riforma-terzo-settore\\\/\",\"url\":\"https:\\\/\\\/www.retedeldono.it\\\/magazine\\\/riforma-terzo-settore\\\/\",\"name\":\"Riforma del Terzo settore: tutto quello che c'\u00e8 da sapere - Rete del Dono Magazine\",\"isPartOf\":{\"@id\":\"https:\\\/\\\/www.retedeldono.it\\\/magazine\\\/#website\"},\"primaryImageOfPage\":{\"@id\":\"https:\\\/\\\/www.retedeldono.it\\\/magazine\\\/riforma-terzo-settore\\\/#primaryimage\"},\"image\":{\"@id\":\"https:\\\/\\\/www.retedeldono.it\\\/magazine\\\/riforma-terzo-settore\\\/#primaryimage\"},\"thumbnailUrl\":\"https:\\\/\\\/magazine.retedeldono.it\\\/wp-content\\\/uploads\\\/2022\\\/04\\\/riforma-terzo-settore-2022-scaled-e1649779463212.jpg\",\"datePublished\":\"2023-11-27T14:52:28+00:00\",\"dateModified\":\"2025-12-02T16:03:39+00:00\",\"author\":{\"@id\":\"https:\\\/\\\/www.retedeldono.it\\\/magazine\\\/#\\\/schema\\\/person\\\/0f904c608fbb6c6d3c63d87e86241ff6\"},\"description\":\"Riforma Terzo settore: tutte le novit\u00e0 e gli adempimenti per essere in regola con le normative introdotte e le ultime scadenze\",\"breadcrumb\":{\"@id\":\"https:\\\/\\\/www.retedeldono.it\\\/magazine\\\/riforma-terzo-settore\\\/#breadcrumb\"},\"inLanguage\":\"it-IT\",\"potentialAction\":[{\"@type\":\"ReadAction\",\"target\":[\"https:\\\/\\\/www.retedeldono.it\\\/magazine\\\/riforma-terzo-settore\\\/\"]}]},{\"@type\":\"ImageObject\",\"inLanguage\":\"it-IT\",\"@id\":\"https:\\\/\\\/www.retedeldono.it\\\/magazine\\\/riforma-terzo-settore\\\/#primaryimage\",\"url\":\"https:\\\/\\\/magazine.retedeldono.it\\\/wp-content\\\/uploads\\\/2022\\\/04\\\/riforma-terzo-settore-2022-scaled-e1649779463212.jpg\",\"contentUrl\":\"https:\\\/\\\/magazine.retedeldono.it\\\/wp-content\\\/uploads\\\/2022\\\/04\\\/riforma-terzo-settore-2022-scaled-e1649779463212.jpg\",\"width\":1000,\"height\":432,\"caption\":\"riforma terzo settore 2022\"},{\"@type\":\"BreadcrumbList\",\"@id\":\"https:\\\/\\\/www.retedeldono.it\\\/magazine\\\/riforma-terzo-settore\\\/#breadcrumb\",\"itemListElement\":[{\"@type\":\"ListItem\",\"position\":1,\"name\":\"Home\",\"item\":\"https:\\\/\\\/www.retedeldono.it\\\/magazine\\\/\"},{\"@type\":\"ListItem\",\"position\":2,\"name\":\"Riforma del Terzo settore: tutto quello che c&#8217;\u00e8 da sapere\"}]},{\"@type\":\"WebSite\",\"@id\":\"https:\\\/\\\/www.retedeldono.it\\\/magazine\\\/#website\",\"url\":\"https:\\\/\\\/www.retedeldono.it\\\/magazine\\\/\",\"name\":\"Rete del Dono Magazine\",\"description\":\"Rete del Dono Magazine\",\"potentialAction\":[{\"@type\":\"SearchAction\",\"target\":{\"@type\":\"EntryPoint\",\"urlTemplate\":\"https:\\\/\\\/www.retedeldono.it\\\/magazine\\\/?s={search_term_string}\"},\"query-input\":{\"@type\":\"PropertyValueSpecification\",\"valueRequired\":true,\"valueName\":\"search_term_string\"}}],\"inLanguage\":\"it-IT\"},{\"@type\":\"Person\",\"@id\":\"https:\\\/\\\/www.retedeldono.it\\\/magazine\\\/#\\\/schema\\\/person\\\/0f904c608fbb6c6d3c63d87e86241ff6\",\"name\":\"Anna Maria Siccardi\",\"image\":{\"@type\":\"ImageObject\",\"inLanguage\":\"it-IT\",\"@id\":\"https:\\\/\\\/secure.gravatar.com\\\/avatar\\\/344a35671d79b9e2bc3a002a2a3554225d0f76b9b0a1a7e45888f9cea2233f76?s=96&d=mm&r=g\",\"url\":\"https:\\\/\\\/secure.gravatar.com\\\/avatar\\\/344a35671d79b9e2bc3a002a2a3554225d0f76b9b0a1a7e45888f9cea2233f76?s=96&d=mm&r=g\",\"contentUrl\":\"https:\\\/\\\/secure.gravatar.com\\\/avatar\\\/344a35671d79b9e2bc3a002a2a3554225d0f76b9b0a1a7e45888f9cea2233f76?s=96&d=mm&r=g\",\"caption\":\"Anna Maria Siccardi\"},\"description\":\"Laureata in Fisica presso Universit\u00e0 degli Studi di Torino. Imprenditrice attiva nel settore dell\u2019innovazione digitale sin dal 1998, ha partecipato alla nascita e allo sviluppo di aziende web quali CHL, Bakeca, Seolab, Wickedin, Jojob. E\u2019 membro del Comitato esecutivo del Club degli Investitori di Torino. Nel 2011 ha fondato Rete del Dono insieme a Valeria Vitali e da allora si occupa di trasformazione digitale del Terzo Settore.\",\"url\":\"https:\\\/\\\/www.retedeldono.it\\\/magazine\\\/author\\\/anna-maria-siccardi\\\/\"}]}<\/script>\n<!-- \/ Yoast SEO plugin. -->","yoast_head_json":{"title":"Riforma del Terzo settore: tutto quello che c'\u00e8 da sapere - Rete del Dono Magazine","description":"Riforma Terzo settore: tutte le novit\u00e0 e gli adempimenti per essere in regola con le normative introdotte e le ultime scadenze","robots":{"index":"index","follow":"follow","max-snippet":"max-snippet:-1","max-image-preview":"max-image-preview:large","max-video-preview":"max-video-preview:-1"},"canonical":"https:\/\/www.retedeldono.it\/magazine\/riforma-terzo-settore\/","og_locale":"it_IT","og_type":"article","og_title":"Riforma del Terzo settore: tutto quello che c'\u00e8 da sapere - Rete del Dono Magazine","og_description":"Riforma Terzo settore: tutte le novit\u00e0 e gli adempimenti per essere in regola con le normative introdotte e le ultime scadenze","og_url":"https:\/\/www.retedeldono.it\/magazine\/riforma-terzo-settore\/","og_site_name":"Rete del Dono Magazine","article_publisher":"https:\/\/www.facebook.com\/retedeldono\/","article_published_time":"2023-11-27T14:52:28+00:00","article_modified_time":"2025-12-02T16:03:39+00:00","og_image":[{"width":1000,"height":432,"url":"https:\/\/magazine.retedeldono.it\/wp-content\/uploads\/2022\/04\/riforma-terzo-settore-2022-scaled-e1649779463212.jpg","type":"image\/jpeg"}],"author":"Anna Maria Siccardi","twitter_card":"summary_large_image","twitter_misc":{"Scritto da":"Anna Maria Siccardi","Tempo di lettura stimato":"7 minuti"},"schema":{"@context":"https:\/\/schema.org","@graph":[{"@type":"Article","@id":"https:\/\/www.retedeldono.it\/magazine\/riforma-terzo-settore\/#article","isPartOf":{"@id":"https:\/\/www.retedeldono.it\/magazine\/riforma-terzo-settore\/"},"author":{"name":"Anna Maria Siccardi","@id":"https:\/\/www.retedeldono.it\/magazine\/#\/schema\/person\/0f904c608fbb6c6d3c63d87e86241ff6"},"headline":"Riforma del Terzo settore: tutto quello che c&#8217;\u00e8 da sapere","datePublished":"2023-11-27T14:52:28+00:00","dateModified":"2025-12-02T16:03:39+00:00","mainEntityOfPage":{"@id":"https:\/\/www.retedeldono.it\/magazine\/riforma-terzo-settore\/"},"wordCount":1123,"commentCount":0,"image":{"@id":"https:\/\/www.retedeldono.it\/magazine\/riforma-terzo-settore\/#primaryimage"},"thumbnailUrl":"https:\/\/magazine.retedeldono.it\/wp-content\/uploads\/2022\/04\/riforma-terzo-settore-2022-scaled-e1649779463212.jpg","articleSection":["Community"],"inLanguage":"it-IT","potentialAction":[{"@type":"CommentAction","name":"Comment","target":["https:\/\/www.retedeldono.it\/magazine\/riforma-terzo-settore\/#respond"]}]},{"@type":"WebPage","@id":"https:\/\/www.retedeldono.it\/magazine\/riforma-terzo-settore\/","url":"https:\/\/www.retedeldono.it\/magazine\/riforma-terzo-settore\/","name":"Riforma del Terzo settore: tutto quello che c'\u00e8 da sapere - Rete del Dono Magazine","isPartOf":{"@id":"https:\/\/www.retedeldono.it\/magazine\/#website"},"primaryImageOfPage":{"@id":"https:\/\/www.retedeldono.it\/magazine\/riforma-terzo-settore\/#primaryimage"},"image":{"@id":"https:\/\/www.retedeldono.it\/magazine\/riforma-terzo-settore\/#primaryimage"},"thumbnailUrl":"https:\/\/magazine.retedeldono.it\/wp-content\/uploads\/2022\/04\/riforma-terzo-settore-2022-scaled-e1649779463212.jpg","datePublished":"2023-11-27T14:52:28+00:00","dateModified":"2025-12-02T16:03:39+00:00","author":{"@id":"https:\/\/www.retedeldono.it\/magazine\/#\/schema\/person\/0f904c608fbb6c6d3c63d87e86241ff6"},"description":"Riforma Terzo settore: tutte le novit\u00e0 e gli adempimenti per essere in regola con le normative introdotte e le ultime scadenze","breadcrumb":{"@id":"https:\/\/www.retedeldono.it\/magazine\/riforma-terzo-settore\/#breadcrumb"},"inLanguage":"it-IT","potentialAction":[{"@type":"ReadAction","target":["https:\/\/www.retedeldono.it\/magazine\/riforma-terzo-settore\/"]}]},{"@type":"ImageObject","inLanguage":"it-IT","@id":"https:\/\/www.retedeldono.it\/magazine\/riforma-terzo-settore\/#primaryimage","url":"https:\/\/magazine.retedeldono.it\/wp-content\/uploads\/2022\/04\/riforma-terzo-settore-2022-scaled-e1649779463212.jpg","contentUrl":"https:\/\/magazine.retedeldono.it\/wp-content\/uploads\/2022\/04\/riforma-terzo-settore-2022-scaled-e1649779463212.jpg","width":1000,"height":432,"caption":"riforma terzo settore 2022"},{"@type":"BreadcrumbList","@id":"https:\/\/www.retedeldono.it\/magazine\/riforma-terzo-settore\/#breadcrumb","itemListElement":[{"@type":"ListItem","position":1,"name":"Home","item":"https:\/\/www.retedeldono.it\/magazine\/"},{"@type":"ListItem","position":2,"name":"Riforma del Terzo settore: tutto quello che c&#8217;\u00e8 da sapere"}]},{"@type":"WebSite","@id":"https:\/\/www.retedeldono.it\/magazine\/#website","url":"https:\/\/www.retedeldono.it\/magazine\/","name":"Rete del Dono Magazine","description":"Rete del Dono Magazine","potentialAction":[{"@type":"SearchAction","target":{"@type":"EntryPoint","urlTemplate":"https:\/\/www.retedeldono.it\/magazine\/?s={search_term_string}"},"query-input":{"@type":"PropertyValueSpecification","valueRequired":true,"valueName":"search_term_string"}}],"inLanguage":"it-IT"},{"@type":"Person","@id":"https:\/\/www.retedeldono.it\/magazine\/#\/schema\/person\/0f904c608fbb6c6d3c63d87e86241ff6","name":"Anna Maria Siccardi","image":{"@type":"ImageObject","inLanguage":"it-IT","@id":"https:\/\/secure.gravatar.com\/avatar\/344a35671d79b9e2bc3a002a2a3554225d0f76b9b0a1a7e45888f9cea2233f76?s=96&d=mm&r=g","url":"https:\/\/secure.gravatar.com\/avatar\/344a35671d79b9e2bc3a002a2a3554225d0f76b9b0a1a7e45888f9cea2233f76?s=96&d=mm&r=g","contentUrl":"https:\/\/secure.gravatar.com\/avatar\/344a35671d79b9e2bc3a002a2a3554225d0f76b9b0a1a7e45888f9cea2233f76?s=96&d=mm&r=g","caption":"Anna Maria Siccardi"},"description":"Laureata in Fisica presso Universit\u00e0 degli Studi di Torino. Imprenditrice attiva nel settore dell\u2019innovazione digitale sin dal 1998, ha partecipato alla nascita e allo sviluppo di aziende web quali CHL, Bakeca, Seolab, Wickedin, Jojob. E\u2019 membro del Comitato esecutivo del Club degli Investitori di Torino. Nel 2011 ha fondato Rete del Dono insieme a Valeria Vitali e da allora si occupa di trasformazione digitale del Terzo Settore.","url":"https:\/\/www.retedeldono.it\/magazine\/author\/anna-maria-siccardi\/"}]}},"_links":{"self":[{"href":"https:\/\/www.retedeldono.it\/magazine\/wp-json\/wp\/v2\/posts\/851","targetHints":{"allow":["GET"]}}],"collection":[{"href":"https:\/\/www.retedeldono.it\/magazine\/wp-json\/wp\/v2\/posts"}],"about":[{"href":"https:\/\/www.retedeldono.it\/magazine\/wp-json\/wp\/v2\/types\/post"}],"author":[{"embeddable":true,"href":"https:\/\/www.retedeldono.it\/magazine\/wp-json\/wp\/v2\/users\/13"}],"replies":[{"embeddable":true,"href":"https:\/\/www.retedeldono.it\/magazine\/wp-json\/wp\/v2\/comments?post=851"}],"version-history":[{"count":3,"href":"https:\/\/www.retedeldono.it\/magazine\/wp-json\/wp\/v2\/posts\/851\/revisions"}],"predecessor-version":[{"id":4316,"href":"https:\/\/www.retedeldono.it\/magazine\/wp-json\/wp\/v2\/posts\/851\/revisions\/4316"}],"wp:featuredmedia":[{"embeddable":true,"href":"https:\/\/www.retedeldono.it\/magazine\/wp-json\/wp\/v2\/media\/852"}],"wp:attachment":[{"href":"https:\/\/www.retedeldono.it\/magazine\/wp-json\/wp\/v2\/media?parent=851"}],"wp:term":[{"taxonomy":"category","embeddable":true,"href":"https:\/\/www.retedeldono.it\/magazine\/wp-json\/wp\/v2\/categories?post=851"},{"taxonomy":"post_tag","embeddable":true,"href":"https:\/\/www.retedeldono.it\/magazine\/wp-json\/wp\/v2\/tags?post=851"}],"curies":[{"name":"wp","href":"https:\/\/api.w.org\/{rel}","templated":true}]}}