{"id":935,"date":"2022-04-29T13:54:50","date_gmt":"2022-04-29T13:54:50","guid":{"rendered":"https:\/\/www.retedeldono.it\/magazine\/?p=935"},"modified":"2022-07-21T13:26:08","modified_gmt":"2022-07-21T13:26:08","slug":"chiedere-donare-superare-paura","status":"publish","type":"post","link":"https:\/\/www.retedeldono.it\/magazine\/chiedere-donare-superare-paura\/","title":{"rendered":"Chiedere di donare. Come superare la paura?"},"content":{"rendered":"\n<p>La principale difficolt\u00e0 per chiunque faccia una raccolta fondi \u00e8 quella di chiedere di donare. In teoria \u00e8 sempre facile, poi ci si trova davanti alle persone e diventa difficilissimo. E allora come superare le nostre paure?<br><br>Per il terzo appuntamento del Personal Fundraising Hub, a guidarci in un percorso tra l&#8217;autocoscienza e il coaching ci ha pensato <strong>Federica de Benedittis<\/strong>, esperta di economia comportamentale e architettura delle scelte, fundraiser per professione.<\/p>\n\n\n\n<p>\u201cLa verit\u00e0 \u00e8 che l&#8217;essere umano spesso non prende decisioni razionali, ma guidate da altri motivi, soprattutto dai cosiddetti bias\u201d. I bias sono ricostruzioni della realt\u00e0 non oggettive, spesso derivanti dalle proprie esperienze o convinzioni, che ci spingono a prendere strade che se pensassimo con pura razionalit\u00e0 non prenderemmo mai.<\/p>\n\n\n\n<p>Come accompagnare allora il nostro donatore? \u201cCi sono almeno 200 bias codificati, ma 15 sono importanti\u201d. Secondo De Benedittis, per il fundraising ce ne sono 4 da tenere in considerazione:<br><br><strong>Pressione sociale<\/strong>: gli altri cosa fanno, come mi giudicano? E allora poter vedere che gli altri hanno gi\u00e0 donato, che qualcuno a noi noto sostiene la raccolta, che la raccolta non \u00e8 a zero, \u00e8 veramente importante.<\/p>\n\n\n\n<p><strong>Avversione alla perdita<\/strong>: per una persona, \u00e8 pi\u00f9 grave perdere dei soldi che bello vincerli. Per cui dobbiamo togliere questa barriera, far capire che non sta \u201cspendendo\u201d, ma renderlo partecipe di un progetto.<\/p>\n\n\n\n<p><strong>Bias del presente<\/strong>: le decisioni sono prese per un guadagno immediato, dimenticandosi delle potenzialit\u00e0 future. Bisogna lavorare per valorizzare quelle potenzialit\u00e0, senza dimenticarsi del bisogno dell&#8217;oggi.<\/p>\n\n\n\n<p><strong>Effetto framing<\/strong>: come presentiamo le opportunit\u00e0, come le \u201cincorniciamo\u201d, crea differenti reazioni. Per esempio una foto, una immagine, ma anche la scritta \u201cDona Ora\u201d rispetto a \u201cDona anche tu\u201d<\/p>\n\n\n\n<p>A Milano, la parte di discussione ha visto i fundraiser presenti confrontarsi sulle loro paure e i loro timori. C&#8217;\u00e8 chi ha ammesso di non aver saputo rispondere davanti ad amici e conoscenti che non solo non hanno apprezzato l&#8217;invito a donare, ma addirittura hanno ribattuto attaccando la causa sociale, anche con commenti razzisti. Ma c&#8217;\u00e8 anche chi ha raccontato come la costruzione del dialogo abbia favorito l&#8217;abbattimento di queste barriere, nonostante questo richieda spesso tanto tempo.<\/p>\n\n\n\n<p>A Torino, invece, i nostri appassionati partecipanti si sono dimostrati molto affezionati, tanto da aver coinvolto altri colleghi e amici. Ognuno ha espresso il proprio timore di chiedere, con tanti spunti che si sono protratti fino a sera.<\/p>\n\n\n\n<p>Il Personal Fundraising Hub \u00e8 proprio questo; partire da un argomento per creare un vero e proprio scambio. Nello scambio di esperienze, ma anche di difficolt\u00e0, si facilita la crescita e l&#8217;aggregazione,&nbsp; che in un settore come questo sono quanto mai necessarie.<\/p>\n\n\n\n<p>&nbsp;<\/p>\n\n\n\n<p class=\"has-text-align-center\"><strong>Vuoi partecipare ai prossimi incontri<\/strong>?<\/p>\n\n\n\n<p class=\"has-text-align-center\"><strong>Iscriviti subito, clicca <a href=\"https:\/\/www.retedeldono.it\/landing\/form\/personal-fundraising-hub\" target=\"_blank\" rel=\"noreferrer noopener\">qui<\/a><\/strong><\/p>\n\n\n\n<p>&nbsp;<\/p>\n","protected":false},"excerpt":{"rendered":"<p>La principale difficolt\u00e0 per chiunque faccia una raccolta fondi \u00e8 quella di chiedere di donare. In teoria \u00e8 sempre facile, poi ci si trova davanti alle persone e diventa difficilissimo&#8230;.<\/p>\n","protected":false},"author":6,"featured_media":964,"comment_status":"open","ping_status":"open","sticky":false,"template":"","format":"standard","meta":{"_acf_changed":false,"footnotes":""},"categories":[1],"tags":[],"class_list":{"0":"post-935","1":"post","2":"type-post","3":"status-publish","4":"format-standard","5":"has-post-thumbnail","7":"category-community"},"acf":{"homepage_rdd":false},"yoast_head":"<!-- This site is optimized with the Yoast SEO plugin v27.5 - https:\/\/yoast.com\/product\/yoast-seo-wordpress\/ -->\n<title>Chiedere di donare. Come superare la paura?<\/title>\n<meta name=\"description\" content=\"La principale difficolt\u00e0 per chiunque faccia una raccolta fondi \u00e8 quella di chiedere di donare. E allora come superare questa nostra paura?\" \/>\n<meta name=\"robots\" content=\"index, follow, max-snippet:-1, max-image-preview:large, max-video-preview:-1\" \/>\n<link rel=\"canonical\" href=\"https:\/\/www.retedeldono.it\/magazine\/chiedere-donare-superare-paura\/\" \/>\n<meta property=\"og:locale\" content=\"it_IT\" \/>\n<meta property=\"og:type\" content=\"article\" \/>\n<meta property=\"og:title\" content=\"Chiedere di donare. Come superare la paura?\" \/>\n<meta property=\"og:description\" content=\"La principale difficolt\u00e0 per chiunque faccia una raccolta fondi \u00e8 quella di chiedere di donare. E allora come superare questa nostra paura?\" \/>\n<meta property=\"og:url\" content=\"https:\/\/www.retedeldono.it\/magazine\/chiedere-donare-superare-paura\/\" \/>\n<meta property=\"og:site_name\" content=\"Rete del Dono Magazine\" \/>\n<meta property=\"article:publisher\" content=\"https:\/\/www.facebook.com\/retedeldono\/\" \/>\n<meta property=\"article:published_time\" content=\"2022-04-29T13:54:50+00:00\" \/>\n<meta property=\"article:modified_time\" content=\"2022-07-21T13:26:08+00:00\" \/>\n<meta name=\"author\" content=\"Valeria Vitali\" \/>\n<meta name=\"twitter:card\" content=\"summary_large_image\" \/>\n<meta name=\"twitter:label1\" content=\"Scritto da\" \/>\n\t<meta name=\"twitter:data1\" content=\"Valeria Vitali\" \/>\n\t<meta name=\"twitter:label2\" content=\"Tempo di lettura stimato\" \/>\n\t<meta name=\"twitter:data2\" content=\"3 minuti\" \/>\n<script type=\"application\/ld+json\" class=\"yoast-schema-graph\">{\"@context\":\"https:\\\/\\\/schema.org\",\"@graph\":[{\"@type\":\"Article\",\"@id\":\"https:\\\/\\\/www.retedeldono.it\\\/magazine\\\/chiedere-donare-superare-paura\\\/#article\",\"isPartOf\":{\"@id\":\"https:\\\/\\\/www.retedeldono.it\\\/magazine\\\/chiedere-donare-superare-paura\\\/\"},\"author\":{\"name\":\"Valeria Vitali\",\"@id\":\"https:\\\/\\\/www.retedeldono.it\\\/magazine\\\/#\\\/schema\\\/person\\\/c6beeb7b05f412d2823480967d76ad54\"},\"headline\":\"Chiedere di donare. Come superare la paura?\",\"datePublished\":\"2022-04-29T13:54:50+00:00\",\"dateModified\":\"2022-07-21T13:26:08+00:00\",\"mainEntityOfPage\":{\"@id\":\"https:\\\/\\\/www.retedeldono.it\\\/magazine\\\/chiedere-donare-superare-paura\\\/\"},\"wordCount\":449,\"commentCount\":0,\"image\":{\"@id\":\"https:\\\/\\\/www.retedeldono.it\\\/magazine\\\/chiedere-donare-superare-paura\\\/#primaryimage\"},\"thumbnailUrl\":\"https:\\\/\\\/magazine.retedeldono.it\\\/wp-content\\\/uploads\\\/2022\\\/04\\\/rete-del-dono-personal-fundraising-hub.png\",\"articleSection\":[\"Community\"],\"inLanguage\":\"it-IT\",\"potentialAction\":[{\"@type\":\"CommentAction\",\"name\":\"Comment\",\"target\":[\"https:\\\/\\\/www.retedeldono.it\\\/magazine\\\/chiedere-donare-superare-paura\\\/#respond\"]}]},{\"@type\":\"WebPage\",\"@id\":\"https:\\\/\\\/www.retedeldono.it\\\/magazine\\\/chiedere-donare-superare-paura\\\/\",\"url\":\"https:\\\/\\\/www.retedeldono.it\\\/magazine\\\/chiedere-donare-superare-paura\\\/\",\"name\":\"Chiedere di donare. Come superare la paura?\",\"isPartOf\":{\"@id\":\"https:\\\/\\\/www.retedeldono.it\\\/magazine\\\/#website\"},\"primaryImageOfPage\":{\"@id\":\"https:\\\/\\\/www.retedeldono.it\\\/magazine\\\/chiedere-donare-superare-paura\\\/#primaryimage\"},\"image\":{\"@id\":\"https:\\\/\\\/www.retedeldono.it\\\/magazine\\\/chiedere-donare-superare-paura\\\/#primaryimage\"},\"thumbnailUrl\":\"https:\\\/\\\/magazine.retedeldono.it\\\/wp-content\\\/uploads\\\/2022\\\/04\\\/rete-del-dono-personal-fundraising-hub.png\",\"datePublished\":\"2022-04-29T13:54:50+00:00\",\"dateModified\":\"2022-07-21T13:26:08+00:00\",\"author\":{\"@id\":\"https:\\\/\\\/www.retedeldono.it\\\/magazine\\\/#\\\/schema\\\/person\\\/c6beeb7b05f412d2823480967d76ad54\"},\"description\":\"La principale difficolt\u00e0 per chiunque faccia una raccolta fondi \u00e8 quella di chiedere di donare. E allora come superare questa nostra paura?\",\"breadcrumb\":{\"@id\":\"https:\\\/\\\/www.retedeldono.it\\\/magazine\\\/chiedere-donare-superare-paura\\\/#breadcrumb\"},\"inLanguage\":\"it-IT\",\"potentialAction\":[{\"@type\":\"ReadAction\",\"target\":[\"https:\\\/\\\/www.retedeldono.it\\\/magazine\\\/chiedere-donare-superare-paura\\\/\"]}]},{\"@type\":\"ImageObject\",\"inLanguage\":\"it-IT\",\"@id\":\"https:\\\/\\\/www.retedeldono.it\\\/magazine\\\/chiedere-donare-superare-paura\\\/#primaryimage\",\"url\":\"https:\\\/\\\/magazine.retedeldono.it\\\/wp-content\\\/uploads\\\/2022\\\/04\\\/rete-del-dono-personal-fundraising-hub.png\",\"contentUrl\":\"https:\\\/\\\/magazine.retedeldono.it\\\/wp-content\\\/uploads\\\/2022\\\/04\\\/rete-del-dono-personal-fundraising-hub.png\",\"width\":1000,\"height\":700,\"caption\":\"rete-del-dono-personal-fundraising-hub\"},{\"@type\":\"BreadcrumbList\",\"@id\":\"https:\\\/\\\/www.retedeldono.it\\\/magazine\\\/chiedere-donare-superare-paura\\\/#breadcrumb\",\"itemListElement\":[{\"@type\":\"ListItem\",\"position\":1,\"name\":\"Home\",\"item\":\"https:\\\/\\\/www.retedeldono.it\\\/magazine\\\/\"},{\"@type\":\"ListItem\",\"position\":2,\"name\":\"Chiedere di donare. Come superare la paura?\"}]},{\"@type\":\"WebSite\",\"@id\":\"https:\\\/\\\/www.retedeldono.it\\\/magazine\\\/#website\",\"url\":\"https:\\\/\\\/www.retedeldono.it\\\/magazine\\\/\",\"name\":\"Rete del Dono Magazine\",\"description\":\"Rete del Dono Magazine\",\"potentialAction\":[{\"@type\":\"SearchAction\",\"target\":{\"@type\":\"EntryPoint\",\"urlTemplate\":\"https:\\\/\\\/www.retedeldono.it\\\/magazine\\\/?s={search_term_string}\"},\"query-input\":{\"@type\":\"PropertyValueSpecification\",\"valueRequired\":true,\"valueName\":\"search_term_string\"}}],\"inLanguage\":\"it-IT\"},{\"@type\":\"Person\",\"@id\":\"https:\\\/\\\/www.retedeldono.it\\\/magazine\\\/#\\\/schema\\\/person\\\/c6beeb7b05f412d2823480967d76ad54\",\"name\":\"Valeria Vitali\",\"image\":{\"@type\":\"ImageObject\",\"inLanguage\":\"it-IT\",\"@id\":\"https:\\\/\\\/secure.gravatar.com\\\/avatar\\\/ed06510965ea97eb2f14540fc0327ce5bf65b10d085192ae3b38003a07ff151a?s=96&d=mm&r=g\",\"url\":\"https:\\\/\\\/secure.gravatar.com\\\/avatar\\\/ed06510965ea97eb2f14540fc0327ce5bf65b10d085192ae3b38003a07ff151a?s=96&d=mm&r=g\",\"contentUrl\":\"https:\\\/\\\/secure.gravatar.com\\\/avatar\\\/ed06510965ea97eb2f14540fc0327ce5bf65b10d085192ae3b38003a07ff151a?s=96&d=mm&r=g\",\"caption\":\"Valeria Vitali\"},\"description\":\"Dopo una laurea in Scienze Politiche presso Universit\u00e0 degli studi di Pavia e un Master in Cooperazione e Sviluppo a Barcellona, ha iniziato il suo percorso professionale in Italia, occupandosi di comunicazione, per poi allargare i suoi orizzonti all\u2019estero. \u00c8 proprio qui che nasce l\u2019idea di Rete del Dono, l\u2019idea di diffondere in Italia una rivoluzione culturale che avvicini le persone al dono, inteso come gesto di impegno civile. L\u2019innovazione digitale ha fatto la sua parte, facilitando e dando maggior concretezza a questo progetto costruito insieme ad Anna Siccardi.\",\"url\":\"https:\\\/\\\/www.retedeldono.it\\\/magazine\\\/author\\\/valeria-vitali\\\/\"}]}<\/script>\n<!-- \/ Yoast SEO plugin. -->","yoast_head_json":{"title":"Chiedere di donare. Come superare la paura?","description":"La principale difficolt\u00e0 per chiunque faccia una raccolta fondi \u00e8 quella di chiedere di donare. E allora come superare questa nostra paura?","robots":{"index":"index","follow":"follow","max-snippet":"max-snippet:-1","max-image-preview":"max-image-preview:large","max-video-preview":"max-video-preview:-1"},"canonical":"https:\/\/www.retedeldono.it\/magazine\/chiedere-donare-superare-paura\/","og_locale":"it_IT","og_type":"article","og_title":"Chiedere di donare. Come superare la paura?","og_description":"La principale difficolt\u00e0 per chiunque faccia una raccolta fondi \u00e8 quella di chiedere di donare. E allora come superare questa nostra paura?","og_url":"https:\/\/www.retedeldono.it\/magazine\/chiedere-donare-superare-paura\/","og_site_name":"Rete del Dono Magazine","article_publisher":"https:\/\/www.facebook.com\/retedeldono\/","article_published_time":"2022-04-29T13:54:50+00:00","article_modified_time":"2022-07-21T13:26:08+00:00","author":"Valeria Vitali","twitter_card":"summary_large_image","twitter_misc":{"Scritto da":"Valeria Vitali","Tempo di lettura stimato":"3 minuti"},"schema":{"@context":"https:\/\/schema.org","@graph":[{"@type":"Article","@id":"https:\/\/www.retedeldono.it\/magazine\/chiedere-donare-superare-paura\/#article","isPartOf":{"@id":"https:\/\/www.retedeldono.it\/magazine\/chiedere-donare-superare-paura\/"},"author":{"name":"Valeria Vitali","@id":"https:\/\/www.retedeldono.it\/magazine\/#\/schema\/person\/c6beeb7b05f412d2823480967d76ad54"},"headline":"Chiedere di donare. Come superare la paura?","datePublished":"2022-04-29T13:54:50+00:00","dateModified":"2022-07-21T13:26:08+00:00","mainEntityOfPage":{"@id":"https:\/\/www.retedeldono.it\/magazine\/chiedere-donare-superare-paura\/"},"wordCount":449,"commentCount":0,"image":{"@id":"https:\/\/www.retedeldono.it\/magazine\/chiedere-donare-superare-paura\/#primaryimage"},"thumbnailUrl":"https:\/\/magazine.retedeldono.it\/wp-content\/uploads\/2022\/04\/rete-del-dono-personal-fundraising-hub.png","articleSection":["Community"],"inLanguage":"it-IT","potentialAction":[{"@type":"CommentAction","name":"Comment","target":["https:\/\/www.retedeldono.it\/magazine\/chiedere-donare-superare-paura\/#respond"]}]},{"@type":"WebPage","@id":"https:\/\/www.retedeldono.it\/magazine\/chiedere-donare-superare-paura\/","url":"https:\/\/www.retedeldono.it\/magazine\/chiedere-donare-superare-paura\/","name":"Chiedere di donare. Come superare la paura?","isPartOf":{"@id":"https:\/\/www.retedeldono.it\/magazine\/#website"},"primaryImageOfPage":{"@id":"https:\/\/www.retedeldono.it\/magazine\/chiedere-donare-superare-paura\/#primaryimage"},"image":{"@id":"https:\/\/www.retedeldono.it\/magazine\/chiedere-donare-superare-paura\/#primaryimage"},"thumbnailUrl":"https:\/\/magazine.retedeldono.it\/wp-content\/uploads\/2022\/04\/rete-del-dono-personal-fundraising-hub.png","datePublished":"2022-04-29T13:54:50+00:00","dateModified":"2022-07-21T13:26:08+00:00","author":{"@id":"https:\/\/www.retedeldono.it\/magazine\/#\/schema\/person\/c6beeb7b05f412d2823480967d76ad54"},"description":"La principale difficolt\u00e0 per chiunque faccia una raccolta fondi \u00e8 quella di chiedere di donare. E allora come superare questa nostra paura?","breadcrumb":{"@id":"https:\/\/www.retedeldono.it\/magazine\/chiedere-donare-superare-paura\/#breadcrumb"},"inLanguage":"it-IT","potentialAction":[{"@type":"ReadAction","target":["https:\/\/www.retedeldono.it\/magazine\/chiedere-donare-superare-paura\/"]}]},{"@type":"ImageObject","inLanguage":"it-IT","@id":"https:\/\/www.retedeldono.it\/magazine\/chiedere-donare-superare-paura\/#primaryimage","url":"https:\/\/magazine.retedeldono.it\/wp-content\/uploads\/2022\/04\/rete-del-dono-personal-fundraising-hub.png","contentUrl":"https:\/\/magazine.retedeldono.it\/wp-content\/uploads\/2022\/04\/rete-del-dono-personal-fundraising-hub.png","width":1000,"height":700,"caption":"rete-del-dono-personal-fundraising-hub"},{"@type":"BreadcrumbList","@id":"https:\/\/www.retedeldono.it\/magazine\/chiedere-donare-superare-paura\/#breadcrumb","itemListElement":[{"@type":"ListItem","position":1,"name":"Home","item":"https:\/\/www.retedeldono.it\/magazine\/"},{"@type":"ListItem","position":2,"name":"Chiedere di donare. Come superare la paura?"}]},{"@type":"WebSite","@id":"https:\/\/www.retedeldono.it\/magazine\/#website","url":"https:\/\/www.retedeldono.it\/magazine\/","name":"Rete del Dono Magazine","description":"Rete del Dono Magazine","potentialAction":[{"@type":"SearchAction","target":{"@type":"EntryPoint","urlTemplate":"https:\/\/www.retedeldono.it\/magazine\/?s={search_term_string}"},"query-input":{"@type":"PropertyValueSpecification","valueRequired":true,"valueName":"search_term_string"}}],"inLanguage":"it-IT"},{"@type":"Person","@id":"https:\/\/www.retedeldono.it\/magazine\/#\/schema\/person\/c6beeb7b05f412d2823480967d76ad54","name":"Valeria Vitali","image":{"@type":"ImageObject","inLanguage":"it-IT","@id":"https:\/\/secure.gravatar.com\/avatar\/ed06510965ea97eb2f14540fc0327ce5bf65b10d085192ae3b38003a07ff151a?s=96&d=mm&r=g","url":"https:\/\/secure.gravatar.com\/avatar\/ed06510965ea97eb2f14540fc0327ce5bf65b10d085192ae3b38003a07ff151a?s=96&d=mm&r=g","contentUrl":"https:\/\/secure.gravatar.com\/avatar\/ed06510965ea97eb2f14540fc0327ce5bf65b10d085192ae3b38003a07ff151a?s=96&d=mm&r=g","caption":"Valeria Vitali"},"description":"Dopo una laurea in Scienze Politiche presso Universit\u00e0 degli studi di Pavia e un Master in Cooperazione e Sviluppo a Barcellona, ha iniziato il suo percorso professionale in Italia, occupandosi di comunicazione, per poi allargare i suoi orizzonti all\u2019estero. \u00c8 proprio qui che nasce l\u2019idea di Rete del Dono, l\u2019idea di diffondere in Italia una rivoluzione culturale che avvicini le persone al dono, inteso come gesto di impegno civile. L\u2019innovazione digitale ha fatto la sua parte, facilitando e dando maggior concretezza a questo progetto costruito insieme ad Anna Siccardi.","url":"https:\/\/www.retedeldono.it\/magazine\/author\/valeria-vitali\/"}]}},"_links":{"self":[{"href":"https:\/\/www.retedeldono.it\/magazine\/wp-json\/wp\/v2\/posts\/935","targetHints":{"allow":["GET"]}}],"collection":[{"href":"https:\/\/www.retedeldono.it\/magazine\/wp-json\/wp\/v2\/posts"}],"about":[{"href":"https:\/\/www.retedeldono.it\/magazine\/wp-json\/wp\/v2\/types\/post"}],"author":[{"embeddable":true,"href":"https:\/\/www.retedeldono.it\/magazine\/wp-json\/wp\/v2\/users\/6"}],"replies":[{"embeddable":true,"href":"https:\/\/www.retedeldono.it\/magazine\/wp-json\/wp\/v2\/comments?post=935"}],"version-history":[{"count":0,"href":"https:\/\/www.retedeldono.it\/magazine\/wp-json\/wp\/v2\/posts\/935\/revisions"}],"wp:featuredmedia":[{"embeddable":true,"href":"https:\/\/www.retedeldono.it\/magazine\/wp-json\/wp\/v2\/media\/964"}],"wp:attachment":[{"href":"https:\/\/www.retedeldono.it\/magazine\/wp-json\/wp\/v2\/media?parent=935"}],"wp:term":[{"taxonomy":"category","embeddable":true,"href":"https:\/\/www.retedeldono.it\/magazine\/wp-json\/wp\/v2\/categories?post=935"},{"taxonomy":"post_tag","embeddable":true,"href":"https:\/\/www.retedeldono.it\/magazine\/wp-json\/wp\/v2\/tags?post=935"}],"curies":[{"name":"wp","href":"https:\/\/api.w.org\/{rel}","templated":true}]}}